{"id":10532,"date":"2021-01-15T21:05:27","date_gmt":"2021-01-15T20:05:27","guid":{"rendered":"https:\/\/serveiseducatius.xtec.cat\/segria\/?p=10532"},"modified":"2021-01-15T22:21:44","modified_gmt":"2021-01-15T21:21:44","slug":"pfz-inscripcio-a-les-activitats-de-formacio-2n-torn-2020-21","status":"publish","type":"post","link":"https:\/\/serveiseducatius.xtec.cat\/segria\/portada\/pfz-inscripcio-a-les-activitats-de-formacio-2n-torn-2020-21\/","title":{"rendered":"Inscripci\u00f3 a les activitats del PFZ de 2n torn"},"content":{"rendered":"<ul>\n<li>La inscripci\u00f3 a les activitats del Pla de Formaci\u00f3 de Zona del 2n torn<strong> es realitzar\u00e0 del 8 al 19 de gener. <\/strong>La sol\u00b7licitud d\u2019una pla\u00e7a significa acceptar les condicions d\u2019inscripci\u00f3 i tot all\u00f2 que consta a la descripci\u00f3 de l\u2019activitat en refer\u00e8ncia a dates, horaris, objectius, continguts, persones destinat\u00e0ries i requisits d\u2019acreditaci\u00f3.<\/li>\n<li><strong>Consulta d&#8217;assignacions, a partir del dissabte, 30 de gener de 2021<\/strong><\/li>\n<\/ul>\n<table style=\"height: 617px; width: 851px;\">\n<tbody>\n<tr style=\"height: 50px;\">\n<td style=\"vertical-align: top; width: 97.1667px; height: 50px;\">6090161609<\/td>\n<td style=\"width: 603.9px; height: 50px;\"><strong><span style=\"color: #000000;\">Pedagogia d\u2019arrel: m\u00e9s eines per treballar en temps de canvis<\/span><\/strong><\/p>\n<p>Cicle de confer\u00e8ncies. Del dilluns 15\/2\/2021 al 18\/3\/2021 de 17:30h a 19:00h<\/td>\n<td style=\"width: 140.1px; height: 50px; text-align: center;\"><a href=\"https:\/\/aplicacions.gestioeducativa.gencat.cat\/pls\/soloas\/pk_for_mod_ins.p_for_exhaustiu_activitat?p_header=Detall%20d%27activitat^pk_for_mod_ins.p_for_detall_activitat?p_codi=6090161609%26p_curs=2020-2021%26p_es_inscr=S&amp;p_codi=6090161609&amp;p_curs=2020-2021&amp;p_es_inscr=S\" target=\"_blank\" rel=\"noopener noreferrer\">+Informaci\u00f3<\/a> <a href=\"https:\/\/aplicacions.gestioeducativa.gencat.cat\/pls\/soloas\/pk_for_mod_ins.p_for_pre_cons_activitats?p_any=2020-2021&amp;p_codi=6090161609&amp;p_totes=S\" target=\"_blank\" rel=\"noopener noreferrer\"><strong>Inscripci\u00f3<\/strong><\/a><\/td>\n<\/tr>\n<tr style=\"height: 46px;\">\n<td style=\"vertical-align: top; width: 97.1667px; height: 46px;\">6090181609<\/td>\n<td style=\"vertical-align: top; width: 603.9px; height: 46px;\"><b>La ci\u00e8ncia a l&#8217;aula: entre l&#8217;experimentaci\u00f3 i la conversa<\/b><\/p>\n<p>Taller. Del dimecres 17\/2\/2021 al 24\/2\/2021 de 17:30h a 19:00h<\/td>\n<td style=\"vertical-align: top; width: 140.1px; height: 46px; text-align: center;\"><a href=\"https:\/\/aplicacions.gestioeducativa.gencat.cat\/pls\/soloas\/pk_for_mod_ins.p_for_exhaustiu_activitat?p_header=Detall%20d%27activitat^pk_for_mod_ins.p_for_detall_activitat?p_codi=6090181609%26p_curs=2020-2021%26p_es_inscr=S&amp;p_codi=6090181609&amp;p_curs=2020-2021&amp;p_es_inscr=S\" target=\"_blank\" rel=\"noopener noreferrer\">+Informaci\u00f3<\/a> <a href=\"https:\/\/aplicacions.gestioeducativa.gencat.cat\/pls\/soloas\/pk_for_mod_ins.p_for_pre_cons_activitats?p_any=2020-2021&amp;p_codi=6090181609&amp;p_totes=S\" target=\"_blank\" rel=\"noopener noreferrer\"><strong>Inscripci\u00f3<\/strong><\/a><\/td>\n<\/tr>\n<tr style=\"height: 46px;\">\n<td style=\"vertical-align: top; width: 97.1667px; height: 46px;\">6090191609<\/td>\n<td style=\"vertical-align: top; width: 603.9px; height: 46px;\"><b>Presentaci\u00f3 del projecte de lectura \u201cambDdeDona-coeDuca&#8217;t\u201d<\/b><\/p>\n<p>Confer\u00e8ncia. Del 9\/2\/2021 al 9\/2\/2021 de 18:00h a 19:30h<\/td>\n<td style=\"vertical-align: top; width: 140.1px; height: 46px; text-align: center;\"><a href=\"https:\/\/aplicacions.gestioeducativa.gencat.cat\/pls\/soloas\/pk_for_mod_ins.p_for_exhaustiu_activitat?p_header=Detall%20d%27activitat^pk_for_mod_ins.p_for_detall_activitat?p_codi=6090191609%26p_curs=2020-2021%26p_es_inscr=S&amp;p_codi=6090191609&amp;p_curs=2020-2021&amp;p_es_inscr=S\" target=\"_blank\" rel=\"noopener noreferrer\">+Informaci\u00f3<\/a> <span style=\"color: #000000;\"><strong><a href=\"https:\/\/aplicacions.gestioeducativa.gencat.cat\/pls\/soloas\/pk_for_mod_ins.p_for_pre_cons_activitats?p_any=2020-2021&amp;p_codi=6090191609&amp;p_totes=S\" target=\"_blank\" rel=\"noopener noreferrer\"><strong>Inscripci\u00f3<\/strong><\/a><\/strong><\/span><\/td>\n<\/tr>\n<tr style=\"height: 31px;\">\n<td style=\"vertical-align: top; width: 97.1667px; height: 31px;\">6090201609<\/td>\n<td style=\"vertical-align: top; width: 603.9px; height: 31px;\"><span style=\"color: #000000;\"><strong>Inverser ou renverser ses classes de FLE: un peu, beaucoup, a la folie,<\/strong><\/span><\/p>\n<p>Taller. Del dimecres 10\/3\/2021 al 17\/3\/2021 de 17:00h a 19:00h<\/td>\n<td style=\"vertical-align: top; width: 140.1px; height: 31px; text-align: center;\"><a href=\"https:\/\/aplicacions.gestioeducativa.gencat.cat\/pls\/soloas\/pk_for_mod_ins.p_for_exhaustiu_activitat?p_header=Detall%20d%27activitat^pk_for_mod_ins.p_for_detall_activitat?p_codi=6090201609%26p_curs=2020-2021%26p_es_inscr=S&amp;p_codi=6090201609&amp;p_curs=2020-2021&amp;p_es_inscr=S\" target=\"_blank\" rel=\"noopener noreferrer\">+Informaci\u00f3 <\/a><strong><a href=\"https:\/\/aplicacions.gestioeducativa.gencat.cat\/pls\/soloas\/pk_for_mod_ins.p_for_pre_cons_activitats?p_any=2020-2021&amp;p_codi=6090201609&amp;p_totes=S\" target=\"_blank\" rel=\"noopener noreferrer\"><strong>Inscripci\u00f3<\/strong><\/a><\/strong><\/td>\n<\/tr>\n<tr style=\"height: 31px;\">\n<td style=\"vertical-align: top; width: 97.1667px; height: 31px;\">6090211609<\/td>\n<td style=\"vertical-align: top; width: 603.9px; height: 31px;\"><strong>Neus Catal\u00e0, referent de mem\u00f2ria hist\u00f2rica (II)<\/strong><\/p>\n<p>Taller. Del dijous 25\/3\/2021 al 25\/3\/2021 de 17:30h a 17:30h<\/td>\n<td style=\"vertical-align: top; width: 140.1px; height: 31px; text-align: center;\"><a href=\"https:\/\/aplicacions.gestioeducativa.gencat.cat\/pls\/soloas\/pk_for_mod_ins.p_for_exhaustiu_activitat?p_header=Detall%20d%27activitat^pk_for_mod_ins.p_for_detall_activitat?p_codi=6090211609%26p_curs=2020-2021%26p_es_inscr=S&amp;p_codi=6090211609&amp;p_curs=2020-2021&amp;p_es_inscr=S\" target=\"_blank\" rel=\"noopener noreferrer\">+Informaci\u00f3 <\/a><a href=\"https:\/\/aplicacions.gestioeducativa.gencat.cat\/pls\/soloas\/pk_for_mod_ins.p_for_pre_cons_activitats?p_any=2020-2021&amp;p_codi=6090211609&amp;p_totes=S\" target=\"_blank\" rel=\"noopener noreferrer\"><strong>Inscripci\u00f3<\/strong><\/a><\/td>\n<\/tr>\n<tr style=\"height: 46px;\">\n<td style=\"vertical-align: top; width: 97.1667px; height: 46px;\">6091001609<\/td>\n<td style=\"vertical-align: top; width: 603.9px; height: 46px;\"><strong>P\u00edndoles digitals per la millora de la pr\u00e0ctica educativa<\/strong><\/p>\n<p>Taller. Del dilluns 22\/02\/2021 al 31\/05\/2021 de 17:30h a 19:00h<\/td>\n<td style=\"vertical-align: top; width: 140.1px; height: 46px; text-align: center;\"><a href=\"https:\/\/aplicacions.gestioeducativa.gencat.cat\/pls\/soloas\/pk_for_mod_ins.p_for_exhaustiu_activitat?p_header=Selecci%F3^pk_for_mod_ins.p_for_form_cons_act?p_excloure_crp_rec=T*Detall%20d%27activitat^pk_for_mod_ins.p_for_detall_activitat?p_codi=6091001609%26p_curs=2020-2021%26p_es_inscr=S&amp;p_codi=6091001609&amp;p_curs=2020-2021&amp;p_es_inscr=S\" target=\"_blank\" rel=\"noopener noreferrer\">+Informaci\u00f3 <\/a><a href=\"https:\/\/aplicacions.gestioeducativa.gencat.cat\/pls\/soloas\/pk_for_mod_ins.p_for_detall_activitat?p_header=Selecci%F3^pk_for_mod_ins.p_for_form_cons_act?p_excloure_crp_rec=T&amp;p_codi=6091001609&amp;p_curs=2020-2021&amp;p_es_inscr=S\" target=\"_blank\" rel=\"noopener noreferrer\"><strong>Inscripci\u00f3<\/strong><\/a><\/td>\n<\/tr>\n<tr style=\"height: 46px;\">\n<td style=\"vertical-align: top; width: 97.1667px; height: 46px;\">6091501609<\/td>\n<td style=\"vertical-align: top; width: 603.9px; height: 46px;\"><strong><span style=\"color: #000000;\"><b>Projecte Encaixa\u2019t<\/b><\/span><\/strong><\/p>\n<p>Taller. Del 19\/1\/2021 al 4\/2\/2021 de 12:30h a 20:00h<\/td>\n<td style=\"vertical-align: top; width: 140.1px; height: 46px; text-align: center;\"><a href=\"https:\/\/aplicacions.gestioeducativa.gencat.cat\/pls\/soloas\/pk_for_mod_ins.p_for_exhaustiu_activitat?p_header=Detall%20d%27activitat^pk_for_mod_ins.p_for_detall_activitat?p_codi=6091501609%26p_curs=2020-2021%26p_es_inscr=S&amp;p_codi=6091501609&amp;p_curs=2020-2021&amp;p_es_inscr=S\" target=\"_blank\" rel=\"noopener noreferrer\">+Informaci\u00f3<\/a><span style=\"color: #000000;\"><a href=\"https:\/\/aplicacions.gestioeducativa.gencat.cat\/pls\/soloas\/pk_for_mod_ins.p_for_pre_cons_activitats?p_any=2020-2021&amp;p_codi=6091501609&amp;p_totes=S\" target=\"_blank\" rel=\"noopener noreferrer\"><strong> Inscripci\u00f3<\/strong><\/a><\/span><\/td>\n<\/tr>\n<tr style=\"height: 46px;\">\n<td style=\"vertical-align: top; width: 97.1667px; height: 46px;\">6094121609<\/td>\n<td style=\"vertical-align: top; width: 603.9px; height: 46px;\"><strong>Transformaci\u00f3 art\u00edstica en espais<\/strong><\/p>\n<p>Grup de treball. Del dijous 04\/02\/2021 al 30\/6\/2021 de 17:00h a 19:00h<\/td>\n<td style=\"vertical-align: top; width: 140.1px; height: 46px; text-align: center;\"><a href=\"https:\/\/aplicacions.gestioeducativa.gencat.cat\/pls\/soloas\/pk_for_mod_ins.p_for_exhaustiu_activitat?p_header=Detall%20d%27activitat^pk_for_mod_ins.p_for_detall_activitat?p_codi=6094121609%26p_curs=2020-2021%26p_es_inscr=S&amp;p_codi=6094121609&amp;p_curs=2020-2021&amp;p_es_inscr=S\" target=\"_blank\" rel=\"noopener noreferrer\">+Informaci\u00f3 <\/a><a href=\"https:\/\/aplicacions.gestioeducativa.gencat.cat\/pls\/soloas\/pk_for_mod_ins.p_for_pre_cons_activitats?p_any=2020-2021&amp;p_codi=6094121609&amp;p_totes=S\" target=\"_blank\" rel=\"noopener noreferrer\"><strong>Inscripci\u00f3<\/strong><\/a><\/td>\n<\/tr>\n<tr style=\"height: 64px;\">\n<td style=\"vertical-align: top; width: 97.1667px; height: 64px;\">6099060555<\/td>\n<td style=\"width: 603.9px; height: 64px;\"><strong>Escriptura creativa (prim\u00e0ria)<\/strong><\/p>\n<p>Assessorament. CRP del Segri\u00e0 (Lleida). Del dilluns 15\/2\/2021 al 30\/6\/2021 de 17h a 19h<\/td>\n<td style=\"vertical-align: top; width: 140.1px; text-align: center; height: 64px;\"><a href=\"https:\/\/aplicacions.gestioeducativa.gencat.cat\/pls\/soloas\/pk_for_mod_ins.p_for_exhaustiu_activitat?p_header=Selecci%F3^pk_for_mod_ins.p_for_form_cons_act?p_excloure_crp_rec=T*Detall%20d%27activitat^pk_for_mod_ins.p_for_detall_activitat?p_codi=6099060555%26p_curs=2020-2021%26p_es_inscr=S&amp;p_codi=6099060555&amp;p_curs=2020-2021&amp;p_es_inscr=S\" target=\"_blank\" rel=\"noopener noreferrer\">+Informaci\u00f3<\/a> <a href=\"https:\/\/aplicacions.gestioeducativa.gencat.cat\/pls\/soloas\/pk_for_mod_ins.p_for_detall_activitat?p_header=Selecci%F3^pk_for_mod_ins.p_for_form_cons_act?p_excloure_crp_rec=T&amp;p_codi=6099060555&amp;p_curs=2020-2021&amp;p_es_inscr=S\" target=\"_blank\" rel=\"noopener noreferrer\"><strong>Inscripci\u00f3<\/strong><\/a><\/td>\n<\/tr>\n<tr style=\"height: 64px;\">\n<td style=\"vertical-align: top; width: 97.1667px; height: 64px;\">6099130555<\/td>\n<td style=\"width: 603.9px; height: 64px;\"><strong>Escriptura creativa (prim\u00e0ria)<\/strong><\/p>\n<p>Assessorament.CRP del Segri\u00e0 (Lleida). Del dilluns 15\/2\/2021 al 30\/6\/2021 de 17h a 19h<\/td>\n<td style=\"vertical-align: top; width: 140.1px; text-align: center; height: 64px;\"><a href=\"https:\/\/aplicacions.gestioeducativa.gencat.cat\/pls\/soloas\/pk_for_mod_ins.p_for_exhaustiu_activitat?p_header=Selecci%F3^pk_for_mod_ins.p_for_form_cons_act?p_excloure_crp_rec=T*Detall%20d%27activitat^pk_for_mod_ins.p_for_detall_activitat?p_codi=6099130555%26p_curs=2020-2021%26p_es_inscr=S&amp;p_codi=6099130555&amp;p_curs=2020-2021&amp;p_es_inscr=S\" target=\"_blank\" rel=\"noopener noreferrer\">+Informaci\u00f3<\/a> <a href=\"https:\/\/aplicacions.gestioeducativa.gencat.cat\/pls\/soloas\/pk_for_mod_ins.p_for_detall_activitat?p_header=Selecci%F3^pk_for_mod_ins.p_for_form_cons_act?p_excloure_crp_rec=T&amp;p_codi=6099130555&amp;p_curs=2020-2021&amp;p_es_inscr=S\" target=\"_blank\" rel=\"noopener noreferrer\"><strong>Inscripci\u00f3<\/strong><\/a><\/td>\n<\/tr>\n<tr style=\"height: 49px;\">\n<td style=\"vertical-align: top; width: 97.1667px; height: 49px;\">6099190555<\/td>\n<td style=\"width: 603.9px; height: 49px;\"><strong>Llegir per escriure<\/strong><\/p>\n<p>Seminari. CRP del Segri\u00e0 (Lleida). Del divendres 15\/1\/2021 al 30\/6\/2021 de 17h a 19h<\/td>\n<td style=\"vertical-align: top; width: 140.1px; text-align: center; height: 49px;\"><a href=\"https:\/\/aplicacions.gestioeducativa.gencat.cat\/pls\/soloas\/pk_for_mod_ins.p_for_exhaustiu_activitat?p_header=Selecci%F3^pk_for_mod_ins.p_for_form_cons_act?p_excloure_crp_rec=T*Detall%20d%27activitat^pk_for_mod_ins.p_for_detall_activitat?p_codi=6099190555%26p_curs=2020-2021%26p_es_inscr=S&amp;p_codi=6099190555&amp;p_curs=2020-2021&amp;p_es_inscr=S\" target=\"_blank\" rel=\"noopener noreferrer\">+Informaci\u00f3<\/a> <a href=\"https:\/\/aplicacions.gestioeducativa.gencat.cat\/pls\/soloas\/pk_for_mod_ins.p_for_detall_activitat?p_header=Selecci%F3^pk_for_mod_ins.p_for_form_cons_act?p_excloure_crp_rec=T&amp;p_codi=6099190555&amp;p_curs=2020-2021&amp;p_es_inscr=S\" target=\"_blank\" rel=\"noopener noreferrer\"><strong>Inscripci\u00f3<\/strong><\/a><\/td>\n<\/tr>\n<tr style=\"height: 49px;\">\n<td style=\"vertical-align: top; width: 97.1667px; height: 49px;\">6099200555<\/td>\n<td style=\"width: 603.9px; height: 49px;\"><strong>Escriptura creativa (ESO)<\/strong><\/p>\n<p>Seminari. CRP del Segri\u00e0 (Lleida). Del dilluns 8\/2\/2021 al 28\/6\/2021 de 17h a 19h<\/td>\n<td style=\"vertical-align: top; width: 140.1px; text-align: center; height: 49px;\"><a href=\"https:\/\/aplicacions.gestioeducativa.gencat.cat\/pls\/soloas\/pk_for_mod_ins.p_for_exhaustiu_activitat?p_header=Selecci%F3^pk_for_mod_ins.p_for_form_cons_act?p_excloure_crp_rec=T*Detall%20d%27activitat^pk_for_mod_ins.p_for_detall_activitat?p_codi=6099200555%26p_curs=2020-2021%26p_es_inscr=S&amp;p_codi=6099200555&amp;p_curs=2020-2021&amp;p_es_inscr=S\" target=\"_blank\" rel=\"noopener noreferrer\">+Informaci\u00f3<\/a> <a href=\"https:\/\/aplicacions.gestioeducativa.gencat.cat\/pls\/soloas\/pk_for_mod_ins.p_for_detall_activitat?p_header=Selecci%F3^pk_for_mod_ins.p_for_form_cons_act?p_excloure_crp_rec=T&amp;p_codi=6099200555&amp;p_curs=2020-2021&amp;p_es_inscr=S\" target=\"_blank\" rel=\"noopener noreferrer\"><strong>Inscripci\u00f3<\/strong><\/a><\/td>\n<\/tr>\n<tr style=\"height: 49px;\">\n<td style=\"vertical-align: top; width: 97.1667px; height: 49px;\">6099230555<\/td>\n<td style=\"width: 603.9px; height: 49px;\"><strong>Activitats pr\u00e0ctiques d&#8217;expressi\u00f3 escrita (EI-CI)<\/strong><\/p>\n<p>Curs. VT Curs a dist\u00e0ncia (A dist\u00e0ncia). Del dimarts 12\/1\/2021 al 25\/5\/2021 de 17h a 19h<\/td>\n<td style=\"vertical-align: top; width: 140.1px; text-align: center; height: 49px;\"><a href=\"https:\/\/aplicacions.gestioeducativa.gencat.cat\/pls\/soloas\/pk_for_mod_ins.p_for_exhaustiu_activitat?p_header=Selecci%F3^pk_for_mod_ins.p_for_form_cons_act?p_excloure_crp_rec=T*Detall%20d%27activitat^pk_for_mod_ins.p_for_detall_activitat?p_codi=6099230555%26p_curs=2020-2021%26p_es_inscr=S&amp;p_codi=6099230555&amp;p_curs=2020-2021&amp;p_es_inscr=S\" target=\"_blank\" rel=\"noopener noreferrer\">+Informaci\u00f3<\/a> <a href=\"https:\/\/aplicacions.gestioeducativa.gencat.cat\/pls\/soloas\/pk_for_mod_ins.p_for_detall_activitat?p_header=Selecci%F3^pk_for_mod_ins.p_for_form_cons_act?p_excloure_crp_rec=T&amp;p_codi=6099230555&amp;p_curs=2020-2021&amp;p_es_inscr=S\" target=\"_blank\" rel=\"noopener noreferrer\"><strong>Inscripci\u00f3<\/strong><\/a><\/td>\n<\/tr>\n<\/tbody>\n<\/table>\n<p>La realitat actual que obliga a fer les activitats de formaci\u00f3 en format virtual permet que puguem compartir activitats organitzades des d&#8217;altres Serveis Educatius del nostre territori<\/p>\n<table style=\"width: 873px; height: 402px;\">\n<tbody>\n<tr>\n<td style=\"width: 97.6px; text-align: left; vertical-align: top;\">6004120506<\/td>\n<td style=\"width: 498.4px; text-align: left; vertical-align: top;\" scope=\"row\"><strong><span class=\"TextRun SCXW145737956 BCX0\" lang=\"ES-ES\" xml:lang=\"ES-ES\" data-contrast=\"auto\"><span class=\"NormalTextRun SCXW145737956 BCX0\">La\u00a0<\/span><\/span><span class=\"TextRun SCXW145737956 BCX0\" lang=\"ES-ES\" xml:lang=\"ES-ES\" data-contrast=\"auto\"><span class=\"SpellingError SCXW145737956 BCX0\">veu<\/span><\/span><span class=\"TextRun SCXW145737956 BCX0\" lang=\"ES-ES\" xml:lang=\"ES-ES\" data-contrast=\"auto\"><span class=\"NormalTextRun SCXW145737956 BCX0\">, la\u00a0<\/span><\/span><span class=\"TextRun SCXW145737956 BCX0\" lang=\"ES-ES\" xml:lang=\"ES-ES\" data-contrast=\"auto\"><span class=\"SpellingError SCXW145737956 BCX0\">nostra<\/span><\/span><span class=\"TextRun SCXW145737956 BCX0\" lang=\"ES-ES\" xml:lang=\"ES-ES\" data-contrast=\"auto\"><span class=\"NormalTextRun SCXW145737956 BCX0\">\u00a0<\/span><\/span><span class=\"TextRun SCXW145737956 BCX0\" lang=\"ES-ES\" xml:lang=\"ES-ES\" data-contrast=\"auto\"><span class=\"SpellingError SCXW145737956 BCX0\">eina<\/span><\/span><span class=\"TextRun SCXW145737956 BCX0\" lang=\"ES-ES\" xml:lang=\"ES-ES\" data-contrast=\"auto\"><span class=\"NormalTextRun SCXW145737956 BCX0\">\u00a0de\u00a0<\/span><\/span><span class=\"TextRun SCXW145737956 BCX0\" lang=\"ES-ES\" xml:lang=\"ES-ES\" data-contrast=\"auto\"><span class=\"SpellingError SCXW145737956 BCX0\">treball<\/span><\/span><\/strong><\/p>\n<p>Taller. 22\/2\/2021 al 1\/3\/2021 de 17:30h a 19:30h<\/td>\n<td style=\"width: 136px;\">Serveis Territorials<\/td>\n<td style=\"width: 131.2px; text-align: center;\" scope=\"col\">\n<p style=\"text-align: center;\"><a href=\"https:\/\/aplicacions.gestioeducativa.gencat.cat\/pls\/soloas\/pk_for_mod_ins.p_for_exhaustiu_activitat?p_header=Detall%20d%27activitat^pk_for_mod_ins.p_for_detall_activitat?p_codi=6094121609%26p_curs=2020-2021%26p_es_inscr=S&amp;p_codi=6004120506&amp;p_curs=2020-2021&amp;p_es_inscr=S\" target=\"_blank\" rel=\"noopener noreferrer\">+ informaci\u00f3<\/a><\/p>\n<p><a href=\"https:\/\/aplicacions.gestioeducativa.gencat.cat\/pls\/soloas\/pk_for_mod_ins.p_for_pre_cons_activitats?p_any=2020-2021&amp;p_codi=6004120506&amp;p_totes=S\" target=\"_blank\" rel=\"noopener noreferrer\">inscripci\u00f3<\/a><\/td>\n<\/tr>\n<tr>\n<td style=\"width: 97.6px; text-align: left; vertical-align: top;\">6001520506<\/td>\n<td style=\"width: 498.4px; text-align: left; vertical-align: top;\"><strong><span class=\"TextRun SCXW57524888 BCX0\" lang=\"ES-ES\" xml:lang=\"ES-ES\" data-contrast=\"auto\"><span class=\"NormalTextRun SCXW57524888 BCX0\">De\u00a0<\/span><\/span><span class=\"TextRun SCXW57524888 BCX0\" lang=\"ES-ES\" xml:lang=\"ES-ES\" data-contrast=\"auto\"><span class=\"SpellingError SCXW57524888 BCX0\">l&#8217;acci\u00f3<\/span><\/span><span class=\"TextRun SCXW57524888 BCX0\" lang=\"ES-ES\" xml:lang=\"ES-ES\" data-contrast=\"auto\"><span class=\"NormalTextRun SCXW57524888 BCX0\">\u00a0tutorial al\u00a0<\/span><\/span><span class=\"TextRun SCXW57524888 BCX0\" lang=\"ES-ES\" xml:lang=\"ES-ES\" data-contrast=\"auto\"><span class=\"SpellingError SCXW57524888 BCX0\">treball<\/span><\/span><span class=\"TextRun SCXW57524888 BCX0\" lang=\"ES-ES\" xml:lang=\"ES-ES\" data-contrast=\"auto\"><span class=\"NormalTextRun SCXW57524888 BCX0\">\u00a0<\/span><\/span><span class=\"TextRun SCXW57524888 BCX0\" lang=\"ES-ES\" xml:lang=\"ES-ES\" data-contrast=\"auto\"><span class=\"SpellingError SCXW57524888 BCX0\">cooperatiu<\/span><\/span><span class=\"EOP SCXW57524888 BCX0\" data-ccp-props=\"{}\">\u00a0<\/span><\/strong><\/p>\n<p>Taller. Del 3\/2\/2021 al 3\/3\/2021 de 17:30h a 19:30h<\/td>\n<td style=\"width: 136px;\">Serveis Territorials<\/td>\n<td style=\"width: 131.2px;\">\n<p style=\"text-align: center;\"><a href=\"https:\/\/aplicacions.gestioeducativa.gencat.cat\/pls\/soloas\/pk_for_mod_ins.p_for_exhaustiu_activitat?p_header=Detall%20d%27activitat^pk_for_mod_ins.p_for_detall_activitat?p_codi=6094121609%26p_curs=2020-2021%26p_es_inscr=S&amp;p_codi=6001520506&amp;p_curs=2020-2021&amp;p_es_inscr=S\" target=\"_blank\" rel=\"noopener noreferrer\">+ informaci\u00f3<\/a><\/p>\n<p style=\"text-align: center;\"><a href=\"https:\/\/aplicacions.gestioeducativa.gencat.cat\/pls\/soloas\/pk_for_mod_ins.p_for_pre_cons_activitats?p_any=2020-2021&amp;p_codi=6001520506&amp;p_totes=S\" target=\"_blank\" rel=\"noopener noreferrer\">inscripci\u00f3<\/a><\/p>\n<\/td>\n<\/tr>\n<tr>\n<td style=\"width: 97.6px; text-align: left; vertical-align: top;\">6001530506<\/td>\n<td style=\"width: 498.4px; text-align: left; vertical-align: top;\"><strong><span class=\"TextRun SCXW52349791 BCX0\" lang=\"ES-ES\" xml:lang=\"ES-ES\" data-contrast=\"auto\"><span class=\"NormalTextRun SCXW52349791 BCX0\">Les TAC\u00a0<\/span><\/span><span class=\"TextRun SCXW52349791 BCX0\" lang=\"ES-ES\" xml:lang=\"ES-ES\" data-contrast=\"auto\"><span class=\"SpellingError SCXW52349791 BCX0\">com<\/span><\/span><span class=\"TextRun SCXW52349791 BCX0\" lang=\"ES-ES\" xml:lang=\"ES-ES\" data-contrast=\"auto\"><span class=\"NormalTextRun SCXW52349791 BCX0\">\u00a0a\u00a0<\/span><\/span><span class=\"TextRun SCXW52349791 BCX0\" lang=\"ES-ES\" xml:lang=\"ES-ES\" data-contrast=\"auto\"><span class=\"SpellingError SCXW52349791 BCX0\">eines<\/span><\/span><span class=\"TextRun SCXW52349791 BCX0\" lang=\"ES-ES\" xml:lang=\"ES-ES\" data-contrast=\"auto\"><span class=\"NormalTextRun SCXW52349791 BCX0\">\u00a0<\/span><\/span><span class=\"TextRun SCXW52349791 BCX0\" lang=\"ES-ES\" xml:lang=\"ES-ES\" data-contrast=\"auto\"><span class=\"SpellingError SCXW52349791 BCX0\">catalitzadores<\/span><\/span><span class=\"TextRun SCXW52349791 BCX0\" lang=\"ES-ES\" xml:lang=\"ES-ES\" data-contrast=\"auto\"><span class=\"NormalTextRun SCXW52349791 BCX0\">\u00a0de\u00a0<\/span><\/span><span class=\"TextRun SCXW52349791 BCX0\" lang=\"ES-ES\" xml:lang=\"ES-ES\" data-contrast=\"auto\"><span class=\"SpellingError SCXW52349791 BCX0\">propostes<\/span><\/span><span class=\"TextRun SCXW52349791 BCX0\" lang=\"ES-ES\" xml:lang=\"ES-ES\" data-contrast=\"auto\"><span class=\"NormalTextRun SCXW52349791 BCX0\">\u00a0<\/span><\/span><span class=\"TextRun SCXW52349791 BCX0\" lang=\"ES-ES\" xml:lang=\"ES-ES\" data-contrast=\"auto\"><span class=\"SpellingError SCXW52349791 BCX0\">globalitzades<\/span><\/span><span class=\"TextRun SCXW52349791 BCX0\" lang=\"ES-ES\" xml:lang=\"ES-ES\" data-contrast=\"auto\"><span class=\"NormalTextRun SCXW52349791 BCX0\">\u00a0a\u00a0<\/span><\/span><span class=\"TextRun SCXW52349791 BCX0\" lang=\"ES-ES\" xml:lang=\"ES-ES\" data-contrast=\"auto\"><span class=\"SpellingError SCXW52349791 BCX0\">l&#8217;aula<\/span><\/span><span class=\"EOP SCXW52349791 BCX0\" data-ccp-props=\"{}\">\u00a0<\/span><\/strong><\/p>\n<p>Taller. Del 9\/2\/2021 al 9\/3\/2021 de17:30h a 19:30h<\/td>\n<td style=\"width: 136px;\">Serveis Territorials<\/td>\n<td style=\"width: 131.2px;\">\n<p style=\"text-align: center;\"><a href=\"https:\/\/aplicacions.gestioeducativa.gencat.cat\/pls\/soloas\/pk_for_mod_ins.p_for_exhaustiu_activitat?p_header=Detall%20d%27activitat^pk_for_mod_ins.p_for_detall_activitat?p_codi=6001530506%26p_curs=2020-2021%26p_es_inscr=S&amp;p_codi=6001530506&amp;p_curs=2020-2021&amp;p_es_inscr=S\" target=\"_blank\" rel=\"noopener noreferrer\">+ informaci\u00f3<\/a><\/p>\n<p style=\"text-align: center;\"><a href=\"https:\/\/aplicacions.gestioeducativa.gencat.cat\/pls\/soloas\/pk_for_mod_ins.p_for_pre_cons_activitats?p_any=2020-2021&amp;p_codi=6001530506&amp;p_totes=S\" target=\"_blank\" rel=\"noopener noreferrer\">inscripci\u00f3<\/a><\/p>\n<\/td>\n<\/tr>\n<tr>\n<td style=\"width: 97.6px; text-align: left; vertical-align: top;\">6140111614<\/td>\n<td style=\"width: 498.4px; text-align: left; vertical-align: top;\"><strong><span class=\"TextRun SCXW167019050 BCX0\" lang=\"ES-ES\" xml:lang=\"ES-ES\" data-contrast=\"auto\"><span class=\"NormalTextRun SCXW167019050 BCX0\">La\u00a0<\/span><\/span><span class=\"TextRun SCXW167019050 BCX0\" lang=\"ES-ES\" xml:lang=\"ES-ES\" data-contrast=\"auto\"><span class=\"SpellingError SCXW167019050 BCX0\">compet\u00e8ncia<\/span><\/span><span class=\"TextRun SCXW167019050 BCX0\" lang=\"ES-ES\" xml:lang=\"ES-ES\" data-contrast=\"auto\"><span class=\"NormalTextRun SCXW167019050 BCX0\">\u00a0cient\u00edfica a\u00a0<\/span><\/span><span class=\"TextRun SCXW167019050 BCX0\" lang=\"ES-ES\" xml:lang=\"ES-ES\" data-contrast=\"auto\"><span class=\"SpellingError SCXW167019050 BCX0\">l&#8217;aula<\/span><\/span><span class=\"EOP SCXW167019050 BCX0\" data-ccp-props=\"{}\">\u00a0<\/span><\/strong><\/p>\n<p>Taller. Del 20\/1\/2021 al 3\/2\/2021 de 17:30h a 19:30h<\/td>\n<td style=\"width: 136px;\"><span class=\"TextRun SCXW17038600 BCX0\" lang=\"ES-ES\" xml:lang=\"ES-ES\" data-contrast=\"auto\"><span class=\"NormalTextRun SCXW17038600 BCX0\">CRP <\/span><\/span><\/p>\n<p><span class=\"TextRun SCXW17038600 BCX0\" lang=\"ES-ES\" xml:lang=\"ES-ES\" data-contrast=\"auto\"><span class=\"NormalTextRun SCXW17038600 BCX0\">Alta <\/span><\/span><span class=\"TextRun SCXW17038600 BCX0\" lang=\"ES-ES\" xml:lang=\"ES-ES\" data-contrast=\"auto\"><span class=\"NormalTextRun SCXW17038600 BCX0\">Ribagor\u00e7a<\/span><\/span><\/p>\n<p><span class=\"TextRun SCXW17038600 BCX0\" lang=\"ES-ES\" xml:lang=\"ES-ES\" data-contrast=\"auto\"><span class=\"NormalTextRun SCXW17038600 BCX0\"> Val <\/span><\/span><span class=\"TextRun SCXW17038600 BCX0\" lang=\"ES-ES\" xml:lang=\"ES-ES\" data-contrast=\"auto\"><span class=\"SpellingError SCXW17038600 BCX0\">d\u2019Aran<\/span><\/span><span class=\"EOP SCXW17038600 BCX0\" data-ccp-props=\"{}\">\u00a0<\/span><\/td>\n<td style=\"width: 131.2px;\">\n<p style=\"text-align: center;\"><a href=\"https:\/\/aplicacions.gestioeducativa.gencat.cat\/pls\/soloas\/pk_for_mod_ins.p_for_exhaustiu_activitat?p_header=Detall%20d%27activitat^pk_for_mod_ins.p_for_detall_activitat?p_codi=6094121609%26p_curs=2020-2021%26p_es_inscr=S&amp;p_codi=6140111614&amp;p_curs=2020-2021&amp;p_es_inscr=S\" target=\"_blank\" rel=\"noopener noreferrer\">+ informaci\u00f3<\/a><\/p>\n<p style=\"text-align: center;\"><a href=\"https:\/\/aplicacions.gestioeducativa.gencat.cat\/pls\/soloas\/pk_for_mod_ins.p_for_pre_cons_activitats?p_any=2020-2021&amp;p_codi=6140111614&amp;p_totes=S\" target=\"_blank\" rel=\"noopener noreferrer\">inscripci\u00f3<\/a><\/p>\n<\/td>\n<\/tr>\n<tr>\n<td style=\"width: 97.6px; text-align: left; vertical-align: top;\">6150191615<\/td>\n<td style=\"width: 498.4px; text-align: left; vertical-align: top;\"><strong><span class=\"TextRun SCXW71864116 BCX0\" lang=\"ES-ES\" xml:lang=\"ES-ES\" data-contrast=\"none\"><span class=\"SpellingError SCXW71864116 BCX0\">Educaci\u00f3<\/span><\/span><span class=\"TextRun SCXW71864116 BCX0\" lang=\"ES-ES\" xml:lang=\"ES-ES\" data-contrast=\"none\"><span class=\"NormalTextRun SCXW71864116 BCX0\">\u00a0emocional en\u00a0<\/span><\/span><span class=\"TextRun SCXW71864116 BCX0\" lang=\"ES-ES\" xml:lang=\"ES-ES\" data-contrast=\"none\"><span class=\"SpellingError SCXW71864116 BCX0\">l&#8217;etapa<\/span><\/span><span class=\"TextRun SCXW71864116 BCX0\" lang=\"ES-ES\" xml:lang=\"ES-ES\" data-contrast=\"none\"><span class=\"NormalTextRun SCXW71864116 BCX0\">\u00a0de\u00a0<\/span><\/span><span class=\"TextRun SCXW71864116 BCX0\" lang=\"ES-ES\" xml:lang=\"ES-ES\" data-contrast=\"none\"><span class=\"SpellingError SCXW71864116 BCX0\">prim\u00e0ria<\/span><\/span><\/strong><\/p>\n<p>Taller. Del 8\/2\/2021 al 1\/3\/2021<\/td>\n<td style=\"width: 136px;\"><span class=\"TextRun SCXW58362217 BCX0\" lang=\"EN-US\" xml:lang=\"EN-US\" data-contrast=\"auto\"><span class=\"NormalTextRun SCXW58362217 BCX0\">CRP\u00a0<\/span><\/span><span class=\"TextRun SCXW58362217 BCX0\" lang=\"EN-US\" xml:lang=\"EN-US\" data-contrast=\"auto\"><span class=\"SpellingError SCXW58362217 BCX0\">Pallars<\/span><\/span><span class=\"TextRun SCXW58362217 BCX0\" lang=\"EN-US\" xml:lang=\"EN-US\" data-contrast=\"auto\"><span class=\"NormalTextRun SCXW58362217 BCX0\">\u00a0<\/span><\/span><span class=\"TextRun SCXW58362217 BCX0\" lang=\"EN-US\" xml:lang=\"EN-US\" data-contrast=\"auto\"><span class=\"SpellingError SCXW58362217 BCX0\">Juss\u00e0<\/span><\/span><\/p>\n<p><span class=\"TextRun SCXW58362217 BCX0\" lang=\"EN-US\" xml:lang=\"EN-US\" data-contrast=\"auto\"><span class=\"NormalTextRun SCXW58362217 BCX0\">\u00a0<\/span><\/span><span class=\"TextRun SCXW58362217 BCX0\" lang=\"EN-US\" xml:lang=\"EN-US\" data-contrast=\"auto\"><span class=\"SpellingError SCXW58362217 BCX0\">Pallars<\/span><\/span><span class=\"TextRun SCXW58362217 BCX0\" lang=\"EN-US\" xml:lang=\"EN-US\" data-contrast=\"auto\"><span class=\"NormalTextRun SCXW58362217 BCX0\">\u00a0<\/span><\/span><span class=\"TextRun SCXW58362217 BCX0\" lang=\"EN-US\" xml:lang=\"EN-US\" data-contrast=\"auto\"><span class=\"SpellingError SCXW58362217 BCX0\">S<\/span><\/span><span class=\"TextRun SCXW58362217 BCX0\" lang=\"EN-US\" xml:lang=\"EN-US\" data-contrast=\"auto\"><span class=\"SpellingError SCXW58362217 BCX0\">obir\u00e0<\/span><\/span><span class=\"EOP SCXW58362217 BCX0\" data-ccp-props=\"{}\">\u00a0<\/span><\/td>\n<td style=\"width: 131.2px;\">\n<p style=\"text-align: center;\"><a href=\"https:\/\/aplicacions.gestioeducativa.gencat.cat\/pls\/soloas\/pk_for_mod_ins.p_for_exhaustiu_activitat?p_header=Detall%20d%27activitat^pk_for_mod_ins.p_for_detall_activitat?p_codi=6094121609%26p_curs=2020-2021%26p_es_inscr=S&amp;p_codi=6150191615&amp;p_curs=2020-2021&amp;p_es_inscr=S\" target=\"_blank\" rel=\"noopener noreferrer\">+ informaci\u00f3<\/a><\/p>\n<p style=\"text-align: center;\"><a href=\"https:\/\/aplicacions.gestioeducativa.gencat.cat\/pls\/soloas\/pk_for_mod_ins.p_for_pre_cons_activitats?p_any=2020-2021&amp;p_codi=6150191615&amp;p_totes=S\" target=\"_blank\" rel=\"noopener noreferrer\">inscripci\u00f3<\/a><\/p>\n<\/td>\n<\/tr>\n<tr>\n<td style=\"width: 97.6px; text-align: left; vertical-align: top;\">6002050506<\/td>\n<td style=\"width: 498.4px; text-align: left; vertical-align: top;\"><strong><span class=\"TextRun SCXW74651275 BCX0\" lang=\"ES-ES\" xml:lang=\"ES-ES\" data-contrast=\"none\"><span class=\"NormalTextRun SCXW74651275 BCX0\">El\u00a0<\/span><\/span><span class=\"TextRun SCXW74651275 BCX0\" lang=\"ES-ES\" xml:lang=\"ES-ES\" data-contrast=\"none\"><span class=\"SpellingError SCXW74651275 BCX0\">treball<\/span><\/span><span class=\"TextRun SCXW74651275 BCX0\" lang=\"ES-ES\" xml:lang=\"ES-ES\" data-contrast=\"none\"><span class=\"NormalTextRun SCXW74651275 BCX0\">\u00a0<\/span><\/span><span class=\"TextRun SCXW74651275 BCX0\" lang=\"ES-ES\" xml:lang=\"ES-ES\" data-contrast=\"none\"><span class=\"SpellingError SCXW74651275 BCX0\">col\u00b7laboratiu<\/span><\/span><span class=\"TextRun SCXW74651275 BCX0\" lang=\"ES-ES\" xml:lang=\"ES-ES\" data-contrast=\"none\"><span class=\"NormalTextRun SCXW74651275 BCX0\">\u00a0en\u00a0<\/span><\/span><span class=\"TextRun SCXW74651275 BCX0\" lang=\"ES-ES\" xml:lang=\"ES-ES\" data-contrast=\"none\"><span class=\"SpellingError SCXW74651275 BCX0\">els<\/span><\/span><span class=\"TextRun SCXW74651275 BCX0\" lang=\"ES-ES\" xml:lang=\"ES-ES\" data-contrast=\"none\"><span class=\"NormalTextRun SCXW74651275 BCX0\">\u00a0<\/span><\/span><span class=\"TextRun SCXW74651275 BCX0\" lang=\"ES-ES\" xml:lang=\"ES-ES\" data-contrast=\"none\"><span class=\"SpellingError SCXW74651275 BCX0\">equips<\/span><\/span><span class=\"TextRun SCXW74651275 BCX0\" lang=\"ES-ES\" xml:lang=\"ES-ES\" data-contrast=\"none\"><span class=\"NormalTextRun SCXW74651275 BCX0\">\u00a0<\/span><\/span><span class=\"TextRun SCXW74651275 BCX0\" lang=\"ES-ES\" xml:lang=\"ES-ES\" data-contrast=\"none\"><span class=\"SpellingError SCXW74651275 BCX0\">docents<\/span><\/span><span class=\"TextRun SCXW74651275 BCX0\" lang=\"ES-ES\" xml:lang=\"ES-ES\" data-contrast=\"none\"><span class=\"NormalTextRun SCXW74651275 BCX0\">\u00a0i la\u00a0<\/span><\/span><span class=\"TextRun SCXW74651275 BCX0\" lang=\"ES-ES\" xml:lang=\"ES-ES\" data-contrast=\"none\"><span class=\"SpellingError SCXW74651275 BCX0\">xarxa<\/span><\/span><span class=\"TextRun SCXW74651275 BCX0\" lang=\"ES-ES\" xml:lang=\"ES-ES\" data-contrast=\"none\"><span class=\"NormalTextRun SCXW74651275 BCX0\">\u00a0educativa<\/span><\/span><\/strong><\/p>\n<p>Confer\u00e8ncia. 13\/4\/2021 \u00a0de 18:00h a 20:00h<\/td>\n<td style=\"width: 136px;\"><span class=\"TextRun SCXW248854814 BCX0\" lang=\"ES-ES\" xml:lang=\"ES-ES\" data-contrast=\"none\"><span class=\"NormalTextRun SCXW248854814 BCX0\">Serveis Territorials <\/span><\/span><span class=\"TextRun SCXW248854814 BCX0\" lang=\"ES-ES\" xml:lang=\"ES-ES\" data-contrast=\"none\"><span class=\"SpellingError SCXW248854814 BCX0\">Equip<\/span><\/span><span class=\"TextRun SCXW248854814 BCX0\" lang=\"ES-ES\" xml:lang=\"ES-ES\" data-contrast=\"none\"><span class=\"NormalTextRun SCXW248854814 BCX0\">\u00a0LIC<\/span><\/span><span class=\"EOP SCXW248854814 BCX0\" data-ccp-props=\"{}\">\u00a0<\/span><\/td>\n<td style=\"width: 131.2px;\">\n<p style=\"text-align: center;\"><a href=\"https:\/\/aplicacions.gestioeducativa.gencat.cat\/pls\/soloas\/pk_for_mod_ins.p_for_exhaustiu_activitat?p_header=Detall%20d%27activitat^pk_for_mod_ins.p_for_detall_activitat?p_codi=6094121609%26p_curs=2020-2021%26p_es_inscr=S&amp;p_codi=6002050506&amp;p_curs=2020-2021&amp;p_es_inscr=S\" target=\"_blank\" rel=\"noopener noreferrer\">+ informaci\u00f3<\/a><\/p>\n<p style=\"text-align: center;\"><a href=\"https:\/\/aplicacions.gestioeducativa.gencat.cat\/pls\/soloas\/pk_for_mod_ins.p_for_pre_cons_activitats?p_any=2020-2021&amp;p_codi=6002050506&amp;p_totes=S\" target=\"_blank\" rel=\"noopener noreferrer\">inscripci\u00f3<\/a><\/p>\n<\/td>\n<\/tr>\n<tr>\n<td style=\"width: 97.6px; text-align: left; vertical-align: top;\">6002060506<\/td>\n<td style=\"width: 498.4px; text-align: left; vertical-align: top;\"><b>El tractament de les lleng\u00fces en un context multiling\u00fce<\/b><\/p>\n<p>Confer\u00e8ncia. 29\/4\/2021 de 18:00h a 20:00h<\/td>\n<td style=\"width: 136px;\"><span class=\"TextRun SCXW248854814 BCX0\" lang=\"ES-ES\" xml:lang=\"ES-ES\" data-contrast=\"none\"><span class=\"NormalTextRun SCXW248854814 BCX0\">Serveis Territorials<\/span><\/span><\/p>\n<p><span class=\"TextRun SCXW248854814 BCX0\" lang=\"ES-ES\" xml:lang=\"ES-ES\" data-contrast=\"none\"><span class=\"NormalTextRun SCXW248854814 BCX0\">Lleida <\/span><\/span><span class=\"TextRun SCXW248854814 BCX0\" lang=\"ES-ES\" xml:lang=\"ES-ES\" data-contrast=\"none\"><span class=\"SpellingError SCXW248854814 BCX0\">Equip<\/span><\/span><span class=\"TextRun SCXW248854814 BCX0\" lang=\"ES-ES\" xml:lang=\"ES-ES\" data-contrast=\"none\"><span class=\"NormalTextRun SCXW248854814 BCX0\">\u00a0LIC<\/span><\/span><span class=\"EOP SCXW248854814 BCX0\" data-ccp-props=\"{}\">\u00a0<\/span><\/td>\n<td style=\"width: 131.2px;\">\n<p style=\"text-align: center;\"><a href=\"https:\/\/aplicacions.gestioeducativa.gencat.cat\/pls\/soloas\/pk_for_mod_ins.p_for_exhaustiu_activitat?p_header=Detall%20d%27activitat^pk_for_mod_ins.p_for_detall_activitat?p_codi=6094121609%26p_curs=2020-2021%26p_es_inscr=S&amp;p_codi=6002060506&amp;p_curs=2020-2021&amp;p_es_inscr=S\" target=\"_blank\" rel=\"noopener noreferrer\">+ informaci\u00f3<\/a><\/p>\n<p style=\"text-align: center;\"><a href=\"https:\/\/aplicacions.gestioeducativa.gencat.cat\/pls\/soloas\/pk_for_mod_ins.p_for_pre_cons_activitats?p_any=2020-2021&amp;p_codi=6002060506&amp;p_totes=S\" target=\"_blank\" rel=\"noopener noreferrer\">inscripci\u00f3<\/a><\/p>\n<\/td>\n<\/tr>\n<tr>\n<td style=\"width: 97.6px; text-align: left; vertical-align: top;\">6010461601<\/td>\n<td style=\"width: 498.4px; text-align: left; vertical-align: top;\"><strong><span class=\"TextRun SCXW202201706 BCX0\" lang=\"ES-ES\" xml:lang=\"ES-ES\" data-contrast=\"auto\"><span class=\"SpellingError SCXW202201706 BCX0\">Aplicacions<\/span><\/span><span class=\"TextRun SCXW202201706 BCX0\" lang=\"ES-ES\" xml:lang=\"ES-ES\" data-contrast=\"auto\"><span class=\"NormalTextRun SCXW202201706 BCX0\">\u00a0per la\u00a0<\/span><\/span><span class=\"TextRun SCXW202201706 BCX0\" lang=\"ES-ES\" xml:lang=\"ES-ES\" data-contrast=\"auto\"><span class=\"SpellingError SCXW202201706 BCX0\">transformaci\u00f3<\/span><\/span><span class=\"TextRun SCXW202201706 BCX0\" lang=\"ES-ES\" xml:lang=\"ES-ES\" data-contrast=\"auto\"><span class=\"NormalTextRun SCXW202201706 BCX0\">\u00a0digital<\/span><\/span><span class=\"EOP SCXW202201706 BCX0\" data-ccp-props=\"{}\">\u00a0<\/span><\/strong><\/p>\n<p>Taller. Del 9\/2\/2021 al 30\/3\/2021 de 17:30h a 19:30h<\/td>\n<td style=\"width: 136px;\"><span class=\"TextRun SCXW234023461 BCX0\" lang=\"ES-ES\" xml:lang=\"ES-ES\" data-contrast=\"none\"><span class=\"NormalTextRun SCXW234023461 BCX0\">CRP\u00a0<\/span><\/span><span class=\"TextRun SCXW234023461 BCX0\" lang=\"ES-ES\" xml:lang=\"ES-ES\" data-contrast=\"none\"><span class=\"NormalTextRun SCXW234023461 BCX0\">Alt<\/span><\/span><span class=\"TextRun SCXW234023461 BCX0\" lang=\"ES-ES\" xml:lang=\"ES-ES\" data-contrast=\"none\"><span class=\"NormalTextRun SCXW234023461 BCX0\">\u00a0<\/span><\/span><span class=\"TextRun SCXW234023461 BCX0\" lang=\"ES-ES\" xml:lang=\"ES-ES\" data-contrast=\"none\"><span class=\"NormalTextRun SCXW234023461 BCX0\">Urgell<\/span><\/span><span class=\"EOP SCXW234023461 BCX0\" data-ccp-props=\"{}\">\u00a0<\/span><\/td>\n<td style=\"width: 131.2px;\">\n<p style=\"text-align: center;\"><a href=\"https:\/\/aplicacions.gestioeducativa.gencat.cat\/pls\/soloas\/pk_for_mod_ins.p_for_exhaustiu_activitat?p_header=Detall%20d%27activitat^pk_for_mod_ins.p_for_detall_activitat?p_codi=6094121609%26p_curs=2020-2021%26p_es_inscr=S&amp;p_codi=6010461601&amp;p_curs=2020-2021&amp;p_es_inscr=S\" target=\"_blank\" rel=\"noopener noreferrer\">+ informaci\u00f3<\/a><\/p>\n<p style=\"text-align: center;\"><a href=\"https:\/\/aplicacions.gestioeducativa.gencat.cat\/pls\/soloas\/pk_for_mod_ins.p_for_pre_cons_activitats?p_any=2020-2021&amp;p_codi=6010461601&amp;p_totes=S\" target=\"_blank\" rel=\"noopener noreferrer\">inscripci\u00f3<\/a><\/p>\n<\/td>\n<\/tr>\n<tr>\n<td style=\"width: 97.6px; text-align: left; vertical-align: top;\">6010481601<\/td>\n<td style=\"width: 498.4px; text-align: left; vertical-align: top;\"><strong><span class=\"TextRun SCXW89627694 BCX0\" lang=\"ES-ES\" xml:lang=\"ES-ES\" data-contrast=\"auto\"><span class=\"SpellingError SCXW89627694 BCX0\">Valors<\/span><\/span><span class=\"TextRun SCXW89627694 BCX0\" lang=\"ES-ES\" xml:lang=\"ES-ES\" data-contrast=\"auto\"><span class=\"NormalTextRun SCXW89627694 BCX0\">\u00a0a trav\u00e9s del cinema<\/span><\/span><span class=\"EOP SCXW89627694 BCX0\" data-ccp-props=\"{}\">\u00a0<\/span><\/strong><\/p>\n<p>Taller. Del 13\/4\/2021 al 27\/4\/2021 de 17:30h a 19:30h<\/td>\n<td style=\"width: 136px;\"><span class=\"TextRun SCXW234023461 BCX0\" lang=\"ES-ES\" xml:lang=\"ES-ES\" data-contrast=\"none\"><span class=\"NormalTextRun SCXW234023461 BCX0\">CRP\u00a0<\/span><\/span><span class=\"TextRun SCXW234023461 BCX0\" lang=\"ES-ES\" xml:lang=\"ES-ES\" data-contrast=\"none\"><span class=\"NormalTextRun SCXW234023461 BCX0\">Alt<\/span><\/span><span class=\"TextRun SCXW234023461 BCX0\" lang=\"ES-ES\" xml:lang=\"ES-ES\" data-contrast=\"none\"><span class=\"NormalTextRun SCXW234023461 BCX0\">\u00a0<\/span><\/span><span class=\"TextRun SCXW234023461 BCX0\" lang=\"ES-ES\" xml:lang=\"ES-ES\" data-contrast=\"none\"><span class=\"NormalTextRun SCXW234023461 BCX0\">Urgell<\/span><\/span><\/td>\n<td style=\"width: 131.2px;\">\n<p style=\"text-align: center;\"><a href=\"https:\/\/aplicacions.gestioeducativa.gencat.cat\/pls\/soloas\/pk_for_mod_ins.p_for_exhaustiu_activitat?p_header=Detall%20d%27activitat^pk_for_mod_ins.p_for_detall_activitat?p_codi=6094121609%26p_curs=2020-2021%26p_es_inscr=S&amp;p_codi=6010481601&amp;p_curs=2020-2021&amp;p_es_inscr=S\" target=\"_blank\" rel=\"noopener noreferrer\">+ informaci\u00f3<\/a><\/p>\n<p style=\"text-align: center;\"><a href=\"https:\/\/aplicacions.gestioeducativa.gencat.cat\/pls\/soloas\/pk_for_mod_ins.p_for_pre_cons_activitats?p_any=2020-2021&amp;p_codi=6010481601&amp;p_totes=S\" target=\"_blank\" rel=\"noopener noreferrer\">inscripci\u00f3<\/a><\/p>\n<\/td>\n<\/tr>\n<tr>\n<td style=\"width: 97.6px; text-align: left; vertical-align: top;\">6080491608<\/td>\n<td style=\"width: 498.4px; text-align: left; vertical-align: top;\"><strong><span class=\"TextRun SCXW92838015 BCX0\" lang=\"ES-ES\" xml:lang=\"ES-ES\" data-contrast=\"auto\"><span class=\"SpellingError SCXW92838015 BCX0\">Desmuntant<\/span><\/span><span class=\"TextRun SCXW92838015 BCX0\" lang=\"ES-ES\" xml:lang=\"ES-ES\" data-contrast=\"auto\"><span class=\"NormalTextRun SCXW92838015 BCX0\">\u00a0el\u00a0<\/span><\/span><span class=\"TextRun SCXW92838015 BCX0\" lang=\"ES-ES\" xml:lang=\"ES-ES\" data-contrast=\"auto\"><span class=\"SpellingError SCXW92838015 BCX0\">sexisme<\/span><\/span><span class=\"TextRun SCXW92838015 BCX0\" lang=\"ES-ES\" xml:lang=\"ES-ES\" data-contrast=\"auto\"><span class=\"NormalTextRun SCXW92838015 BCX0\">\u00a0a les\u00a0<\/span><\/span><span class=\"TextRun SCXW92838015 BCX0\" lang=\"ES-ES\" xml:lang=\"ES-ES\" data-contrast=\"auto\"><span class=\"SpellingError SCXW92838015 BCX0\">aules<\/span><\/span><span class=\"EOP SCXW92838015 BCX0\" data-ccp-props=\"{}\">\u00a0<\/span><\/strong><\/p>\n<p>Taller. Del 8\/2\/2021 al 1\/3\/2021 de 17:30h a 19:00h<\/td>\n<td style=\"width: 136px;\"><span class=\"TextRun SCXW105385722 BCX0\" lang=\"ES-ES\" xml:lang=\"ES-ES\" data-contrast=\"none\"><span class=\"NormalTextRun SCXW105385722 BCX0\">CRP <\/span><\/span><span class=\"TextRun SCXW105385722 BCX0\" lang=\"ES-ES\" xml:lang=\"ES-ES\" data-contrast=\"none\"><span class=\"NormalTextRun SCXW105385722 BCX0\">Segarra<\/span><\/span><span class=\"EOP SCXW105385722 BCX0\" data-ccp-props=\"{}\">\u00a0<\/span><\/td>\n<td style=\"width: 131.2px;\">\n<p style=\"text-align: center;\"><a href=\"https:\/\/aplicacions.gestioeducativa.gencat.cat\/pls\/soloas\/pk_for_mod_ins.p_for_exhaustiu_activitat?p_header=Detall%20d%27activitat^pk_for_mod_ins.p_for_detall_activitat?p_codi=6094121609%26p_curs=2020-2021%26p_es_inscr=S&amp;p_codi=6080491608&amp;p_curs=2020-2021&amp;p_es_inscr=S\" target=\"_blank\" rel=\"noopener noreferrer\">+ informaci\u00f3<\/a><\/p>\n<p style=\"text-align: center;\"><a href=\"https:\/\/aplicacions.gestioeducativa.gencat.cat\/pls\/soloas\/pk_for_mod_ins.p_for_pre_cons_activitats?p_any=2020-2021&amp;p_codi=6080491608&amp;p_totes=S\" target=\"_blank\" rel=\"noopener noreferrer\">inscripci\u00f3<\/a><\/p>\n<\/td>\n<\/tr>\n<\/tbody>\n<\/table>\n","protected":false},"excerpt":{"rendered":"<p>La inscripci\u00f3 a les activitats del Pla de Formaci\u00f3 de Zona del 2n torn es realitzar\u00e0 del 8 al 19 de gener, i la consulta d&#8217;adjudicacions es podr\u00e0 fer a partir del 30 de gener. La sol\u00b7licitud d\u2019una pla\u00e7a significa acceptar les condicions d\u2019inscripci\u00f3 i tot all\u00f2 que consta a la descripci\u00f3 de l\u2019activitat en refer\u00e8ncia a dates, horaris, objectius, continguts, persones destinat\u00e0ries i requisits d\u2019acreditaci\u00f3.<\/p>\n","protected":false},"author":16,"featured_media":8530,"comment_status":"closed","ping_status":"closed","sticky":false,"template":"","format":"standard","meta":{"_bbp_topic_count":0,"_bbp_reply_count":0,"_bbp_total_topic_count":0,"_bbp_total_reply_count":0,"_bbp_voice_count":0,"_bbp_anonymous_reply_count":0,"_bbp_topic_count_hidden":0,"_bbp_reply_count_hidden":0,"_bbp_forum_subforum_count":0,"site-sidebar-layout":"default","site-content-layout":"","ast-site-content-layout":"","site-content-style":"default","site-sidebar-style":"default","ast-global-header-display":"","ast-banner-title-visibility":"","ast-main-header-display":"","ast-hfb-above-header-display":"","ast-hfb-below-header-display":"","ast-hfb-mobile-header-display":"","site-post-title":"","ast-breadcrumbs-content":"","ast-featured-img":"","footer-sml-layout":"","theme-transparent-header-meta":"","adv-header-id-meta":"","stick-header-meta":"","header-above-stick-meta":"","header-main-stick-meta":"","header-below-stick-meta":"","astra-migrate-meta-layouts":"default","ast-page-background-enabled":"default","ast-page-background-meta":{"desktop":{"background-color":"var(--ast-global-color-4)","background-image":"","background-repeat":"repeat","background-position":"center center","background-size":"auto","background-attachment":"scroll","background-type":"","background-media":"","overlay-type":"","overlay-color":"","overlay-opacity":"","overlay-gradient":""},"tablet":{"background-color":"","background-image":"","background-repeat":"repeat","background-position":"center center","background-size":"auto","background-attachment":"scroll","background-type":"","background-media":"","overlay-type":"","overlay-color":"","overlay-opacity":"","overlay-gradient":""},"mobile":{"background-color":"","background-image":"","background-repeat":"repeat","background-position":"center center","background-size":"auto","background-attachment":"scroll","background-type":"","background-media":"","overlay-type":"","overlay-color":"","overlay-opacity":"","overlay-gradient":""}},"ast-content-background-meta":{"desktop":{"background-color":"var(--ast-global-color-5)","background-image":"","background-repeat":"repeat","background-position":"center center","background-size":"auto","background-attachment":"scroll","background-type":"","background-media":"","overlay-type":"","overlay-color":"","overlay-opacity":"","overlay-gradient":""},"tablet":{"background-color":"var(--ast-global-color-5)","background-image":"","background-repeat":"repeat","background-position":"center center","background-size":"auto","background-attachment":"scroll","background-type":"","background-media":"","overlay-type":"","overlay-color":"","overlay-opacity":"","overlay-gradient":""},"mobile":{"background-color":"var(--ast-global-color-5)","background-image":"","background-repeat":"repeat","background-position":"center center","background-size":"auto","background-attachment":"scroll","background-type":"","background-media":"","overlay-type":"","overlay-color":"","overlay-opacity":"","overlay-gradient":""}},"footnotes":""},"categories":[154,29],"tags":[401,399,400,398],"class_list":["post-10532","post","type-post","status-publish","format-standard","has-post-thumbnail","hentry","category-formacio","category-portada","tag-crp-segria","tag-curs-2020-21","tag-inscripcio","tag-pla-de-formacio-de-zona"],"post_mailing_queue_ids":[],"_links":{"self":[{"href":"https:\/\/serveiseducatius.xtec.cat\/segria\/wp-json\/wp\/v2\/posts\/10532","targetHints":{"allow":["GET"]}}],"collection":[{"href":"https:\/\/serveiseducatius.xtec.cat\/segria\/wp-json\/wp\/v2\/posts"}],"about":[{"href":"https:\/\/serveiseducatius.xtec.cat\/segria\/wp-json\/wp\/v2\/types\/post"}],"author":[{"embeddable":true,"href":"https:\/\/serveiseducatius.xtec.cat\/segria\/wp-json\/wp\/v2\/users\/16"}],"replies":[{"embeddable":true,"href":"https:\/\/serveiseducatius.xtec.cat\/segria\/wp-json\/wp\/v2\/comments?post=10532"}],"version-history":[{"count":6,"href":"https:\/\/serveiseducatius.xtec.cat\/segria\/wp-json\/wp\/v2\/posts\/10532\/revisions"}],"predecessor-version":[{"id":11439,"href":"https:\/\/serveiseducatius.xtec.cat\/segria\/wp-json\/wp\/v2\/posts\/10532\/revisions\/11439"}],"wp:featuredmedia":[{"embeddable":true,"href":"https:\/\/serveiseducatius.xtec.cat\/segria\/wp-json\/wp\/v2\/media\/8530"}],"wp:attachment":[{"href":"https:\/\/serveiseducatius.xtec.cat\/segria\/wp-json\/wp\/v2\/media?parent=10532"}],"wp:term":[{"taxonomy":"category","embeddable":true,"href":"https:\/\/serveiseducatius.xtec.cat\/segria\/wp-json\/wp\/v2\/categories?post=10532"},{"taxonomy":"post_tag","embeddable":true,"href":"https:\/\/serveiseducatius.xtec.cat\/segria\/wp-json\/wp\/v2\/tags?post=10532"}],"curies":[{"name":"wp","href":"https:\/\/api.w.org\/{rel}","templated":true}]}}