{"id":8995,"date":"2019-03-21T11:53:35","date_gmt":"2019-03-21T10:53:35","guid":{"rendered":"http:\/\/serveiseducatius.xtec.cat\/segarra\/?p=8995"},"modified":"2019-04-02T10:59:35","modified_gmt":"2019-04-02T08:59:35","slug":"21-de-marc-dia-mundial-de-la-poesia-poema-de-rosa-fabregat-cerverina","status":"publish","type":"post","link":"https:\/\/serveiseducatius.xtec.cat\/segarra\/portada\/21-de-marc-dia-mundial-de-la-poesia-poema-de-rosa-fabregat-cerverina\/","title":{"rendered":"Dia Mundial de la Poesia. Rosa Fabregat (Cerverina)"},"content":{"rendered":"<p style=\"text-align: justify;\">Amb la primavera arriba el Dia Mundial de la Poesia, declarat per la Unesco.<\/p>\n<p style=\"text-align: justify;\">Per celebrar-ho, la ILC \u2014amb la col\u00b7laboraci\u00f3 de diverses entitats p\u00fabliques i privades\u2014 celebra una gran festa de la paraula i les lletres i fomenta tot un seguit d\u2019iniciatives, presencials i\/o a trav\u00e9s de la xarxa, arreu dels territoris de parla catalana. <a href=\"https:\/\/serveiseducatius.xtec.cat\/segarra\/wp-content\/uploads\/usu1148\/2019\/03\/Rosa-Fabregat-Jordi-Garcia-localpres.jpg\"><img loading=\"lazy\" decoding=\"async\" class=\"size-full wp-image-8996 alignleft\" src=\"https:\/\/serveiseducatius.xtec.cat\/segarra\/wp-content\/uploads\/usu1148\/2019\/03\/Rosa-Fabregat-Jordi-Garcia-localpres.jpg\" alt=\"\" width=\"450\" height=\"299\" srcset=\"https:\/\/serveiseducatius.xtec.cat\/segarra\/wp-content\/uploads\/usu1148\/2019\/03\/Rosa-Fabregat-Jordi-Garcia-localpres.jpg 450w, https:\/\/serveiseducatius.xtec.cat\/segarra\/wp-content\/uploads\/usu1148\/2019\/03\/Rosa-Fabregat-Jordi-Garcia-localpres-300x199.jpg 300w\" sizes=\"auto, (max-width: 450px) 100vw, 450px\" \/><\/a>Es fa la tria d\u2019un autor\/a a qui s\u2019encarrega un poema que es tradueix a nombroses lleng\u00fces, mostrant la riquesa mundial de la poesia en un joc de tornaveu po\u00e8tic de gran extensi\u00f3 territorial (amb celebraci\u00f3 des d\u2019Alacant a l\u2019Alguer, i des de la Franja a Puigcerd\u00e0).<\/p>\n<p style=\"text-align: justify;\">Aquest any el poema triat per celebrar aquesta efem\u00e8ride \u00e9s de la cerverina <strong>Rosa Fabregat. <a href=\"http:\/\/cultura.gencat.cat\/ca\/ilc\/programes\/dia-mundial-de-la-poesia\/dmp-2019\/\" target=\"_blank\" rel=\"noopener\">Consulteu<\/a><\/strong> la seva llarga i interessant traject\u00f2ria professional.<\/p>\n<p style=\"text-align: justify;\"><strong><a href=\"http:\/\/cultura.gencat.cat\/web\/.content\/ilc\/03-programes\/dia-mundial-poesia\/DMP-2019\/Dia-Mundial-de-la-Poesia_desplegable-web.pdf\" target=\"_blank\" rel=\"noopener\" data-saferedirecturl=\"https:\/\/www.google.com\/url?q=http:\/\/cultura.gencat.cat\/web\/.content\/ilc\/03-programes\/dia-mundial-poesia\/DMP-2019\/Dia-Mundial-de-la-Poesia_desplegable-web.pdf&amp;source=gmail&amp;ust=1553246842040000&amp;usg=AFQjCNFuhX6c-q4uC5YqltvqO1R3WZOo5g\">Descarregueu\u00a0<\/a><\/strong>el fullet del dia Mundial de la Poesia 2019, on trobareu el poema i la seva traducci\u00f3 en diferents lleng\u00fces.<\/p>\n<p>Gaudiu-ne molt!<\/p>\n","protected":false},"excerpt":{"rendered":"<p>Amb la primavera arriba el Dia Mundial de la Poesia, declarat per la Unesco.<br \/>\nPer celebrar-ho, la ILC \u2014amb la col\u00b7laboraci\u00f3 de diverses entitats p\u00fabliques i privades\u2014 celebra una gran festa de la paraula i les lletres i fomenta tot un seguit d\u2019iniciatives, presencials i\/o a&hellip;  <a href=\"https:\/\/serveiseducatius.xtec.cat\/segarra\/portada\/21-de-marc-dia-mundial-de-la-poesia-poema-de-rosa-fabregat-cerverina\/\" title=\"Read Dia Mundial de la Poesia. Rosa Fabregat (Cerverina)\">Llegeix m\u00e9s\u00bb<\/a><\/p>\n","protected":false},"author":4,"featured_media":8997,"comment_status":"open","ping_status":"closed","sticky":false,"template":"","format":"standard","meta":{"_bbp_topic_count":0,"_bbp_reply_count":0,"_bbp_total_topic_count":0,"_bbp_total_reply_count":0,"_bbp_voice_count":0,"_bbp_anonymous_reply_count":0,"_bbp_topic_count_hidden":0,"_bbp_reply_count_hidden":0,"_bbp_forum_subforum_count":0,"footnotes":""},"categories":[81,68,29],"tags":[354,353],"class_list":["post-8995","post","type-post","status-publish","format-standard","has-post-thumbnail","hentry","category-biblioteca-escolar","category-elic","category-portada","tag-dia-de-la-poesia","tag-poesia"],"post_mailing_queue_ids":[],"_links":{"self":[{"href":"https:\/\/serveiseducatius.xtec.cat\/segarra\/wp-json\/wp\/v2\/posts\/8995","targetHints":{"allow":["GET"]}}],"collection":[{"href":"https:\/\/serveiseducatius.xtec.cat\/segarra\/wp-json\/wp\/v2\/posts"}],"about":[{"href":"https:\/\/serveiseducatius.xtec.cat\/segarra\/wp-json\/wp\/v2\/types\/post"}],"author":[{"embeddable":true,"href":"https:\/\/serveiseducatius.xtec.cat\/segarra\/wp-json\/wp\/v2\/users\/4"}],"replies":[{"embeddable":true,"href":"https:\/\/serveiseducatius.xtec.cat\/segarra\/wp-json\/wp\/v2\/comments?post=8995"}],"version-history":[{"count":2,"href":"https:\/\/serveiseducatius.xtec.cat\/segarra\/wp-json\/wp\/v2\/posts\/8995\/revisions"}],"predecessor-version":[{"id":9046,"href":"https:\/\/serveiseducatius.xtec.cat\/segarra\/wp-json\/wp\/v2\/posts\/8995\/revisions\/9046"}],"wp:featuredmedia":[{"embeddable":true,"href":"https:\/\/serveiseducatius.xtec.cat\/segarra\/wp-json\/wp\/v2\/media\/8997"}],"wp:attachment":[{"href":"https:\/\/serveiseducatius.xtec.cat\/segarra\/wp-json\/wp\/v2\/media?parent=8995"}],"wp:term":[{"taxonomy":"category","embeddable":true,"href":"https:\/\/serveiseducatius.xtec.cat\/segarra\/wp-json\/wp\/v2\/categories?post=8995"},{"taxonomy":"post_tag","embeddable":true,"href":"https:\/\/serveiseducatius.xtec.cat\/segarra\/wp-json\/wp\/v2\/tags?post=8995"}],"curies":[{"name":"wp","href":"https:\/\/api.w.org\/{rel}","templated":true}]}}