{"id":8843,"date":"2019-02-04T22:50:11","date_gmt":"2019-02-04T21:50:11","guid":{"rendered":"http:\/\/serveiseducatius.xtec.cat\/segarra\/?p=8843"},"modified":"2019-02-04T22:50:11","modified_gmt":"2019-02-04T21:50:11","slug":"la-festa-major-del-santissim-misteri-arriba-a-les-escoles-de-cervera","status":"publish","type":"post","link":"https:\/\/serveiseducatius.xtec.cat\/segarra\/general\/la-festa-major-del-santissim-misteri-arriba-a-les-escoles-de-cervera\/","title":{"rendered":"La Festa Major del Sant\u00edssim Misteri arriba a les Escoles de Cervera"},"content":{"rendered":"<p>Del 28 de gener al 5 de febrer, els nens i les nenes de P3 a 6\u00e8 de prim\u00e0ria de l\u2019Escola Jaume Balmes, l\u2019Escola Josep Arques i l\u2019Escola Les Savines de Cervera viuen la Festa Major del Sant\u00edssim Misteri a partir d\u2019una proposta pedag\u00f2gica.<\/p>\n<p>Aquesta proposta s\u2019engloba dins un projecte educatiu transversal que te per objectiu apropar la cultura, la llengua catalana i les tradicions a tot l\u2019alumnat d\u2019infantil i prim\u00e0ria i a les seves fam\u00edlies.<\/p>\n\r\n\t<div class=\"slideshow_container slideshow_container_style-light\" style=\"height: 500px; \" data-slideshow-id=\"8848\" data-style-name=\"style-light\" data-style-version=\"2.3.1\" >\r\n\r\n\t\t\t\t\t<div class=\"slideshow_loading_icon\"><\/div>\r\n\t\t\r\n\t\t<div class=\"slideshow_content\" style=\"display: none;\">\r\n\r\n\t\t\t<div class=\"slideshow_view\">\r\n\t\t\t\t<div class=\"slideshow_slide slideshow_slide_image\">\r\n\t\t\t\t\t\t\t\t\t\t\t<img src=\"https:\/\/serveiseducatius.xtec.cat\/segarra\/wp-content\/uploads\/usu1148\/2019\/02\/Grup-2n-EP-Jaume-Balmes.gif\" alt=\"Grup-2n-EP-Jaume-Balmes\" width=\"400\" height=\"300\" \/>\r\n\t\t\t\t\t\t\t\t\t\t<div class=\"slideshow_description_box slideshow_transparent\">\r\n\t\t\t\t\t\t<div class=\"slideshow_title\">Grup-2n-EP-Jaume-Balmes<\/div>\t\t\t\t\t\t\t\t\t\t\t<\/div>\r\n\t\t\t\t<\/div>\r\n\r\n\t\t\t\t\t\t<div style=\"clear: both;\"><\/div><\/div><div class=\"slideshow_view\">\r\n\t\t\t\t<div class=\"slideshow_slide slideshow_slide_image\">\r\n\t\t\t\t\t\t\t\t\t\t\t<img src=\"https:\/\/serveiseducatius.xtec.cat\/segarra\/wp-content\/uploads\/usu1148\/2019\/02\/Grup-6e-EP-Josep-Arques.gif\" alt=\"Grup-6e-EP-Josep-Arques\" width=\"500\" height=\"375\" \/>\r\n\t\t\t\t\t\t\t\t\t\t<div class=\"slideshow_description_box slideshow_transparent\">\r\n\t\t\t\t\t\t<div class=\"slideshow_title\">Grup-6e-EP-Josep-Arques<\/div>\t\t\t\t\t\t\t\t\t\t\t<\/div>\r\n\t\t\t\t<\/div>\r\n\r\n\t\t\t\t\t\t<div style=\"clear: both;\"><\/div><\/div><div class=\"slideshow_view\">\r\n\t\t\t\t<div class=\"slideshow_slide slideshow_slide_image\">\r\n\t\t\t\t\t\t\t\t\t\t\t<img src=\"https:\/\/serveiseducatius.xtec.cat\/segarra\/wp-content\/uploads\/usu1148\/2019\/02\/Grup-P3-EI-Savines.gif\" alt=\"Grup-P3-EI-Savines\" width=\"400\" height=\"533\" \/>\r\n\t\t\t\t\t\t\t\t\t\t<div class=\"slideshow_description_box slideshow_transparent\">\r\n\t\t\t\t\t\t<div class=\"slideshow_title\">Grup-P3-EI-Savines<\/div>\t\t\t\t\t\t\t\t\t\t\t<\/div>\r\n\t\t\t\t<\/div>\r\n\r\n\t\t\t\t\t\t<div style=\"clear: both;\"><\/div><\/div>\r\n\t\t<\/div>\r\n\r\n\t\t<div class=\"slideshow_controlPanel slideshow_transparent\" style=\"display: none;\"><ul><li class=\"slideshow_togglePlay\" data-play-text=\"Visualitza\" data-pause-text=\"Pausa\"><\/li><\/ul><\/div>\r\n\r\n\t\t<div class=\"slideshow_button slideshow_previous slideshow_transparent\" role=\"button\" data-previous-text=\"Anterior\" style=\"display: none;\"><\/div>\r\n\t\t<div class=\"slideshow_button slideshow_next slideshow_transparent\" role=\"button\" data-next-text=\"Seg\u00fcent\" style=\"display: none;\"><\/div>\r\n\r\n\t\t<div class=\"slideshow_pagination\" style=\"display: none;\" data-go-to-text=\"V\u00e9s a la diapositiva\"><div class=\"slideshow_pagination_center\"><\/div><\/div>\r\n\r\n\t\t<!-- WordPress Slideshow Version 2.3.1 -->\r\n\r\n\t\t\t<\/div>\r\n\r\n\n<p>La proposta pedag\u00f2gica de la Festa Major d\u2019Hivern s\u2019organitza en nou unitats did\u00e0ctiques que corresponen a cada nivell educatiu des de P3 fins a 6\u00e8; i es treballa: l\u2019\u00e0liga, la Senyera de la ciutat, les trampes, els macers, la hist\u00f2ria del Sant\u00edssim Misteri, el gegant\u00f3 Joan Balaguer, els velluts i les Completes. Aquest treball es fa mitjan\u00e7ant activitats motivadores, vivencials i significatives en catal\u00e0 i en angl\u00e8s.<\/p>\n<p>Entre les activitats que es proposen, destaquen les visites escolars a la <em>Parr\u00f2quia<\/em>, a la <em>Capella del Sant\u00edssim Misteri<\/em> i a l\u2019exposici\u00f3 dels elements festius de la ciutat a la <em>Paeria<\/em> (Senyera de la ciutat, les trampes, les maces i els vestits dels macers) que s\u2019inclouen dins el Pla Educatiu d\u2019Entorn i les visites per con\u00e8ixer l\u2019\u00e0liga i el gegant\u00f3 Joan Balaguer, a c\u00e0rrec de voluntaris de la Confraria de l\u2019\u00c0liga i dels Geganters de Cervera, respectivament.<br \/>\nAquest projecte est\u00e0 liderat pel Seminari de Cultura Popular a les Escoles, de l\u2019Agrupaci\u00f3 Seny Major i la col\u00b7laboraci\u00f3 del Servei Educatiu de la Segarra del Departament d\u2019Educaci\u00f3 que es desenvolupa des de l\u2019any 2010 als centres educatius del municipi.<\/p>\n<p>A m\u00e9s, tamb\u00e9 compta amb dues propostes pedag\u00f2giques m\u00e9s: <strong>Corpus<\/strong> i la <strong>Festa Major de Setembre<\/strong>.<\/p>\n<p>&nbsp;<\/p>\n","protected":false},"excerpt":{"rendered":"<p>Del 28 de gener al 5 de febrer, els nens i les nenes de P3 a 6\u00e8 de prim\u00e0ria de l\u2019Escola Jaume Balmes, l\u2019Escola Josep Arques i l\u2019Escola Les Savines de Cervera viuen la Festa Major del Sant\u00edssim Misteri a partir d\u2019una proposta pedag\u00f2gica.<br \/>\nAquesta proposta&hellip;  <a href=\"https:\/\/serveiseducatius.xtec.cat\/segarra\/general\/la-festa-major-del-santissim-misteri-arriba-a-les-escoles-de-cervera\/\" title=\"Read La Festa Major del Sant\u00edssim Misteri arriba a les Escoles de Cervera\">Llegeix m\u00e9s\u00bb<\/a><\/p>\n","protected":false},"author":4,"featured_media":8851,"comment_status":"open","ping_status":"closed","sticky":false,"template":"","format":"standard","meta":{"_bbp_topic_count":0,"_bbp_reply_count":0,"_bbp_total_topic_count":0,"_bbp_total_reply_count":0,"_bbp_voice_count":0,"_bbp_anonymous_reply_count":0,"_bbp_topic_count_hidden":0,"_bbp_reply_count_hidden":0,"_bbp_forum_subforum_count":0,"footnotes":""},"categories":[1,75,29],"tags":[340,341,163,172],"class_list":["post-8843","post","type-post","status-publish","format-standard","has-post-thumbnail","hentry","category-general","category-pee","category-portada","tag-ciencies-socials","tag-cultura-popular","tag-educacio-infantil","tag-educacio-primaria"],"post_mailing_queue_ids":[],"_links":{"self":[{"href":"https:\/\/serveiseducatius.xtec.cat\/segarra\/wp-json\/wp\/v2\/posts\/8843","targetHints":{"allow":["GET"]}}],"collection":[{"href":"https:\/\/serveiseducatius.xtec.cat\/segarra\/wp-json\/wp\/v2\/posts"}],"about":[{"href":"https:\/\/serveiseducatius.xtec.cat\/segarra\/wp-json\/wp\/v2\/types\/post"}],"author":[{"embeddable":true,"href":"https:\/\/serveiseducatius.xtec.cat\/segarra\/wp-json\/wp\/v2\/users\/4"}],"replies":[{"embeddable":true,"href":"https:\/\/serveiseducatius.xtec.cat\/segarra\/wp-json\/wp\/v2\/comments?post=8843"}],"version-history":[{"count":3,"href":"https:\/\/serveiseducatius.xtec.cat\/segarra\/wp-json\/wp\/v2\/posts\/8843\/revisions"}],"predecessor-version":[{"id":8850,"href":"https:\/\/serveiseducatius.xtec.cat\/segarra\/wp-json\/wp\/v2\/posts\/8843\/revisions\/8850"}],"wp:featuredmedia":[{"embeddable":true,"href":"https:\/\/serveiseducatius.xtec.cat\/segarra\/wp-json\/wp\/v2\/media\/8851"}],"wp:attachment":[{"href":"https:\/\/serveiseducatius.xtec.cat\/segarra\/wp-json\/wp\/v2\/media?parent=8843"}],"wp:term":[{"taxonomy":"category","embeddable":true,"href":"https:\/\/serveiseducatius.xtec.cat\/segarra\/wp-json\/wp\/v2\/categories?post=8843"},{"taxonomy":"post_tag","embeddable":true,"href":"https:\/\/serveiseducatius.xtec.cat\/segarra\/wp-json\/wp\/v2\/tags?post=8843"}],"curies":[{"name":"wp","href":"https:\/\/api.w.org\/{rel}","templated":true}]}}