{"id":8289,"date":"2018-11-05T09:15:46","date_gmt":"2018-11-05T08:15:46","guid":{"rendered":"http:\/\/serveiseducatius.xtec.cat\/segarra\/?p=8289"},"modified":"2018-11-19T23:35:37","modified_gmt":"2018-11-19T22:35:37","slug":"els-joves-en-lera-de-lhiperconnectivitat-tendencies-claus-i-mirades","status":"publish","type":"post","link":"https:\/\/serveiseducatius.xtec.cat\/segarra\/portada\/els-joves-en-lera-de-lhiperconnectivitat-tendencies-claus-i-mirades\/","title":{"rendered":"Els joves en l&#8217;era de l&#8217;hiperconnectivitat: tend\u00e8ncies, claus i mirades."},"content":{"rendered":"<p>Confer\u00e8ncia &#8211; xerrada a c\u00e0rrec de <strong><a href=\"http:\/\/www.dreig.eu\/caparazon\/sobre-mi-2\/\" target=\"_blank\" rel=\"noopener\">Dolors Reig Hern\u00e1ndez<\/a>.\u00a0\u00a0<\/strong><\/p>\n<p>Lloc: Sala <strong><a href=\"https:\/\/goo.gl\/maps\/1XWbU2w7AgQ2\" target=\"_blank\" rel=\"noopener\">Francesc Buireu<\/a><\/strong> (Cervera)<br \/>\nDia i Hora: <strong>dijous 22 de novembre del 2018 a les 17.30<\/strong><br \/>\n<strong><span style=\"color: #ff0000;\">Inscripcions obertes:<\/span> <\/strong><br \/>\nDocents a la web XTEC, cercador activitats, codi:\u00a0<a href=\"http:\/\/xtec.gencat.cat\/ca\/formacio\/formacio-permanent-professorat\/cercador-activitats\/\" target=\"_blank\" rel=\"noopener\"><strong>6080391608<\/strong><\/a><br \/>\nAltres: <a href=\"mailto:crp-segarra@xtec.cat\" target=\"_blank\" rel=\"noopener\">crp-segarra@xtec.cat<\/a><\/p>\n<p style=\"text-align: justify;\"><a href=\"https:\/\/serveiseducatius.xtec.cat\/segarra\/wp-content\/uploads\/usu1148\/2018\/11\/dolors_expo_elearning.jpg\"><img loading=\"lazy\" decoding=\"async\" class=\"size-full wp-image-8292 alignleft\" src=\"https:\/\/serveiseducatius.xtec.cat\/segarra\/wp-content\/uploads\/usu1148\/2018\/11\/dolors_expo_elearning.jpg\" alt=\"\" width=\"240\" height=\"240\" srcset=\"https:\/\/serveiseducatius.xtec.cat\/segarra\/wp-content\/uploads\/usu1148\/2018\/11\/dolors_expo_elearning.jpg 240w, https:\/\/serveiseducatius.xtec.cat\/segarra\/wp-content\/uploads\/usu1148\/2018\/11\/dolors_expo_elearning-150x150.jpg 150w\" sizes=\"auto, (max-width: 240px) 100vw, 240px\" \/><\/a>Els joves estan canviant en temps de xarxes socials, i ho fan a <strong>nivell cognitiu<\/strong>, adaptant la forma\u00a0<span style=\"font-family: inherit; font-size: 1em;\">d&#8217;aprendre als nous ecosistemes informacionals; <strong>a nivell social<\/strong>, augmentant el seu potencial per a la participaci\u00f3; i a<strong> nivell de valors<\/strong>, traslladant moltes de les coses apreses a la xarxa al m\u00f3n postdigital que vivim. <\/span><\/p>\n<p style=\"text-align: justify;\"><span style=\"font-family: inherit; font-size: 1em;\">Una educaci\u00f3 actual, a l&#8217;escola i a casa, ha de potenciar les<a href=\"https:\/\/serveiseducatius.xtec.cat\/segarra\/wp-content\/uploads\/usu1148\/2018\/11\/dolors_teds_talk.jpg\"><img loading=\"lazy\" decoding=\"async\" class=\"size-full wp-image-8293 alignright\" src=\"https:\/\/serveiseducatius.xtec.cat\/segarra\/wp-content\/uploads\/usu1148\/2018\/11\/dolors_teds_talk.jpg\" alt=\"\" width=\"240\" height=\"159\" \/><\/a> capacitats humanes per tal que les noves eines, les que els fan en molts sentits els possibles &#8220;superherois&#8221; per un m\u00f3n m\u00e9s feli\u00e7, siguin emprades en aquest sentit. Necessitem, en s\u00edntesi, com a pares, mestres, educar m\u00e9s i millor que mai, tamb\u00e9 en l&#8217;\u00fas de les xarxes.<\/span><\/p>\n<p><a href=\"https:\/\/serveiseducatius.xtec.cat\/segarra\/wp-content\/uploads\/usu1148\/2018\/11\/221118_poster_conferencia.pdf\" target=\"_blank\" rel=\"noopener\">P\u00f2ster<\/a> divulgatiu.<\/p>\n","protected":false},"excerpt":{"rendered":"<p>Confer\u00e8ncia &#8211; xerrada a c\u00e0rrec de <a href=\"http:\/\/www.dreig.eu\/caparazon\/sobre-mi-2\/\" target=\"_blank\" rel=\"noopener\">Dolors Reig Hern\u00e1ndez<\/a>.\u00a0\u00a0<br \/>\nLloc: Sala <a href=\"https:\/\/goo.gl\/maps\/1XWbU2w7AgQ2\" target=\"_blank\" rel=\"noopener\">Francesc Buireu<\/a> (Cervera)<br \/>\nDia i Hora: dijous 22 de novembre del 2018 a les 17.30<br \/>\nInscripcions obertes:<br \/>\nDocents a la web XTEC, cercador activitats, codi:\u00a0<a href=\"http:\/\/xtec.gencat.cat\/ca\/formacio\/formacio-permanent-professorat\/cercador-activitats\/\" target=\"_blank\" rel=\"noopener\">6080391608<\/a><br \/>\nAltres: <a href=\"mailto:crp-segarra@xtec.cat\" target=\"_blank\"&hellip;  <a href=\"https:\/\/serveiseducatius.xtec.cat\/segarra\/portada\/els-joves-en-lera-de-lhiperconnectivitat-tendencies-claus-i-mirades\/\" title=\"Read Els joves en l&#8217;era de l&#8217;hiperconnectivitat: tend\u00e8ncies, claus i mirades.\">Llegeix m\u00e9s\u00bb<\/a><\/p>\n","protected":false},"author":4,"featured_media":8291,"comment_status":"open","ping_status":"closed","sticky":false,"template":"","format":"standard","meta":{"_bbp_topic_count":0,"_bbp_reply_count":0,"_bbp_total_topic_count":0,"_bbp_total_reply_count":0,"_bbp_voice_count":0,"_bbp_anonymous_reply_count":0,"_bbp_topic_count_hidden":0,"_bbp_reply_count_hidden":0,"_bbp_forum_subforum_count":0,"footnotes":""},"categories":[66,154,153,29],"tags":[297,298,296,225],"class_list":["post-8289","post","type-post","status-publish","format-standard","has-post-thumbnail","hentry","category-dinamitzacio","category-formacio","category-pfz","category-portada","tag-conferencies","tag-internivells","tag-neurociencia","tag-pfz"],"post_mailing_queue_ids":[],"_links":{"self":[{"href":"https:\/\/serveiseducatius.xtec.cat\/segarra\/wp-json\/wp\/v2\/posts\/8289","targetHints":{"allow":["GET"]}}],"collection":[{"href":"https:\/\/serveiseducatius.xtec.cat\/segarra\/wp-json\/wp\/v2\/posts"}],"about":[{"href":"https:\/\/serveiseducatius.xtec.cat\/segarra\/wp-json\/wp\/v2\/types\/post"}],"author":[{"embeddable":true,"href":"https:\/\/serveiseducatius.xtec.cat\/segarra\/wp-json\/wp\/v2\/users\/4"}],"replies":[{"embeddable":true,"href":"https:\/\/serveiseducatius.xtec.cat\/segarra\/wp-json\/wp\/v2\/comments?post=8289"}],"version-history":[{"count":4,"href":"https:\/\/serveiseducatius.xtec.cat\/segarra\/wp-json\/wp\/v2\/posts\/8289\/revisions"}],"predecessor-version":[{"id":8319,"href":"https:\/\/serveiseducatius.xtec.cat\/segarra\/wp-json\/wp\/v2\/posts\/8289\/revisions\/8319"}],"wp:featuredmedia":[{"embeddable":true,"href":"https:\/\/serveiseducatius.xtec.cat\/segarra\/wp-json\/wp\/v2\/media\/8291"}],"wp:attachment":[{"href":"https:\/\/serveiseducatius.xtec.cat\/segarra\/wp-json\/wp\/v2\/media?parent=8289"}],"wp:term":[{"taxonomy":"category","embeddable":true,"href":"https:\/\/serveiseducatius.xtec.cat\/segarra\/wp-json\/wp\/v2\/categories?post=8289"},{"taxonomy":"post_tag","embeddable":true,"href":"https:\/\/serveiseducatius.xtec.cat\/segarra\/wp-json\/wp\/v2\/tags?post=8289"}],"curies":[{"name":"wp","href":"https:\/\/api.w.org\/{rel}","templated":true}]}}