{"id":22803,"date":"2026-04-30T12:07:30","date_gmt":"2026-04-30T10:07:30","guid":{"rendered":"https:\/\/serveiseducatius.xtec.cat\/segarra\/?p=22803"},"modified":"2026-04-30T12:07:30","modified_gmt":"2026-04-30T10:07:30","slug":"convocatoria-del-programa-global-scholars","status":"publish","type":"post","link":"https:\/\/serveiseducatius.xtec.cat\/segarra\/general\/convocatoria-del-programa-global-scholars\/","title":{"rendered":"Convocat\u00f2ria del programa Global Scholars"},"content":{"rendered":"<p class=\"gmail-isSelectedEnd\">En breu (5 de maig) s&#8217;acaba el termini per inscriure&#8217;s al programa Global Scholars.<\/p>\n<p class=\"gmail-isSelectedEnd\"><strong>Descripci\u00f3 del programa<\/strong><br \/>\nEl Programa Global Scholars \u00e9s una iniciativa impulsada per Global Cities, Inc., un projecte de Bloomberg Philanthropies, organitzaci\u00f3 sense \u00e0nim de lucre amb seu a Nova York. Gr\u00e0cies a la col\u00b7laboraci\u00f3 amb el Departament d\u2019Educaci\u00f3 i Formaci\u00f3 Professional, els centres educatius catalans poden rebre suport per promoure una educaci\u00f3 pluriling\u00fce i intercultural.<\/p>\n<p class=\"gmail-isSelectedEnd\">Es tracta d\u2019un programa internacional d\u2019aprenentatge en l\u00ednia que connecta m\u00e9s de 13.000 alumnes de centres educatius de prop de 50 ciutats d\u2019arreu del m\u00f3n. L\u2019objectiu \u00e9s preparar-los per esdevenir ciutadans globals i interactuar amb \u00e8xit amb persones d\u2019altres pa\u00efsos.<\/p>\n<p class=\"gmail-isSelectedEnd\"><b>Adre\u00e7at a alumnat de 10 a 13 anys (cicle superior de prim\u00e0ria i primer cicle d\u2019ESO)<\/b>, el programa treballa temes d\u2019inter\u00e8s global en grups internacionals, amb totes les interaccions en llengua anglesa, afavorint la compet\u00e8ncia comunicativa.<\/p>\n<p class=\"gmail-isSelectedEnd\">La participaci\u00f3 \u00e9s gestionada pel Servei de Lleng\u00fces Estrangeres i d\u2019Origen (SLEO) en col\u00b7laboraci\u00f3 amb els Serveis Territorials, i s\u2019obre per al per\u00edode 2026\u20132030.<\/p>\n<p class=\"gmail-isSelectedEnd\"><strong>Requisits principals<\/strong><\/p>\n<ul>\n<li>Centres p\u00fablics d\u2019educaci\u00f3 b\u00e0sica del Departament d\u2019Educaci\u00f3<\/li>\n<li>Projecte educatiu amb enfocament pluriling\u00fce i intercultural<\/li>\n<li>Comprom\u00eds de participaci\u00f3 durant 4 cursos (2026\u20132030)<\/li>\n<li>Dedicaci\u00f3 m\u00ednima de 2 hores setmanals<\/li>\n<\/ul>\n<p class=\"gmail-isSelectedEnd\"><strong>Procediment de sol\u00b7licitud<\/strong><\/p>\n<ul>\n<li>Emplenar i signar electr\u00f2nicament la sol\u00b7licitud<\/li>\n<li>Adjuntar certificat justificatiu dels criteris de selecci\u00f3<\/li>\n<\/ul>\n<p class=\"gmail-isSelectedEnd\"><strong>Termini de sol\u00b7licitud: fins al 5 de maig de 2026<\/strong><\/p>\n<p class=\"gmail-isSelectedEnd\">Per m\u00e9s informaci\u00f3 podeu consultar la <a href=\"https:\/\/serveiseducatius.xtec.cat\/lleida\/general\/convocatoria-del-programa-global-scholars\/\" target=\"_blank\" rel=\"noopener\">p\u00e0gina dels SE de Lleida<\/a><\/p>\n","protected":false},"excerpt":{"rendered":"<p>En breu (5 de maig) s&#8217;acaba el termini per inscriure&#8217;s al programa Global Scholars.<br \/>\nDescripci\u00f3 del programa<br \/>\nEl Programa Global Scholars \u00e9s una iniciativa impulsada per Global Cities, Inc., un projecte de Bloomberg Philanthropies, organitzaci\u00f3 sense \u00e0nim de lucre amb seu a Nova York. Gr\u00e0cies a la&hellip;  <a href=\"https:\/\/serveiseducatius.xtec.cat\/segarra\/general\/convocatoria-del-programa-global-scholars\/\" title=\"Read Convocat\u00f2ria del programa Global Scholars\">Llegeix m\u00e9s\u00bb<\/a><\/p>\n","protected":false},"author":4,"featured_media":22804,"comment_status":"closed","ping_status":"open","sticky":false,"template":"","format":"standard","meta":{"_bbp_topic_count":0,"_bbp_reply_count":0,"_bbp_total_topic_count":0,"_bbp_total_reply_count":0,"_bbp_voice_count":0,"_bbp_anonymous_reply_count":0,"_bbp_topic_count_hidden":0,"_bbp_reply_count_hidden":0,"_bbp_forum_subforum_count":0,"footnotes":""},"categories":[65,1,69,29],"tags":[],"class_list":["post-22803","post","type-post","status-publish","format-standard","has-post-thumbnail","hentry","category-crp","category-general","category-llengues","category-portada"],"post_mailing_queue_ids":[],"_links":{"self":[{"href":"https:\/\/serveiseducatius.xtec.cat\/segarra\/wp-json\/wp\/v2\/posts\/22803","targetHints":{"allow":["GET"]}}],"collection":[{"href":"https:\/\/serveiseducatius.xtec.cat\/segarra\/wp-json\/wp\/v2\/posts"}],"about":[{"href":"https:\/\/serveiseducatius.xtec.cat\/segarra\/wp-json\/wp\/v2\/types\/post"}],"author":[{"embeddable":true,"href":"https:\/\/serveiseducatius.xtec.cat\/segarra\/wp-json\/wp\/v2\/users\/4"}],"replies":[{"embeddable":true,"href":"https:\/\/serveiseducatius.xtec.cat\/segarra\/wp-json\/wp\/v2\/comments?post=22803"}],"version-history":[{"count":2,"href":"https:\/\/serveiseducatius.xtec.cat\/segarra\/wp-json\/wp\/v2\/posts\/22803\/revisions"}],"predecessor-version":[{"id":22806,"href":"https:\/\/serveiseducatius.xtec.cat\/segarra\/wp-json\/wp\/v2\/posts\/22803\/revisions\/22806"}],"wp:featuredmedia":[{"embeddable":true,"href":"https:\/\/serveiseducatius.xtec.cat\/segarra\/wp-json\/wp\/v2\/media\/22804"}],"wp:attachment":[{"href":"https:\/\/serveiseducatius.xtec.cat\/segarra\/wp-json\/wp\/v2\/media?parent=22803"}],"wp:term":[{"taxonomy":"category","embeddable":true,"href":"https:\/\/serveiseducatius.xtec.cat\/segarra\/wp-json\/wp\/v2\/categories?post=22803"},{"taxonomy":"post_tag","embeddable":true,"href":"https:\/\/serveiseducatius.xtec.cat\/segarra\/wp-json\/wp\/v2\/tags?post=22803"}],"curies":[{"name":"wp","href":"https:\/\/api.w.org\/{rel}","templated":true}]}}