{"id":22630,"date":"2026-03-06T09:28:18","date_gmt":"2026-03-06T08:28:18","guid":{"rendered":"https:\/\/serveiseducatius.xtec.cat\/segarra\/?p=22630"},"modified":"2026-03-06T09:28:18","modified_gmt":"2026-03-06T08:28:18","slug":"butlleti-informatiu-marc-2026","status":"publish","type":"post","link":"https:\/\/serveiseducatius.xtec.cat\/segarra\/dinamitzacio\/butlleti\/butlleti-informatiu-marc-2026\/","title":{"rendered":"Butllet\u00ed informatiu mar\u00e7 2026"},"content":{"rendered":"<p><img loading=\"lazy\" decoding=\"async\" width=\"999\" height=\"220\" class=\"aligncenter size-full wp-image-11369\" src=\"https:\/\/serveiseducatius.xtec.cat\/segarra\/wp-content\/uploads\/usu1148\/2020\/10\/segarra-cap\u00e7alera.png\" srcset=\"https:\/\/serveiseducatius.xtec.cat\/segarra\/wp-content\/uploads\/usu1148\/2020\/10\/segarra-cap\u00e7alera.png 999w, https:\/\/serveiseducatius.xtec.cat\/segarra\/wp-content\/uploads\/usu1148\/2020\/10\/segarra-cap\u00e7alera-300x66.png 300w, https:\/\/serveiseducatius.xtec.cat\/segarra\/wp-content\/uploads\/usu1148\/2020\/10\/segarra-cap\u00e7alera-768x169.png 768w\" sizes=\"auto, (max-width: 999px) 100vw, 999px\" \/><\/p>\n<table class=\"sensevora\" style=\"height: 2749px; width: 100%; background-color: #ffefe7;\">\n<tbody>\n<tr style=\"height: 34px;\">\n<td style=\"background-color: #facfb9; text-align: center; vertical-align: middle; width: 100%; height: 34px;\" colspan=\"2\"><span style=\"font-family: 'trebuchet ms';\"><span style=\"font-size: 14pt;\">DESTAQUEM<\/span><\/span><\/td>\n<\/tr>\n<tr style=\"background-color: #ffefe7;\">\n<td style=\"text-align: center; vertical-align: middle; width: 25%; background-color: #ffefe7;\"><span style=\"font-size: 16px;\"><a href=\"https:\/\/serveiseducatius.xtec.cat\/segarra\/wp-content\/uploads\/usu1148\/2025\/01\/espill-encantat.png\"><img loading=\"lazy\" decoding=\"async\" class=\"alignnone size-full wp-image-21671\" src=\"https:\/\/serveiseducatius.xtec.cat\/segarra\/wp-content\/uploads\/usu1148\/2025\/01\/espill-encantat.png\" alt=\"\" width=\"150\" height=\"150\" \/><\/a><\/span><\/td>\n<td style=\"text-align: left; vertical-align: top; width: 75%; background-color: #ffefe7;\">\n<p class=\"entry-title\"><span style=\"font-size: 12pt;\"><strong>Projecte comunitari: L\u2019espill encantat<\/strong><\/span><\/p>\n<p><span style=\"font-size: 12pt;\">Espectacle musical\u00a0basat en el poemari <em>\u201cQuadern de m\u00fasica\u201d<\/em> de Jaume Ferran, amb l\u2019adaptaci\u00f3 d\u2019un text de Montse Pont, m\u00fasica de Jordi Castell\u00e0 i la participaci\u00f3 d\u2019alumnat d\u2019escoles i instituts de la comarca.<\/span><\/p>\n<p><span style=\"font-size: 12pt;\">\ud83d\udcc5 Dates: <strong>19 i 20 de mar\u00e7<\/strong> de 2026<\/span><\/p>\n<p><span style=\"font-size: 12pt;\">\ud83d\udccd Lloc: Teatre Municipal Ateneu de Guissona<\/span><\/p>\n<p><span style=\"font-size: 12pt;\">\ud83c\udfadRepresentacions obertes a tots els centres educatius interessats (espectacle recomanat per alumnat de cicle inicial, mitj\u00e0, superior i 1r i 2n d\u2019ESO).<\/span><\/p>\n<p><span style=\"font-size: 12pt;\">\u2139\u00a0<a href=\"https:\/\/serveiseducatius.xtec.cat\/segarra\/general\/lespill-encantat-2026\/\" target=\"_blank\" rel=\"noopener\">M\u00e9s informaci\u00f3<\/a>\u00a0 \u00a0|\u00a0\u00a0\u00a0<a href=\"https:\/\/www.canva.com\/design\/DAG3GdjlCPo\/HUq3R8syfWuTdGoCLmuuZw\/view?utm_content=DAG3GdjlCPo&amp;utm_campaign=designshare&amp;utm_medium=link2&amp;utm_source=uniquelinks&amp;utlId=h43ac62bc6f\" target=\"_blank\" rel=\"noopener\">Infografia<\/a><\/span><\/td>\n<\/tr>\n<tr style=\"height: 100px;\">\n<td style=\"text-align: center; vertical-align: middle; width: 25%; background-color: #ffffff; height: 100px;\"><span style=\"font-size: 16px;\"> <a href=\"https:\/\/serveiseducatius.xtec.cat\/segarra\/wp-content\/uploads\/usu1148\/2026\/03\/Cassio-fx55plus.png\"><img loading=\"lazy\" decoding=\"async\" class=\"alignnone size-full wp-image-22673\" src=\"https:\/\/serveiseducatius.xtec.cat\/segarra\/wp-content\/uploads\/usu1148\/2026\/03\/Cassio-fx55plus.png\" alt=\"\" width=\"150\" height=\"150\" \/><\/a><\/span><\/td>\n<td style=\"text-align: left; vertical-align: top; width: 75%; background-color: #ffffff; height: 100px;\">\n<p data-start=\"0\" data-end=\"63\"><span style=\"font-size: 12pt;\"><strong>Maleta pedag\u00f2gica de calculadores Casio fx-55 PLUS<\/strong><\/span><\/p>\n<p data-start=\"0\" data-end=\"63\"><span style=\"font-size: 12pt;\">Ja podeu demanar en pr\u00e9stec una nova maleta pedag\u00f2gica amb 20 calculadores Casio fx-55 plus acompanyades de fitxes did\u00e0ctiques elaborades per la mateixa casa Casio per aprendre a utilitzar la calculadora.<\/span><\/p>\n<p data-start=\"0\" data-end=\"63\"><span style=\"font-size: 12pt;\">\ud83d\udc65 Adre\u00e7at a alumnes de cicle superior i 1r i 2n d&#8217;ESO.<\/span><\/p>\n<p data-start=\"0\" data-end=\"63\"><span style=\"font-size: 12pt;\">\u2139\u00a0<a href=\"https:\/\/drive.google.com\/drive\/folders\/13-lAIu4_if4f93SO03DIm1HLNCRfzAjF\" target=\"_blank\" rel=\"noopener\">Fitxes de treball<\/a>\u00a0 \u00a0|\u00a0 \u00a0<a href=\"https:\/\/docs.google.com\/spreadsheets\/d\/10kCf12TcaFi-GikeAe1kOg9CAJ6rhBneaeWnv37YZp4\/edit?gid=0#gid=0\" target=\"_blank\" rel=\"noopener\">Calendari<\/a>\u00a0 \u00a0|\u00a0 \u00a0<a href=\"https:\/\/docs.google.com\/forms\/d\/e\/1FAIpQLSdHBHX4qCjtdY4BZkM9_OGLZKFp1j2qNtCnY8HX8ndMUimVaQ\/viewform\" target=\"_blank\" rel=\"noopener\">Reserva<\/a><\/span><\/p>\n<\/td>\n<\/tr>\n<tr style=\"height: 26px; background-color: #ffffff;\">\n<td style=\"text-align: center; vertical-align: middle; width: 25%; height: 26px; background-color: #ffefe7;\"><img loading=\"lazy\" decoding=\"async\" class=\"aligncenter size-full wp-image-15767\" src=\"https:\/\/serveiseducatius.xtec.cat\/segarra\/wp-content\/uploads\/usu1148\/2022\/02\/ods5.jpg\" alt=\"\" width=\"150\" height=\"150\" \/><\/td>\n<td style=\"text-align: left; vertical-align: top; width: 75%; height: 26px; background-color: #ffefe7;\"><strong><span style=\"font-size: 12pt;\">Dia Internacional de les Dones treballadores<\/span><\/strong><\/p>\n<p><span style=\"font-size: 12pt;\">\ud83d\uddd3 El diumenge <strong>8 de mar\u00e7<\/strong> de 2026<\/span><\/p>\n<p><span style=\"font-size: 12pt;\"><span class=\"gmail_default\" style=\"font-size: 12pt;\"><span style=\"font-family: arial, sans-serif; font-size: 12pt;\"><span style=\"color: #000000;\">\u270d\ufe0f <\/span><\/span><\/span>Recursos per a treballar a l&#8217;aula: <a href=\"https:\/\/edumet.cat\/areatac\/presentacions\/fitxers\/1OAT_-sDFTu24OEB8qBDdpmIU9mveWUCC6OF46uMpVUQ\/documents\/ODS_5.pdf\" target=\"_blank\" rel=\"noopener\">ODS 5<\/a>\u00a0 |\u00a0 <a href=\"https:\/\/www.educac.cat\/professorat\/itineraris\/perspectiva-genere\" target=\"_blank\" rel=\"noopener\">Educac<\/a>\u00a0 |\u00a0 <a href=\"https:\/\/www.rosasensat.org\/perspectiva-de-genere-i-coeducacio-lectures-infantils-i-juvenils-per-treballar-dins-i-fora-laula\/\" target=\"_blank\" rel=\"noopener\">Rosa Sensat<\/a>\u00a0 |\u00a0 \u00a0<a href=\"https:\/\/drive.google.com\/file\/d\/1ktcosNyWdLKtHMGj1tYAJ4UwKowESRkR\/view\" target=\"_blank\" rel=\"noopener\">ARC<\/a><\/span><\/td>\n<\/tr>\n<tr style=\"background-color: #ffefe7;\">\n<td style=\"text-align: center; vertical-align: middle; height: 33px; width: 25%; background-color: #ffffff;\"><a style=\"font-size: 16px;\" href=\"https:\/\/serveiseducatius.xtec.cat\/segarra\/wp-content\/uploads\/usu1148\/2026\/03\/Dia-mundial-de-la-poesia.png\"><span style=\"color: #222222;\"><img loading=\"lazy\" decoding=\"async\" class=\"alignnone size-full wp-image-22633\" src=\"https:\/\/serveiseducatius.xtec.cat\/segarra\/wp-content\/uploads\/usu1148\/2026\/03\/Dia-mundial-de-la-poesia.png\" alt=\"\" width=\"150\" height=\"150\" \/><\/span><\/a><\/td>\n<td style=\"height: 33px; text-align: left; vertical-align: top; width: 75%; background-color: #ffffff;\"><strong><span style=\"font-size: 12pt;\">Dia Mundial de la Poesia 2026<\/span><\/strong><\/p>\n<p><span style=\"font-size: 12pt;\">En la dinovena edici\u00f3 del DMP, la ILC ha escollit el poema \u201cFoc d\u2019ocell\u201d, de Blai Bonet, de qui enguany es commemora el centenari del naixement.<\/span><\/p>\n<p><span style=\"font-size: 12pt;\">\ud83d\uddd3 El dissabte <strong>21 de mar\u00e7<\/strong> de 2026<\/span><\/p>\n<p><span style=\"font-size: 12pt;\">\u2139 <a href=\"https:\/\/cultura.gencat.cat\/ca\/ilc\/que-fem\/programes\/dia-mundial-de-la-poesia\/index.html\" target=\"_blank\" rel=\"noopener\">M\u00e9s informaci\u00f3<\/a><\/span><\/p>\n<p><span style=\"font-size: 12pt;\">Tamb\u00e9 podeu demanar la <a href=\"https:\/\/docs.google.com\/document\/d\/19xJG4z-_0lk5ljeS2he_rwOchafSmD_1LN2X7hz9dUo\/edit?usp=sharing\" target=\"_blank\" rel=\"noopener\">Maleta Viatgera de POESIA<\/a> del CRP de la Segarra mitjan\u00e7ant el <a href=\"https:\/\/docs.google.com\/forms\/d\/e\/1FAIpQLScmQQWOAdfh7uWWs5D0VvIAZK3xHJNC3aGYfLYGYmPy0Vbqcg\/viewform\" target=\"_blank\" rel=\"noopener\">formulari\u00a0<\/a><a href=\"https:\/\/docs.google.com\/forms\/d\/e\/1FAIpQLSdHBHX4qCjtdY4BZkM9_OGLZKFp1j2qNtCnY8HX8ndMUimVaQ\/viewform\" target=\"_blank\" rel=\"noopener\">pr\u00e9stec<\/a>.<\/span><\/td>\n<\/tr>\n<tr style=\"height: 37px;\">\n<td style=\"vertical-align: middle; height: 37px; width: 25%; background-color: #ffefe7; text-align: center;\"><a style=\"font-size: 16px;\" href=\"https:\/\/serveiseducatius.xtec.cat\/segarra\/wp-content\/uploads\/usu1148\/2026\/01\/afanoc.png\"><span style=\"color: #222222;\"><img loading=\"lazy\" decoding=\"async\" class=\"alignnone size-full wp-image-22562\" src=\"https:\/\/serveiseducatius.xtec.cat\/segarra\/wp-content\/uploads\/usu1148\/2026\/01\/afanoc.png\" alt=\"\" width=\"150\" height=\"150\" \/><\/span><\/a><\/td>\n<td style=\"text-align: left; vertical-align: top; height: 37px; width: 75%; background-color: #ffefe7;\"><strong><span style=\"font-size: 12pt;\">Posa\u2019t la gorra a Lleida<\/span><\/strong><\/p>\n<p><span style=\"font-size: 12pt;\">La campanya del Posa\u2019t la Gorra a Lleida, la m\u00e9s simb\u00f2lica de l\u2019AFANOC, l\u2019Associaci\u00f3 de Familiars i Amics de Nens Oncol\u00f2gics de Catalunya, ja est\u00e0 en marxa.<\/span><\/p>\n<p><span style=\"font-size: 12pt;\">\ud83d\udcc5 El <strong>diumenge 15 de mar\u00e7<\/strong> de 2026<\/span><\/p>\n<p><span style=\"font-size: 12pt;\">\ud83d\udccdA la Seu Vella de Lleida<\/span><\/p>\n<p><span style=\"font-size: 12pt;\">\u2139 <a href=\"https:\/\/serveiseducatius.xtec.cat\/segarra\/general\/posat-la-gorra-a-lleida-2\/\" target=\"_blank\" rel=\"noopener\">M\u00e9s informaci\u00f3<\/a>\u00a0| <a href=\"https:\/\/mcusercontent.com\/a74f6f1b138c41b0e76bef7eb\/files\/b94e9774-8e13-78de-4e41-efb7f808f55a\/Carta_Com_podeu_col_middot_laborar_2026.02.pdf\" target=\"_blank\" rel=\"noopener\">Com col\u00b7laborar<\/a><\/span><\/td>\n<\/tr>\n<tr>\n<td style=\"vertical-align: middle; width: 25%; background-color: #ffffff; text-align: center;\"><span style=\"color: #222222;\"> <a href=\"https:\/\/serveiseducatius.xtec.cat\/segarra\/wp-content\/uploads\/usu1148\/2026\/03\/xatme4.png\"><img loading=\"lazy\" decoding=\"async\" class=\"alignnone size-full wp-image-22670\" src=\"https:\/\/serveiseducatius.xtec.cat\/segarra\/wp-content\/uploads\/usu1148\/2026\/03\/xatme4.png\" alt=\"\" width=\"150\" height=\"150\" \/><\/a><\/span><\/td>\n<td style=\"text-align: left; vertical-align: top; width: 75%; background-color: #ffffff;\"><strong><span style=\"font-size: 12pt;\"> 4a sessi\u00f3 de la Xarxa de Millora Educativa<\/span><\/strong><\/p>\n<p><span style=\"font-size: 12pt;\">Aquesta jornada est<span class=\"gmail_default\">\u00e0\u00a0<\/span>dedicada a les\u00a0<b>capses d&#8217;aprenentatge<\/b>, una proposta que permet aprofundir en estrat\u00e8gies i experi\u00e8ncies vinculades a la millora de la pr\u00e0ctica educativa.<\/span><\/p>\n<p><span style=\"font-size: 12pt;\">\ud83d\udcc5 El dimecres <b>11 de mar\u00e7 <\/b>a les 9:30h (en format telem\u00e0tic).<\/span><\/p>\n<p><span class=\"gmail_default\" style=\"font-size: 12pt;\"><span style=\"font-family: arial, sans-serif; font-size: 12pt;\"><span style=\"color: #000000;\">\u270d\ufe0f <\/span><\/span>Formulari d&#8217;<a href=\"https:\/\/docs.google.com\/forms\/d\/e\/1FAIpQLSfEQOJmgNpYCck8eIMQH2XWZXxhaGMBcJhj1A57_EHChO5w9Q\/viewform\" target=\"_blank\" rel=\"noopener\" data-saferedirecturl=\"https:\/\/www.google.com\/url?q=https:\/\/docs.google.com\/forms\/d\/e\/1FAIpQLSfEQOJmgNpYCck8eIMQH2XWZXxhaGMBcJhj1A57_EHChO5w9Q\/viewform&amp;source=gmail&amp;ust=1772717999773000&amp;usg=AOvVaw1G8-rOE2_dMhwKYMfarWNn\">inscripci\u00f3<\/a><\/span><span class=\"gmail_default\" style=\"font-size: 12pt;\"> (fins al 9 de mar\u00e7)\u00a0<\/span><\/p>\n<p><span style=\"font-size: 12pt;\">\u2139 <a href=\"https:\/\/drive.google.com\/file\/d\/1tvet_zQYqlatOoUiQnGv1o5rppKsCkWt\/view?usp=sharing\" target=\"_blank\" rel=\"noopener\">Programa <\/a>de la sessi\u00f3\u00a0 \u00a0|\u00a0 \u00a0<span class=\"gmail_default\" style=\"font-size: 12pt;\"><a href=\"https:\/\/meet.google.com\/yft-nicy-agf\" target=\"_blank\" rel=\"noopener\" data-saferedirecturl=\"https:\/\/www.google.com\/url?q=https:\/\/meet.google.com\/yft-nicy-agf&amp;source=gmail&amp;ust=1772717999773000&amp;usg=AOvVaw3KDzfzuxwb2Q-QyRZbVm4p\">Enlla\u00e7 <\/a>per connectar-se<\/span><\/span><\/td>\n<\/tr>\n<tr style=\"background-color: #ffefe7;\">\n<td style=\"vertical-align: middle; width: 25%; background-color: #ffefe7;\"><span style=\"color: #222222;\"><a href=\"https:\/\/serveiseducatius.xtec.cat\/segarra\/wp-content\/uploads\/usu1148\/2026\/03\/centres-formadors.png\"><img loading=\"lazy\" decoding=\"async\" class=\"size-full wp-image-22677 aligncenter\" src=\"https:\/\/serveiseducatius.xtec.cat\/segarra\/wp-content\/uploads\/usu1148\/2026\/03\/centres-formadors.png\" alt=\"\" width=\"150\" height=\"150\" \/><\/a><\/span><\/td>\n<td style=\"vertical-align: top; width: 75%; background-color: #ffefe7;\"><span style=\"font-size: 12pt;\"><strong>Convocat\u00f2ria Centres formadors de pr\u00e0ctiques<\/strong><\/span><\/p>\n<p dir=\"ltr\"><span style=\"font-size: 12pt;\">S&#8217;ha publicat la convocat\u00f2ria 20026-2027 per esdevenir Centre Formador de pr\u00e0ctiques d&#8217;estudiants universitaris.\u00a0<\/span><\/p>\n<p dir=\"ltr\"><span style=\"font-size: 12pt;\">\ud83d\udcc5 Els centres que vulguin incorporar-se com a\u00a0nous Centres Formadors\u00a0han de presentar la sol\u00b7licitud <strong>abans del 16 de mar\u00e7<\/strong>. Els centres que ja son centre formador no cal que facin cap sol\u00b7licitud, ja que autom\u00e0ticament es renova la continu\u00eftat; nom\u00e9s en el cas que es vulgui renunciar a ser Centre Formador, s&#8217;ha de comunicar, al referent de pr\u00e0ctiques dels serveis territorials, la voluntat de no ser Centre Formador (fins al 16 de mar\u00e7).<\/span><\/p>\n<p dir=\"ltr\"><span style=\"font-size: 12pt;\">\u2139 Informaci\u00f3 al <a href=\"https:\/\/espai.educacio.gencat.cat\/Alumnes\/Centres-formadors\/Seleccio-centres-formadors\/Pagines\/default.aspx#!%23h22\" target=\"_blank\" rel=\"noopener\" data-saferedirecturl=\"https:\/\/www.google.com\/url?q=https:\/\/espai.educacio.gencat.cat\/Alumnes\/Centres-formadors\/Seleccio-centres-formadors\/Pagines\/default.aspx%23!%2523h22&amp;source=gmail&amp;ust=1772727809298000&amp;usg=AOvVaw3hqJwqIS-L4PEUrBjRhypb\">Portal de centres<\/a>\u00a0 \u00a0|\u00a0\u00a0\u00a0Per qualsevol dubte o aclariment, podeu adre\u00e7ar-vos al correu &#8220;practiques.lle<span class=\"\">@xtec.ca<\/span>t&#8221;<\/span><\/p>\n<\/td>\n<\/tr>\n<tr>\n<td style=\"vertical-align: middle; width: 25%; background-color: #ffffff; text-align: center;\"><span style=\"color: #222222;\"><a href=\"https:\/\/serveiseducatius.xtec.cat\/segarra\/wp-content\/uploads\/usu1148\/2026\/03\/pesbum.png\"><img loading=\"lazy\" decoding=\"async\" class=\"alignnone size-full wp-image-22688\" src=\"https:\/\/serveiseducatius.xtec.cat\/segarra\/wp-content\/uploads\/usu1148\/2026\/03\/pesbum.png\" alt=\"\" width=\"150\" height=\"150\" \/><\/a><\/span><\/td>\n<td style=\"vertical-align: top; width: 75%; background-color: #ffffff;\"><span style=\"font-size: 12pt;\"><strong>Programa d\u2019educaci\u00f3 sanit\u00e0ria pel bon \u00fas dels medicaments (Programa PESBUM)<\/strong><\/span><\/p>\n<p><span style=\"font-size: 12pt;\">Des de l\u2019ASPCAT (Ag\u00e8ncia de Salut P\u00fablica de Catalunya) s&#8217;impulsa el Programa PESBUM (Programa d\u2019Educaci\u00f3 Sanit\u00e0ria pel Bon \u00das dels Medicaments) que consta de xerrades informatives sobre medicaments i h\u00e0bits de salut.<\/span><\/p>\n<p><span style=\"font-size: 12pt;\">\u27a1\ufe0f <\/span><span style=\"font-size: 12pt;\">\u00a0Adre\u00e7at a l\u2019alumnat de 3r i 4t d\u2019ESO i 1r i 2n de Batxillerat.<\/span><\/p>\n<p><span style=\"font-size: 12pt;\">\u2139\u00a0<a href=\"https:\/\/medicaments.gencat.cat\/ca\/ciutadania\/formacio\/programa-educacio-sanitaria-bon-us-medicaments\/index.html\" target=\"_blank\" rel=\"noopener\">M\u00e9s informaci\u00f3<\/a><\/span><\/td>\n<\/tr>\n<tr style=\"height: 33px;\">\n<td style=\"width: 100%; background-color: #facfb9; height: 33px; text-align: center; vertical-align: middle;\" colspan=\"2\" scope=\"row\"><span style=\"color: #000000;\"><span style=\"font-family: 'trebuchet ms';\"><span style=\"font-size: 14pt;\">US POT INTERESSAR<\/span><\/span><\/span><\/td>\n<\/tr>\n<tr style=\"height: 220px; background-color: #ffffff;\">\n<td style=\"width: 25%; background-color: #ffefe7; text-align: center; vertical-align: middle; height: 220px;\"><a style=\"font-size: 16px;\" href=\"https:\/\/serveiseducatius.xtec.cat\/segarra\/wp-content\/uploads\/usu1148\/2026\/03\/xarxes-socials-i-joves.png\"><span style=\"color: #222222;\"><img loading=\"lazy\" decoding=\"async\" class=\"alignnone size-full wp-image-22636\" src=\"https:\/\/serveiseducatius.xtec.cat\/segarra\/wp-content\/uploads\/usu1148\/2026\/03\/xarxes-socials-i-joves.png\" alt=\"\" width=\"150\" height=\"150\" \/><\/span><\/a><\/td>\n<td style=\"width: 75%; background-color: #ffefe7; text-align: left; vertical-align: top; height: 220px;\"><strong><span style=\"font-size: 12pt;\">Escola de fam\u00edlies &#8211; 2n trimestre: Xarxes socials i joves: com es construeixen les idees d&#8217;avui<\/span><\/strong><\/p>\n<p><span style=\"font-family: arial, sans-serif; font-size: 12pt;\"><span style=\"color: #000000;\">Una xerrada a c\u00e0rrec d&#8217;Anna Carulla L\u00f3pez, consultora en comunicaci\u00f3 pol\u00edtica i experta en xarxes socials. Parlarem de com els joves accedeixen a les not\u00edcies, la desinformaci\u00f3 i els algoritmes, el paper dels creadors de contingut i de com les xarxes socials afecten la manera de debatre i implicar-se pol\u00edticament.\u00a0<\/span><\/span><\/p>\n<p><span style=\"font-size: 12pt;\">\ud83d\udcc5\u00a0 Dimarts, <strong>17 de mar\u00e7<\/strong>\u00a0a les 19:00h<\/span><\/p>\n<p><span style=\"font-family: arial, sans-serif; font-size: 12pt;\"><span style=\"color: #000000;\">\ud83d\udccd\u00a0 Biblioteca de Guissona (Av. Onze de Setembre,1)<\/span><\/span><\/p>\n<p><span style=\"font-family: arial, sans-serif; font-size: 12pt;\"><span style=\"color: #000000;\"> \u270d\ufe0f \u00a0<a href=\"https:\/\/docs.google.com\/forms\/d\/e\/1FAIpQLSc7R5pcIg35WpwQwF_Tf0BzKWCwk0qGgSiEbTvu_tyrfl18xg\/viewform\" target=\"_blank\" rel=\"noopener\" data-saferedirecturl=\"https:\/\/www.google.com\/url?q=https:\/\/docs.google.com\/forms\/d\/e\/1FAIpQLSc7R5pcIg35WpwQwF_Tf0BzKWCwk0qGgSiEbTvu_tyrfl18xg\/viewform&amp;source=gmail&amp;ust=1772527409169000&amp;usg=AOvVaw3Fy0ZCvcEAMJ4awJtT5QtQ\">Inscripcions<\/a><\/span><\/span><\/td>\n<\/tr>\n<tr style=\"background-color: #ffffff;\">\n<td style=\"width: 25%; background-color: #ffffff; text-align: center; vertical-align: middle; height: 220px;\"><a style=\"font-size: 16px;\" href=\"https:\/\/serveiseducatius.xtec.cat\/segarra\/wp-content\/uploads\/usu1148\/2026\/03\/etwining2.png\"><span style=\"color: #222222;\"><img loading=\"lazy\" decoding=\"async\" class=\"alignnone size-full wp-image-22651\" src=\"https:\/\/serveiseducatius.xtec.cat\/segarra\/wp-content\/uploads\/usu1148\/2026\/03\/etwining2.png\" alt=\"\" width=\"150\" height=\"150\" \/><\/span><\/a><\/td>\n<td style=\"width: 75%; background-color: #ffffff; text-align: left; vertical-align: top; height: 220px;\"><strong><span style=\"font-size: 16px;\"><span style=\"font-size: 12pt;\">Obert el termini per sol\u00b7licitar l\u2019Acreditaci\u00f3 de Centre eTwinning<\/span> <\/span><\/strong><\/p>\n<p><span style=\"font-size: 12pt;\">Els centres educatius ja podeu presentar la vostra sol\u00b7licitud per obtenir l\u2019Acreditaci\u00f3 de Centre eTwinning.<\/span><\/p>\n<p><span style=\"font-size: 12pt;\">\ud83d\udcc5 <strong>Del 12 de febrer fins al 10 de mar\u00e7<\/strong><\/span><\/p>\n<p><span style=\"font-size: 12pt;\">\u2139 <a href=\"https:\/\/serveiseducatius.xtec.cat\/segarra\/portada\/obert-el-termini-per-sollicitar-lacreditacio-de-centre-etwinning\/\" target=\"_blank\" rel=\"noopener\">M\u00e9s informaci\u00f3<\/a><\/span><\/td>\n<\/tr>\n<tr style=\"background-color: ffffff;\">\n<td style=\"width: 25%; background-color: #ffefe7; height: 167px; text-align: center; vertical-align: middle;\"><a style=\"font-size: 16px;\" href=\"https:\/\/serveiseducatius.xtec.cat\/segarra\/wp-content\/uploads\/usu1148\/2026\/03\/steam26.png\"><span style=\"color: #222222;\"><img loading=\"lazy\" decoding=\"async\" class=\"alignnone size-full wp-image-22656\" src=\"https:\/\/serveiseducatius.xtec.cat\/segarra\/wp-content\/uploads\/usu1148\/2026\/03\/steam26.png\" alt=\"\" width=\"150\" height=\"150\" \/><\/span><\/a><\/td>\n<td style=\"width: 75%; background-color: #ffefe7; text-align: left; vertical-align: top; height: 167px;\">\n<p class=\"entry-title\"><strong><span style=\"font-size: 12pt;\">VII Jornada d\u2019Intercanvi d\u2019Experi\u00e8ncies STEAM per al professorat<\/span><\/strong><\/p>\n<p><span style=\"font-size: 12pt;\">L&#8217;objectiu principal d&#8217;aquesta VII Jornada d&#8217;Intercanvi \u00e9s compartir les experi\u00e8ncies STEAM que el professorat est\u00e0 treballant en el seu centre durant el curs 2025-26.<\/span><\/p>\n<p class=\"descripcio grayDescription\"><span style=\"font-size: 16px;\"><span style=\"font-size: 12pt;\">\ud83d\udcc5 Data: <strong>25 d&#8217;abril<\/strong><\/span><br data-start=\"138\" data-end=\"141\" \/><span style=\"font-size: 12pt;\">\u23f0 Horari: de 9:00 h a 14:00 h<\/span><br data-start=\"174\" data-end=\"177\" data-is-only-node=\"\" \/><span style=\"font-size: 12pt;\">\ud83d\udccd Lloc: als espais de l&#8217;edifici del CCCT del Campus de Cappont de la UdL (C\/ de Jaume II, 67, 25001 Lleida)<\/span><\/span><\/p>\n<p><span style=\"font-size: 12pt;\">\u2139 <a href=\"https:\/\/www.ice.udl.cat\/ca\/activitats\/experiencies-steam\/\" target=\"_blank\" rel=\"noopener\">M\u00e9s informaci\u00f3<\/a>\u00a0<\/span><\/td>\n<\/tr>\n<tr style=\"background-color: #ffffff;\">\n<td style=\"width: 25%; background-color: #ffffff; text-align: center; vertical-align: middle; height: 167px;\"><a style=\"font-size: 16px;\" href=\"https:\/\/serveiseducatius.xtec.cat\/segarra\/wp-content\/uploads\/usu1148\/2026\/03\/internet-segura-2026.png\"><span style=\"color: #222222;\"><img loading=\"lazy\" decoding=\"async\" class=\"alignnone size-full wp-image-22659\" src=\"https:\/\/serveiseducatius.xtec.cat\/segarra\/wp-content\/uploads\/usu1148\/2026\/03\/internet-segura-2026.png\" alt=\"\" width=\"150\" height=\"150\" \/><\/span><\/a><\/td>\n<td style=\"width: 75%; background-color: #ffffff; text-align: left; vertical-align: top; height: 167px;\"><strong><span style=\"font-size: 12pt;\">Taller \u201cSeguretat Digital per Educar en temps d\u2019IA\u201d en l\u00ednia per celebrar el Dia d&#8217;Internet Segura 2026<\/span><\/strong><\/p>\n<p><span style=\"font-size: 12pt;\">Aquest taller destinat a alumnes de a partir de 6\u00e8 d\u2019E.P. i de tota l\u2019E.S.O. que s&#8217;havia de fer el 10 de febrer es va haver d&#8217;ajornar per motius meteorol\u00f2gics<\/span><span style=\"font-size: 12pt;\">.<\/span><\/p>\n<p><span style=\"font-size: 12pt;\"><span style=\"font-size: 16px;\">\ud83d\udcc5 <\/span>Dia: <strong>dijous 26 de mar\u00e7<\/strong><\/span><span style=\"font-size: 12pt;\"> de 10:30h a 11:15h<\/span><\/p>\n<p><span style=\"font-size: 12pt;\"><span style=\"font-size: 16px;\">\ud83d\udccd <\/span>Lloc: streaming en l\u00ednia des de <a href=\"https:\/\/www.incibe.es\/eventos\/sid\" target=\"_blank\" rel=\"noopener\">https:\/\/www.incibe.es\/eventos\/sid<\/a><\/span><\/p>\n<p><span style=\"font-size: 12pt;\">\u2139\ufe0f <a href=\"https:\/\/www.incibe.es\/eventos\/sid\" target=\"_blank\" rel=\"noopener\">Informaci\u00f3<\/a> | <a href=\"https:\/\/ciberseguretat.gencat.cat\/ca\/actualitat\/dia-de-la-internet-segura\/\" target=\"_new\" rel=\"noopener\">Activitats per prim\u00e0ria i secund\u00e0ria<\/a><\/span><\/td>\n<\/tr>\n<tr style=\"background-color: #ffefe7;\">\n<td style=\"width: 25%; background-color: #ffefe7; text-align: center; vertical-align: middle; height: 170px;\"><a style=\"font-size: 16px;\" href=\"https:\/\/serveiseducatius.xtec.cat\/segarra\/wp-content\/uploads\/usu1148\/2026\/03\/introduccio-a-educacio-inclusiva.png\"><span style=\"color: #222222;\"><img loading=\"lazy\" decoding=\"async\" class=\"alignnone size-full wp-image-22660\" src=\"https:\/\/serveiseducatius.xtec.cat\/segarra\/wp-content\/uploads\/usu1148\/2026\/03\/introduccio-a-educacio-inclusiva.png\" alt=\"\" width=\"150\" height=\"150\" \/><\/span><\/a><\/td>\n<td style=\"width: 75%; background-color: #ffefe7; text-align: left; vertical-align: top; height: 170px;\">\n<h4 class=\"entry-title\"><span style=\"font-size: 12pt;\">Curs \u201cIntroducci\u00f3 a l\u2019educaci\u00f3 inclusiva: intensitat de mesures, suports i disseny universal per a l\u2019aprenentatge\u201d<\/span><\/h4>\n<p><span style=\"font-size: 12pt;\">Aquest curs ofereix un recorregut estructurat i pr\u00e0ctic per aprofundir en els fonaments de l&#8217;educaci\u00f3 inclusiva, amb propostes orientades a la reflexi\u00f3 pedag\u00f2gica i a la transfer\u00e8ncia a la pr\u00e0ctica educativa.<\/span><\/p>\n<div><\/div>\n<div><span style=\"font-size: 12pt;\">\ud83d\udcc5 Inscripcions: obertes <strong>fins al 6 de mar\u00e7<\/strong><\/span><\/div>\n<div><\/div>\n<div><span style=\"font-size: 12pt;\">\u23f0 Durada: 30 hores (autoformatiu en l\u00ednia)<\/span><\/div>\n<div><\/div>\n<p><span style=\"font-size: 12pt;\">\u2139\ufe0f M\u00e9s informaci\u00f3 al\u00a0<a href=\"https:\/\/espai.educacio.gencat.cat\/Departament\/Comunicacio\/Noticies\/Pagines\/curs-educacio-inclusiva.aspx\" target=\"_blank\" rel=\"noopener\" data-saferedirecturl=\"https:\/\/www.google.com\/url?q=https:\/\/espai.educacio.gencat.cat\/Departament\/Comunicacio\/Noticies\/Pagines\/curs-educacio-inclusiva.aspx&amp;source=gmail&amp;ust=1772708274011000&amp;usg=AOvVaw3VRXGlsLGx6svpKy_7jvH1\">Portal de Centre<\/a>\u00a0 \u00a0|\u00a0\u00a0\u00a0Inscripci\u00f3 a trav\u00e9s <a href=\"https:\/\/odissea.xtec.cat\/enrol\/index.php?id=237827\" target=\"_blank\" rel=\"noopener\" data-saferedirecturl=\"https:\/\/www.google.com\/url?q=https:\/\/odissea.xtec.cat\/enrol\/index.php?id%3D237827&amp;source=gmail&amp;ust=1772708274011000&amp;usg=AOvVaw34sTlTWDeSxJb1qz3L1V3A\">d\u2019Odissea<\/a><\/span><\/td>\n<\/tr>\n<tr style=\"background-color: #ffffff;\">\n<td style=\"width: 25%; background-color: #ffffff; text-align: center; vertical-align: middle; height: 185px;\"><span style=\"font-size: 16px;\"> <a href=\"https:\/\/serveiseducatius.xtec.cat\/segarra\/wp-content\/uploads\/usu1148\/2026\/03\/noves-orientacions-curriculars.png\"><img loading=\"lazy\" decoding=\"async\" class=\"alignnone size-full wp-image-22664\" src=\"https:\/\/serveiseducatius.xtec.cat\/segarra\/wp-content\/uploads\/usu1148\/2026\/03\/noves-orientacions-curriculars.png\" alt=\"\" width=\"150\" height=\"150\" \/><\/a><\/span><\/td>\n<td style=\"width: 75%; background-color: #ffffff; text-align: left; vertical-align: top; height: 185px;\">\n<p data-start=\"259\" data-end=\"371\" data-is-last-node=\"\" data-is-only-node=\"\"><strong><span style=\"font-size: 12pt;\">Noves orientacions curriculars de l\u2019\u00e0rea d\u2019Educaci\u00f3 Art\u00edstica i de lleng\u00fces estrangeres a l\u2019educaci\u00f3 prim\u00e0ria<\/span><\/strong><\/p>\n<p><span style=\"font-size: 12pt;\">S\u2019han publicat les orientacions curriculars per al desplegament de l\u2019\u00e0rea d\u2019Educaci\u00f3 Art\u00edstica i de lleng\u00fces estrangeres\u00a0 a l\u2019educaci\u00f3 prim\u00e0ria, en el marc del Decret 175\/2022. El document ofereix una proposta de concreci\u00f3 i seq\u00fcenciaci\u00f3 dels sabers per facilitar-ne l\u2019aplicaci\u00f3 a l\u2019aula i acompanyar els equips docents en la programaci\u00f3.<\/span><\/p>\n<p><span style=\"font-size: 12pt;\">Podeu consultar totes les orientacions curriculars en aquest <a href=\"https:\/\/projectes.xtec.cat\/nou-curriculum\/orientacions-curriculars\/\" target=\"_blank\" rel=\"noopener\">enlla\u00e7<\/a>.<\/span><\/td>\n<\/tr>\n<tr style=\"height: 36px;\">\n<td style=\"width: 100%; background-color: #facfb9; text-align: center; vertical-align: middle; height: 36px;\" colspan=\"2\"><span style=\"font-family: 'trebuchet ms', geneva, sans-serif;\"><span style=\"font-size: 14pt;\">CONCURSOS I PREMIS<\/span><\/span><\/td>\n<\/tr>\n<tr style=\"background-color: #ffffff;\">\n<td style=\"text-align: center; height: 241px;\"><a style=\"font-size: 16px;\" href=\"https:\/\/serveiseducatius.xtec.cat\/segarra\/wp-content\/uploads\/usu1148\/2026\/03\/AMIT2.png\"><span style=\"color: #222222;\"><img loading=\"lazy\" decoding=\"async\" class=\"alignnone size-full wp-image-22638\" src=\"https:\/\/serveiseducatius.xtec.cat\/segarra\/wp-content\/uploads\/usu1148\/2026\/03\/AMIT2.png\" alt=\"\" width=\"150\" height=\"150\" \/><\/span><\/a><\/td>\n<td style=\"height: 241px;\">\n<p style=\"text-align: justify;\"><strong><span style=\"font-size: 12pt;\">Convocat\u00f2ria 11\u00e8 Premi Montse Novell<\/span><\/strong><\/p>\n<p style=\"text-align: justify;\"><span style=\"font-size: 12pt;\">L\u2019Associaci\u00f3 de Dones Investigadores i Tecn\u00f2logues a Catalunya (AMIT- CAT) convoca aquest premi per a Treballs de Recerca de Batxillerat, adre\u00e7at a recon\u00e8ixer el millor treball de recerca en temes que se centrin o b\u00e9 ofereixin dades i comparatives sobre la dona i les seves aportacions a la ci\u00e8ncia i tecnologia, o b\u00e9 que, des d\u2019un punt de vista cient\u00edfic, abordin temes de g\u00e8nere en diferents \u00e0mbits de la societat.<\/span><\/p>\n<p style=\"text-align: justify;\"><span style=\"font-size: 12pt;\">\ud83d\udcc6\u200b Oberta la convocat\u00f2ria <strong>fins al 13 d&#8217;abril<\/strong><\/span><\/p>\n<p style=\"text-align: justify;\"><span style=\"font-size: 12pt;\">\u2139 <a href=\"https:\/\/amit-cat.org\/activitats-anuals\/premis-copia-2\/\" target=\"_blank\" rel=\"noopener\">M\u00e9s informaci\u00f3<\/a><\/span><\/p>\n<\/td>\n<\/tr>\n<tr style=\"height: 33px;\">\n<td style=\"width: 25%; height: 33px; background-color: #ffefe7; text-align: center; vertical-align: middle;\"><a style=\"font-size: 16px;\" href=\"https:\/\/serveiseducatius.xtec.cat\/segarra\/wp-content\/uploads\/usu1148\/2026\/03\/jocs-florals2.png\"><span style=\"color: #222222;\"><img loading=\"lazy\" decoding=\"async\" class=\"alignnone size-full wp-image-22643\" src=\"https:\/\/serveiseducatius.xtec.cat\/segarra\/wp-content\/uploads\/usu1148\/2026\/03\/jocs-florals2.png\" alt=\"\" width=\"150\" height=\"150\" \/><\/span><\/a><\/td>\n<td style=\"width: 75%; height: 33px; background-color: #ffefe7; text-align: left; vertical-align: top;\">\n<p class=\"entry-title\"><strong><span style=\"font-size: 12pt;\">XIII Jocs Florals Escolars de Catalunya<\/span><\/strong><\/p>\n<p><span style=\"font-size: 12pt;\">El Departament d\u2019Educaci\u00f3 i Formaci\u00f3 Professional convoca els XIII Jocs Florals Escolars de Catalunya amb l\u2019objectiu de promoure l\u2019escriptura tant en prosa com en poesia en infants i joves de sis a divuit anys.<\/span><\/p>\n<p><span style=\"font-size: 12pt;\">\ud83d\udcda La categoria de conte il\u00b7lustrat est\u00e0 adre\u00e7ada a l&#8217;alumnat de prim\u00e0ria i d&#8217;educaci\u00f3 especial<\/span><\/p>\n<p><span style=\"font-size: 12pt;\">\ud83d\udcc6 Inscripci\u00f3 <strong>fins al 27 de mar\u00e7 de 2026<\/strong><\/span><\/p>\n<p><span style=\"font-size: 12pt;\">\u270d\ufe0f<\/span><span style=\"font-size: 12pt;\">\u00a0<a href=\"https:\/\/docs.google.com\/forms\/d\/e\/1FAIpQLSdiPXKKUU1QCydHsp0bsCiWt85axCEUcEJg9M1_g_J4rN69eQ\/viewform\" target=\"_blank\" rel=\"noopener\">Formulari de participaci\u00f3<\/a>\u00a0<\/span><\/p>\n<p><span style=\"font-size: 12pt;\">\u2139\u00a0 <a href=\"https:\/\/view.genially.com\/65d74a5902d6270014f6f7b2\" target=\"_blank\" rel=\"noopener\">Resum explicatiu<\/a>\u00a0 |\u00a0 <a href=\"https:\/\/xtec.gencat.cat\/web\/.content\/centres\/alscentres\/premis\/jocsflorals\/2526\/Bases-JF-XIII.pdf\" target=\"_blank\" rel=\"noopener\">Bases XIII Jocs Florals de Catalunya <\/a>|\u00a0<a href=\"https:\/\/xtec.gencat.cat\/web\/.content\/centres\/alscentres\/premis\/jocsflorals\/2425\/Bases-dels-XII-contes-audiovisuals-2025.pdf\" target=\"_blank\" rel=\"noopener\">Bases Conte Audiovisual<\/a>\u00a0|\u00a0<a href=\"https:\/\/drive.google.com\/drive\/folders\/1CNayKEcUZ_19lBqWX_wUiyO5uz9l0Kzo?usp=drive_link\">Recursos<\/a> <\/span><\/td>\n<\/tr>\n<tr style=\"height: 167px; background-color: #ffffff;\">\n<td style=\"width: 25%; text-align: center; vertical-align: middle; height: 167px;\"><a style=\"font-size: 16px;\" href=\"https:\/\/serveiseducatius.xtec.cat\/segarra\/wp-content\/uploads\/usu1148\/2025\/11\/Videomat3.png\"><span style=\"color: #222222;\"><img loading=\"lazy\" decoding=\"async\" class=\"alignnone size-full wp-image-22409\" src=\"https:\/\/serveiseducatius.xtec.cat\/segarra\/wp-content\/uploads\/usu1148\/2025\/11\/Videomat3.png\" alt=\"\" width=\"150\" height=\"150\" \/><\/span><\/a><\/td>\n<td style=\"width: 75%; text-align: left; vertical-align: top; height: 167px;\">\n<p class=\"entry-title\"><strong><span style=\"font-size: 12pt;\">V\u00eddeoMAT 2025-26<\/span><\/strong><\/p>\n<p><span style=\"font-size: 12pt;\">El v\u00eddeoMAT \u00e9s un projecte en el qual els i les alumnes creen v\u00eddeos on es responen preguntes que posen de manifest les aplicacions de les matem\u00e0tiques o la seva pres\u00e8ncia en l\u2019entorn.<\/span><\/p>\n<p><span style=\"font-size: 12pt;\">\ud83d\udcc5 La inscripci\u00f3 \u00e9s <strong>del 19 de gener i fins al 10 d\u2019abril<\/strong>\u00a0(mitjan\u00e7ant un formulari que trobareu a videomat.cat)<\/span><\/p>\n<p><span style=\"font-size: 12pt;\">\u27a1\ufe0f Hi poden participar alumnes de totes les etapes educatives.<\/span><\/p>\n<p><span style=\"font-size: 12pt;\">\u2139\ufe0f <a href=\"https:\/\/videomat.cat\/\" target=\"_blank\" rel=\"noopener\">M\u00e9s informaci\u00f3<\/a> | <a href=\"https:\/\/drive.google.com\/file\/d\/16bNOJjcy6_EWEsC-Nn19NgxiDwhx2Kdl\/view?usp=sharing\" target=\"_blank\" rel=\"noopener\">Carta explicativa<\/a><\/span><\/td>\n<\/tr>\n<tr style=\"background-color: #ffefe7;\">\n<td style=\"width: 25%; text-align: center; vertical-align: middle; height: 10px;\"><a style=\"font-size: 16px;\" href=\"https:\/\/serveiseducatius.xtec.cat\/segarra\/wp-content\/uploads\/usu1148\/2026\/03\/XXI-PREMI-RECERCA-PER-LA-PAU-2026.png\"><span style=\"color: #222222;\"><img loading=\"lazy\" decoding=\"async\" class=\"alignnone size-full wp-image-22646\" src=\"https:\/\/serveiseducatius.xtec.cat\/segarra\/wp-content\/uploads\/usu1148\/2026\/03\/XXI-PREMI-RECERCA-PER-LA-PAU-2026.png\" alt=\"\" width=\"150\" height=\"150\" \/><\/span><\/a><\/td>\n<td style=\"width: 75%; text-align: left; vertical-align: top; height: 10px;\"><strong><span style=\"font-size: 12pt;\">XXI Premi de Recerca per a la Pau per a treballs de recerca de batxillerat<\/span><\/strong><\/p>\n<p><span style=\"font-size: 12pt;\">\ud83d\uddd3Data l\u00edmit de presentaci\u00f3 dels treballs <strong>fins al 20 de mar\u00e7<\/strong>.<\/span><\/p>\n<p><span style=\"font-size: 12pt;\">\u2139 <a href=\"https:\/\/www.solidaritat.ub.edu\/premi_pau\/\" target=\"_blank\" rel=\"noopener\">M\u00e9s informaci\u00f3<\/a>\u00a0 |\u00a0 <a href=\"https:\/\/drive.google.com\/file\/d\/18FK4psfd6-fVt6BzlVbIDldG7evL1pjV\/view?usp=sharing\" target=\"_blank\" rel=\"noopener\">Bases del concurs<\/a><\/span><\/td>\n<\/tr>\n<tr style=\"height: 162px;\">\n<td style=\"width: 25%; text-align: center; vertical-align: middle; height: 162px;\"><a style=\"font-size: 16px;\" href=\"https:\/\/serveiseducatius.xtec.cat\/segarra\/wp-content\/uploads\/usu1148\/2026\/03\/xperimenta2026.png\"><span style=\"color: #fffff;\"><img loading=\"lazy\" decoding=\"async\" class=\"alignnone size-full wp-image-22648\" src=\"https:\/\/serveiseducatius.xtec.cat\/segarra\/wp-content\/uploads\/usu1148\/2026\/03\/xperimenta2026.png\" alt=\"\" width=\"150\" height=\"150\" \/><\/span><\/a><\/td>\n<td style=\"width: 75%; text-align: left; vertical-align: top; height: 162px;\">\n<p class=\"entry-title\"><strong><span style=\"font-size: 12pt;\">Concurs Escolar de V\u00eddeos Cient\u00edfics en catal\u00e0 X(p)rimenta<\/span><\/strong><\/p>\n<p><span style=\"font-size: 12pt;\">Aquesta convocat\u00f2ria s\u2019adre\u00e7a a alumnes i a docents que vulguin fer un experiment cient\u00edfic i enregistrar-lo en v\u00eddeo, amb dos objectius: divulgar un principi cient\u00edfic o tecnol\u00f2gic vinculat al curr\u00edculum dels ensenyaments de prim\u00e0ria, secund\u00e0ria, batxillerat o cicles formatius, i aprendre a usar les bases del llenguatge audiovisual.<\/span><\/p>\n<p><span style=\"font-size: 12pt;\">\ud83d\udcc6 Termini de presentaci\u00f3 <strong>fins al 10 d\u2019abril<\/strong><\/span><\/p>\n<p><span style=\"font-size: 16px;\"><span style=\"color: #222222; font-size: 12pt;\"><span style=\"font-size: 12pt;\">\u2139 <\/span><a href=\"https:\/\/www.recercaenaccio.cat\/experimenta\/\" target=\"_blank\" rel=\"noopener\">M\u00e9s informaci\u00f3<\/a><\/span><span style=\"color: #222222; font-size: 12pt;\">\u00a0 |\u00a0 <a href=\"https:\/\/drive.google.com\/file\/d\/1zxoozbOgW8U5gnyDZgkdd0AXlNq1cqRK\/view?usp=sharing\" target=\"_blank\" rel=\"noopener\">Bases del concurs<\/a><\/span><\/span><\/td>\n<\/tr>\n<tr style=\"background-color: #ffefe7;\">\n<td style=\"width: 25%; text-align: center; vertical-align: middle; height: 258px;\"><a style=\"font-size: 16px;\" href=\"https:\/\/serveiseducatius.xtec.cat\/segarra\/wp-content\/uploads\/usu1148\/2026\/01\/Premi-mayor-zaragoza.png\"><span style=\"color: #222222;\"><img loading=\"lazy\" decoding=\"async\" class=\"alignnone size-full wp-image-22492\" src=\"https:\/\/serveiseducatius.xtec.cat\/segarra\/wp-content\/uploads\/usu1148\/2026\/01\/Premi-mayor-zaragoza.png\" alt=\"\" width=\"150\" height=\"150\" \/><\/span><\/a><\/td>\n<td style=\"width: 75%; text-align: left; vertical-align: top; height: 258px;\"><strong><span style=\"font-size: 12pt;\">XIX Premi Federico Mayor Zaragoza<\/span><\/strong><\/p>\n<p><span style=\"font-size: 12pt;\">En aquesta edici\u00f3, la voluntat \u00e9s sensibilitzar i fer reflexionar sobre el respecte com a valor indispensable en les relacions amb els altres, tant en l\u2019\u00e0mbit escolar com en la conviv\u00e8ncia amb els iguals.<\/span><\/p>\n<p><span style=\"font-size: 12pt;\">\ud83c\udfa5 La proposta \u00e9s elaborar un v\u00eddeo, en equips d\u2019almenys 3 persones, de 2 minuts de durada, sota el lema: \u201cconviure \u00e9s respectar\u201d.<\/span><\/p>\n<p><span style=\"font-size: 12pt;\">\ud83d\udcc5 Termini: Inscripci\u00f3 i tramesa dels v\u00eddeos <strong>del 15 de gener al 21 de mar\u00e7<\/strong><\/span><\/p>\n<p><span style=\"font-size: 12pt;\">\u2139 <a href=\"https:\/\/drive.google.com\/file\/d\/11e-pA-91Ciwdl0edHorHhlT8rA4yB9xx\/view?usp=sharing\" target=\"_blank\" rel=\"noopener\">M\u00e9s informaci\u00f3<\/a> | <a href=\"https:\/\/docs.google.com\/forms\/d\/e\/1FAIpQLSc0tpZovcU92KVHUVF4dk45bUjqYsFpwZmsNQjlPGNu_M3F3A\/viewform\" target=\"_blank\" rel=\"noopener\">Formulari d\u2019inscripci\u00f3<\/a><\/span><\/td>\n<\/tr>\n<tr style=\"height: 284px;\">\n<td style=\"width: 25%; text-align: center; vertical-align: middle; height: 284px;\"><a style=\"font-size: 16px;\" href=\"https:\/\/serveiseducatius.xtec.cat\/segarra\/wp-content\/uploads\/usu1148\/2026\/01\/mSchools2.png\"><span style=\"color: #222222;\"><img loading=\"lazy\" decoding=\"async\" class=\"alignnone size-full wp-image-22480\" src=\"https:\/\/serveiseducatius.xtec.cat\/segarra\/wp-content\/uploads\/usu1148\/2026\/01\/mSchools2.png\" alt=\"\" width=\"150\" height=\"150\" \/><\/span><\/a><\/td>\n<td style=\"width: 75%; text-align: left; vertical-align: top; height: 284px;\">\n<p data-pm-slice=\"1 1 []\"><strong><span style=\"font-size: 12pt;\">mSchools Awards 2026<\/span><\/strong><\/p>\n<p><span style=\"font-size: 12pt;\">Aquests premis busquen afavorir pr\u00e0ctiques que promoguin un \u00fas \u00e8tic i responsable de la tecnologia per potenciar l\u2019aprenentatge, la inclusi\u00f3 i el benestar de la comunitat educativa i la societat en general.<\/span><\/p>\n<p><span style=\"font-size: 12pt;\">\ud83d\udc65 Adre\u00e7at a: Centres educatius de Catalunya que treballin en algun dels seg\u00fcents \u00e0mbits: segon cicle d\u2019educaci\u00f3 infantil, educaci\u00f3 b\u00e0sica, batxillerat, FP, centres de just\u00edcia juvenil, formaci\u00f3 d\u2019adults, centres d\u2019ensenyament de r\u00e8gim especial, i EOI).<\/span><\/p>\n<p><span style=\"font-size: 12pt;\">\u270f\ufe0f Inscripcions i lliurament de materials: <strong>del 12 de gener al 30 d\u2019abril<\/strong><\/span><\/p>\n<p><span style=\"font-size: 12pt;\">\u2139\ufe0f <a href=\"https:\/\/drive.google.com\/file\/d\/1FfI62BuKqHimqn1YWc-NUCSZjv9Aru1K\/view?usp=sharing\" target=\"_blank\" rel=\"noopener\">Bases del concurs<\/a> | <a href=\"https:\/\/mschools.com\/ca\/mschools-awards-2026\/\" target=\"_blank\" rel=\"noopener\">M\u00e9s informaci\u00f3<\/a><\/span><\/td>\n<\/tr>\n<tr style=\"background-color: #ffefe7;\">\n<td style=\"width: 25%; vertical-align: middle;\"><span style=\"font-size: 16px;\"><a href=\"https:\/\/serveiseducatius.xtec.cat\/segarra\/wp-content\/uploads\/usu1148\/2026\/03\/SCQuimica.png\"><img loading=\"lazy\" decoding=\"async\" class=\"size-full wp-image-22662 aligncenter\" src=\"https:\/\/serveiseducatius.xtec.cat\/segarra\/wp-content\/uploads\/usu1148\/2026\/03\/SCQuimica.png\" alt=\"\" width=\"150\" height=\"150\" \/><\/a><\/span><\/td>\n<td style=\"width: 75%; vertical-align: top;\">\n<p style=\"text-align: justify;\"><strong><span style=\"font-size: 12pt;\">1a convocat\u00f2ria Premis als Treballs de Cicles Formatius dins l\u2019\u00c0mbit de la Qu\u00edmica<\/span><\/strong><\/p>\n<p style=\"text-align: justify;\"><span style=\"font-size: 12pt;\">La Societat Catalana de Qu\u00edmica (SCQ), en col\u00b7laboraci\u00f3 amb l\u2019Associaci\u00f3 Empresarial Qu\u00edmica de Tarragona (AEQT), convoca premis per a projectes intermodulars de cicles formatius, lliurats i qualificats al llarg del curs acad\u00e8mic 2024-2025, en qu\u00e8 la qu\u00edmica tingui un pes molt important.<\/span><\/p>\n<p style=\"text-align: justify;\"><span style=\"font-size: 12pt;\">\ud83d\udcc5 Termini<strong> fins al 20 de mar\u00e7<\/strong><\/span><\/p>\n<p style=\"text-align: justify;\"><span style=\"font-size: 12pt;\">\u2139\ufe0f <a href=\"https:\/\/scq.iec.cat\/wp-content\/uploads\/2026\/01\/Bases-premis-Cicles-Formatius_2026_corr.pdf\" target=\"_blank\" rel=\"noopener\">Bases del Premi<\/a>\u00a0 \u00a0|\u00a0 \u00a0<a href=\"https:\/\/actes.iec.cat\/149484\/detail\/premis-als-treballs-de-cicles-formatius-scq.html\" target=\"_blank\" rel=\"noopener\">M\u00e9s informaci\u00f3<\/a><\/span><\/p>\n<\/td>\n<\/tr>\n<tr>\n<td style=\"width: 25%; vertical-align: middle; text-align: center;\"><span style=\"font-size: 16px;\"><a href=\"https:\/\/serveiseducatius.xtec.cat\/segarra\/wp-content\/uploads\/usu1148\/2026\/03\/premi-de-lhermini.png\"><img loading=\"lazy\" decoding=\"async\" class=\"alignnone size-full wp-image-22686\" src=\"https:\/\/serveiseducatius.xtec.cat\/segarra\/wp-content\/uploads\/usu1148\/2026\/03\/premi-de-lhermini.png\" alt=\"\" width=\"150\" height=\"150\" \/><\/a><\/span><\/td>\n<td style=\"width: 75%; vertical-align: top;\"><span style=\"font-size: 12pt;\"><strong>2a edici\u00f3 del Premi de l\u2019Hermini<\/strong><\/span><\/p>\n<p><span style=\"font-size: 12pt;\">Impulsat per la Fundaci\u00f3 Hermini Tudela, amb l\u2019objectiu de recon\u00e8ixer i refor\u00e7ar experi\u00e8ncies inclusives vinculades a la salut, la discapacitat i la neurodiversitat en el marc de l\u2019escola ordin\u00e0ria. Es premiaran intervencions educatives que promoguin entorns d\u2019aprenentatge on la diversitat es visqui com un element enriquidor per a tothom (en curs o realitzades a partir del curs 2022-2023)<\/span><span style=\"font-size: 12pt;\">.<\/span><\/p>\n<p><span style=\"font-size: 12pt;\">\ud83d\udc65 Adre\u00e7at a escoles i instituts de Catalunya amb etapes d\u2019educaci\u00f3 infantil, prim\u00e0ria i ESO<\/span><\/p>\n<p><span style=\"font-size: 12pt;\">\ud83d\udcc5 <strong>Del 26 de gener a l&#8217;11 d&#8217;abril<\/strong><\/span><span style=\"font-size: 12pt;\">\u00a0<\/span><\/p>\n<p style=\"text-align: justify;\"><span style=\"font-size: 12pt;\">\u2139\ufe0f <a href=\"https:\/\/herminitudela.org\/premis\/\" target=\"_blank\" rel=\"noopener\">Inscripcions i m\u00e9s informaci\u00f3<\/a>\u00a0 \u00a0|\u00a0\u00a0\u00a0<span style=\"color: #333333;\"><a style=\"color: #333333;\" rel=\"noopener\">premis@herminitudela.org<\/a><\/span><\/span><\/p>\n<\/td>\n<\/tr>\n<tr style=\"height: 36px;\">\n<td style=\"width: 100%; background-color: #facfb9; text-align: center; vertical-align: middle; height: 36px;\" colspan=\"2\"><span style=\"font-size: 14pt; font-family: 'trebuchet ms', geneva, sans-serif;\">MANTENIU-VOS AL DIA<\/span><\/td>\n<\/tr>\n<tr style=\"height: 130px;\">\n<td style=\"width: 100%; text-align: center; vertical-align: top; height: 130px;\" colspan=\"2\" scope=\"row\"><span style=\"color: #222222;\"><span style=\"font-size: 16px;\"><a href=\"http:\/\/portals.ddl.net\/gestio4\/ajuntament-de-cervera\/conservatori-professional-i-escola-de-musica-de-cervera\">Conservatori Professional i Escola de m\u00fasica de Cervera<br \/>\n<\/a><a href=\"https:\/\/museudecervera.cat\/ca\/c\/inici-museu-comarcal-de-cervera-14\">Museu Comarcal de Cervera<\/a><a href=\"http:\/\/portals.ddl.net\/gestio4\/ajuntament-de-cervera\/conservatori-professional-i-escola-de-musica-de-cervera\"><br \/>\n<\/a><a href=\"http:\/\/museudeguissona.cat\/inici\/\">Museu i parc arqueol\u00f2gic de Guissona<\/a><a href=\"http:\/\/portals.ddl.net\/gestio4\/ajuntament-de-cervera\/conservatori-professional-i-escola-de-musica-de-cervera\"><br \/>\n<\/a><a href=\"https:\/\/ca-es.facebook.com\/Biblioteca.Cervera\">Biblioteca comarcal Josep Finestres<\/a><a href=\"http:\/\/portals.ddl.net\/gestio4\/ajuntament-de-cervera\/conservatori-professional-i-escola-de-musica-de-cervera\"><br \/>\n<\/a><a href=\"http:\/\/www.bibliotecadeguissona.net\/index.php\/ca\">Biblioteca de Guissona<\/a><a href=\"http:\/\/portals.ddl.net\/gestio4\/ajuntament-de-cervera\/conservatori-professional-i-escola-de-musica-de-cervera\"><br \/>\n<\/a><a href=\"http:\/\/xac.gencat.cat\/ca\/llista_arxius_comarcals\/segarra\/segarra\/\">Arxiu comarcal de la Segarra<\/a><a href=\"http:\/\/portals.ddl.net\/gestio4\/ajuntament-de-cervera\/conservatori-professional-i-escola-de-musica-de-cervera\"><br \/>\n<\/a><a href=\"https:\/\/www.somsegarra.cat\/calendari\/\">Som Segarra. Calendari d\u2019activitats culturals i festives de la comarca.<\/a><\/span><\/span><\/td>\n<\/tr>\n<\/tbody>\n<\/table>\n","protected":false},"excerpt":{"rendered":"<p>DESTAQUEM<\/p>\n<p><a href=\"https:\/\/serveiseducatius.xtec.cat\/segarra\/wp-content\/uploads\/usu1148\/2025\/01\/espill-encantat.png\"><\/a><\/p>\n<p>Projecte comunitari: L\u2019espill encantat<br \/>\nEspectacle musical\u00a0basat en el poemari \u201cQuadern de m\u00fasica\u201d de Jaume Ferran, amb l\u2019adaptaci\u00f3 d\u2019un text de Montse Pont, m\u00fasica de Jordi Castell\u00e0 i la participaci\u00f3 d\u2019alumnat d\u2019escoles i instituts de la comarca.<br \/>\n\ud83d\udcc5 Dates: 19 i 20 de mar\u00e7 de 2026<br \/>\n\ud83d\udccd Lloc:&hellip;  <a href=\"https:\/\/serveiseducatius.xtec.cat\/segarra\/dinamitzacio\/butlleti\/butlleti-informatiu-marc-2026\/\" title=\"Read Butllet\u00ed informatiu mar\u00e7 2026\">Llegeix m\u00e9s\u00bb<\/a><\/p>\n","protected":false},"author":4,"featured_media":22682,"comment_status":"closed","ping_status":"open","sticky":false,"template":"","format":"standard","meta":{"_bbp_topic_count":0,"_bbp_reply_count":0,"_bbp_total_topic_count":0,"_bbp_total_reply_count":0,"_bbp_voice_count":0,"_bbp_anonymous_reply_count":0,"_bbp_topic_count_hidden":0,"_bbp_reply_count_hidden":0,"_bbp_forum_subforum_count":0,"footnotes":""},"categories":[383],"tags":[744,1236,625,807,922,708],"class_list":["post-22630","post","type-post","status-publish","format-standard","has-post-thumbnail","hentry","category-butlleti","tag-crp","tag-full-informatiu","tag-marc","tag-novetats","tag-premis-i-concursos","tag-recursos-educatius"],"post_mailing_queue_ids":[],"_links":{"self":[{"href":"https:\/\/serveiseducatius.xtec.cat\/segarra\/wp-json\/wp\/v2\/posts\/22630","targetHints":{"allow":["GET"]}}],"collection":[{"href":"https:\/\/serveiseducatius.xtec.cat\/segarra\/wp-json\/wp\/v2\/posts"}],"about":[{"href":"https:\/\/serveiseducatius.xtec.cat\/segarra\/wp-json\/wp\/v2\/types\/post"}],"author":[{"embeddable":true,"href":"https:\/\/serveiseducatius.xtec.cat\/segarra\/wp-json\/wp\/v2\/users\/4"}],"replies":[{"embeddable":true,"href":"https:\/\/serveiseducatius.xtec.cat\/segarra\/wp-json\/wp\/v2\/comments?post=22630"}],"version-history":[{"count":6,"href":"https:\/\/serveiseducatius.xtec.cat\/segarra\/wp-json\/wp\/v2\/posts\/22630\/revisions"}],"predecessor-version":[{"id":22692,"href":"https:\/\/serveiseducatius.xtec.cat\/segarra\/wp-json\/wp\/v2\/posts\/22630\/revisions\/22692"}],"wp:featuredmedia":[{"embeddable":true,"href":"https:\/\/serveiseducatius.xtec.cat\/segarra\/wp-json\/wp\/v2\/media\/22682"}],"wp:attachment":[{"href":"https:\/\/serveiseducatius.xtec.cat\/segarra\/wp-json\/wp\/v2\/media?parent=22630"}],"wp:term":[{"taxonomy":"category","embeddable":true,"href":"https:\/\/serveiseducatius.xtec.cat\/segarra\/wp-json\/wp\/v2\/categories?post=22630"},{"taxonomy":"post_tag","embeddable":true,"href":"https:\/\/serveiseducatius.xtec.cat\/segarra\/wp-json\/wp\/v2\/tags?post=22630"}],"curies":[{"name":"wp","href":"https:\/\/api.w.org\/{rel}","templated":true}]}}