{"id":22596,"date":"2026-02-10T09:43:34","date_gmt":"2026-02-10T08:43:34","guid":{"rendered":"https:\/\/serveiseducatius.xtec.cat\/segarra\/?p=22596"},"modified":"2026-02-10T09:43:34","modified_gmt":"2026-02-10T08:43:34","slug":"10-de-febrer-dia-dinternet-segura","status":"publish","type":"post","link":"https:\/\/serveiseducatius.xtec.cat\/segarra\/general\/10-de-febrer-dia-dinternet-segura\/","title":{"rendered":"10 de febrer, dia d&#8217;internet segura"},"content":{"rendered":"<p style=\"text-align: justify;\">Sota el lema \u2018El que fas a Internet se&#8217;t pot girar en contra\u2019, l\u2019Ag\u00e8ncia de Ciberseguretat de Catalunya s\u2019ha adherit un any m\u00e9s a la commemoraci\u00f3 del Dia de la Internet Segura per conscienciar la ciutadania sobre la necessitat de fer un \u00fas segur d\u2019Internet.<\/p>\n<p style=\"text-align: justify;\">La proposta d&#8217;aquest any pret\u00e9n sensibilitzar sobre els riscos que comporta exposar informaci\u00f3 personal en l\u00ednia i la import\u00e0ncia de protegir les dades personals. Per aix\u00f2, han dissenyat &#8216;<a href=\"https:\/\/form.typeform.com\/to\/XUZkErNo\" target=\"_blank\" rel=\"noopener\">D@DE$ en joc<\/a>&#8216;, una activitat adaptada a tres tipus de p\u00fablic: infants, adolescents i adults, que aborda els diferents riscos i perills que es pot trobar cada perfil d&#8217;edat a Internet.<\/p>\n<p style=\"text-align: justify;\">Podeu trobar m\u00e9s informaci\u00f3 i materials que poden servir de suport per difondre la campanya:\u00a0<a id=\"m_6601625487953887858OWA9cb9b4c8-fa44-5aab-8905-d2582c4dfefd\" href=\"https:\/\/ciberseguretat.gencat.cat\/ca\/actualitat\/dia-de-la-internet-segura\" target=\"_blank\" rel=\"noopener\" data-saferedirecturl=\"https:\/\/www.google.com\/url?q=https:\/\/ciberseguretat.gencat.cat\/ca\/actualitat\/dia-de-la-internet-segura&amp;source=gmail&amp;ust=1770726023172000&amp;usg=AOvVaw3HdGr_hJfDHTs68gyEIYbx\">https:\/\/ciberseguretat.gencat.<wbr \/>cat\/ca\/actualitat\/dia-de-la-<wbr \/>internet-segura<\/a>.<\/p>\n<p>&nbsp;<\/p>\n<p style=\"text-align: center;\"><a href=\"https:\/\/form.typeform.com\/to\/XUZkErNo\" target=\"_blank\" rel=\"noopener\"><img loading=\"lazy\" decoding=\"async\" class=\"alignnone wp-image-22597 size-medium\" src=\"https:\/\/serveiseducatius.xtec.cat\/segarra\/wp-content\/uploads\/usu1148\/2026\/02\/Dades-en-joc-300x228.png\" alt=\"\" width=\"300\" height=\"228\" srcset=\"https:\/\/serveiseducatius.xtec.cat\/segarra\/wp-content\/uploads\/usu1148\/2026\/02\/Dades-en-joc-300x228.png 300w, https:\/\/serveiseducatius.xtec.cat\/segarra\/wp-content\/uploads\/usu1148\/2026\/02\/Dades-en-joc-768x583.png 768w, https:\/\/serveiseducatius.xtec.cat\/segarra\/wp-content\/uploads\/usu1148\/2026\/02\/Dades-en-joc.png 795w\" sizes=\"auto, (max-width: 300px) 100vw, 300px\" \/><\/a><\/p>\n","protected":false},"excerpt":{"rendered":"<p>Sota el lema \u2018El que fas a Internet se&#8217;t pot girar en contra\u2019, l\u2019Ag\u00e8ncia de Ciberseguretat de Catalunya s\u2019ha adherit un any m\u00e9s a la commemoraci\u00f3 del Dia de la Internet Segura per conscienciar la ciutadania sobre la necessitat de fer un \u00fas segur d\u2019Internet.<br \/>\nLa&hellip;  <a href=\"https:\/\/serveiseducatius.xtec.cat\/segarra\/general\/10-de-febrer-dia-dinternet-segura\/\" title=\"Read 10 de febrer, dia d&#8217;internet segura\">Llegeix m\u00e9s\u00bb<\/a><\/p>\n","protected":false},"author":4,"featured_media":22597,"comment_status":"closed","ping_status":"open","sticky":false,"template":"","format":"standard","meta":{"_bbp_topic_count":0,"_bbp_reply_count":0,"_bbp_total_topic_count":0,"_bbp_total_reply_count":0,"_bbp_voice_count":0,"_bbp_anonymous_reply_count":0,"_bbp_topic_count_hidden":0,"_bbp_reply_count_hidden":0,"_bbp_forum_subforum_count":0,"footnotes":""},"categories":[65,78,1,29],"tags":[],"class_list":["post-22596","post","type-post","status-publish","format-standard","has-post-thumbnail","hentry","category-crp","category-cd","category-general","category-portada"],"post_mailing_queue_ids":[],"_links":{"self":[{"href":"https:\/\/serveiseducatius.xtec.cat\/segarra\/wp-json\/wp\/v2\/posts\/22596","targetHints":{"allow":["GET"]}}],"collection":[{"href":"https:\/\/serveiseducatius.xtec.cat\/segarra\/wp-json\/wp\/v2\/posts"}],"about":[{"href":"https:\/\/serveiseducatius.xtec.cat\/segarra\/wp-json\/wp\/v2\/types\/post"}],"author":[{"embeddable":true,"href":"https:\/\/serveiseducatius.xtec.cat\/segarra\/wp-json\/wp\/v2\/users\/4"}],"replies":[{"embeddable":true,"href":"https:\/\/serveiseducatius.xtec.cat\/segarra\/wp-json\/wp\/v2\/comments?post=22596"}],"version-history":[{"count":2,"href":"https:\/\/serveiseducatius.xtec.cat\/segarra\/wp-json\/wp\/v2\/posts\/22596\/revisions"}],"predecessor-version":[{"id":22599,"href":"https:\/\/serveiseducatius.xtec.cat\/segarra\/wp-json\/wp\/v2\/posts\/22596\/revisions\/22599"}],"wp:featuredmedia":[{"embeddable":true,"href":"https:\/\/serveiseducatius.xtec.cat\/segarra\/wp-json\/wp\/v2\/media\/22597"}],"wp:attachment":[{"href":"https:\/\/serveiseducatius.xtec.cat\/segarra\/wp-json\/wp\/v2\/media?parent=22596"}],"wp:term":[{"taxonomy":"category","embeddable":true,"href":"https:\/\/serveiseducatius.xtec.cat\/segarra\/wp-json\/wp\/v2\/categories?post=22596"},{"taxonomy":"post_tag","embeddable":true,"href":"https:\/\/serveiseducatius.xtec.cat\/segarra\/wp-json\/wp\/v2\/tags?post=22596"}],"curies":[{"name":"wp","href":"https:\/\/api.w.org\/{rel}","templated":true}]}}