{"id":22526,"date":"2026-01-20T09:46:41","date_gmt":"2026-01-20T08:46:41","guid":{"rendered":"https:\/\/serveiseducatius.xtec.cat\/segarra\/?p=22526"},"modified":"2026-01-20T10:25:09","modified_gmt":"2026-01-20T09:25:09","slug":"formacions-arts-i-cultura","status":"publish","type":"post","link":"https:\/\/serveiseducatius.xtec.cat\/segarra\/general\/formacions-arts-i-cultura\/","title":{"rendered":"Formacions Arts i Cultura"},"content":{"rendered":"<p>Aquest segon trimestre del curs 2025\/26 es dur\u00e0 a terme a un programa de formaci\u00f3 adre\u00e7at als docents que posa en valor les possibilitats educatives del patrimoni cultural, la m\u00fasica i les arts visuals contempor\u00e0nies.<\/p>\n<p><a href=\"https:\/\/serveiseducatius.xtec.cat\/segarra\/wp-content\/uploads\/usu1148\/2026\/01\/FORMACIONS-explicacio-1.pdf\">Aqu\u00ed podeu veure l&#8217;explicaci\u00f3 de les formacions<\/a><\/p>\n<p>&nbsp;<\/p>\n<p><a href=\"https:\/\/serveiseducatius.xtec.cat\/segarra\/wp-content\/uploads\/usu1148\/2026\/01\/FORMACIONS-Diapo-resum.png\"><img loading=\"lazy\" decoding=\"async\" class=\"alignnone size-full wp-image-22527\" src=\"https:\/\/serveiseducatius.xtec.cat\/segarra\/wp-content\/uploads\/usu1148\/2026\/01\/FORMACIONS-Diapo-resum.png\" alt=\"\" width=\"1920\" height=\"1080\" \/><\/a><\/p>\n","protected":false},"excerpt":{"rendered":"<p>Aquest segon trimestre del curs 2025\/26 es dur\u00e0 a terme a un programa de formaci\u00f3 adre\u00e7at als docents que posa en valor les possibilitats educatives del patrimoni cultural, la m\u00fasica i les arts visuals contempor\u00e0nies.<br \/>\n<a href=\"https:\/\/serveiseducatius.xtec.cat\/segarra\/wp-content\/uploads\/usu1148\/2026\/01\/FORMACIONS-explicacio-1.pdf\">Aqu\u00ed podeu veure l&#8217;explicaci\u00f3 de les formacions<\/a><br \/>\n&nbsp;<br \/>\n<a href=\"https:\/\/serveiseducatius.xtec.cat\/segarra\/wp-content\/uploads\/usu1148\/2026\/01\/FORMACIONS-Diapo-resum.png\"><\/a><\/p>\n","protected":false},"author":4,"featured_media":22537,"comment_status":"closed","ping_status":"open","sticky":false,"template":"","format":"standard","meta":{"_bbp_topic_count":0,"_bbp_reply_count":0,"_bbp_total_topic_count":0,"_bbp_total_reply_count":0,"_bbp_voice_count":0,"_bbp_anonymous_reply_count":0,"_bbp_topic_count_hidden":0,"_bbp_reply_count_hidden":0,"_bbp_forum_subforum_count":0,"footnotes":""},"categories":[65,154,1,29],"tags":[],"class_list":["post-22526","post","type-post","status-publish","format-standard","has-post-thumbnail","hentry","category-crp","category-formacio","category-general","category-portada"],"post_mailing_queue_ids":[],"_links":{"self":[{"href":"https:\/\/serveiseducatius.xtec.cat\/segarra\/wp-json\/wp\/v2\/posts\/22526","targetHints":{"allow":["GET"]}}],"collection":[{"href":"https:\/\/serveiseducatius.xtec.cat\/segarra\/wp-json\/wp\/v2\/posts"}],"about":[{"href":"https:\/\/serveiseducatius.xtec.cat\/segarra\/wp-json\/wp\/v2\/types\/post"}],"author":[{"embeddable":true,"href":"https:\/\/serveiseducatius.xtec.cat\/segarra\/wp-json\/wp\/v2\/users\/4"}],"replies":[{"embeddable":true,"href":"https:\/\/serveiseducatius.xtec.cat\/segarra\/wp-json\/wp\/v2\/comments?post=22526"}],"version-history":[{"count":6,"href":"https:\/\/serveiseducatius.xtec.cat\/segarra\/wp-json\/wp\/v2\/posts\/22526\/revisions"}],"predecessor-version":[{"id":22536,"href":"https:\/\/serveiseducatius.xtec.cat\/segarra\/wp-json\/wp\/v2\/posts\/22526\/revisions\/22536"}],"wp:featuredmedia":[{"embeddable":true,"href":"https:\/\/serveiseducatius.xtec.cat\/segarra\/wp-json\/wp\/v2\/media\/22537"}],"wp:attachment":[{"href":"https:\/\/serveiseducatius.xtec.cat\/segarra\/wp-json\/wp\/v2\/media?parent=22526"}],"wp:term":[{"taxonomy":"category","embeddable":true,"href":"https:\/\/serveiseducatius.xtec.cat\/segarra\/wp-json\/wp\/v2\/categories?post=22526"},{"taxonomy":"post_tag","embeddable":true,"href":"https:\/\/serveiseducatius.xtec.cat\/segarra\/wp-json\/wp\/v2\/tags?post=22526"}],"curies":[{"name":"wp","href":"https:\/\/api.w.org\/{rel}","templated":true}]}}