{"id":22458,"date":"2026-01-08T14:15:45","date_gmt":"2026-01-08T13:15:45","guid":{"rendered":"https:\/\/serveiseducatius.xtec.cat\/segarra\/?p=22458"},"modified":"2026-01-08T14:22:13","modified_gmt":"2026-01-08T13:22:13","slug":"activitats-de-formacio-del-2n-torn-del-pfz-2025-26","status":"publish","type":"post","link":"https:\/\/serveiseducatius.xtec.cat\/segarra\/general\/activitats-de-formacio-del-2n-torn-del-pfz-2025-26\/","title":{"rendered":"Activitats de formaci\u00f3 del 2n torn del PFZ 2025\/26"},"content":{"rendered":"<p>Des del 7 de gener us podeu inscriure a les activitats programades per al segon torn del Pla de Formaci\u00f3 de Zona 2025\/26.<\/p>\n<p>&nbsp;<\/p>\n<p><span style=\"text-decoration: underline;\">Sol\u00b7licitud de pla\u00e7a:<\/span> 7 al 15 de gener<br \/>\n<span style=\"text-decoration: underline;\">Consulta d\u2019adjudicacions:<\/span> 30 de gener<br \/>\n<span style=\"text-decoration: underline;\">Inici de les activitats:<\/span> a partir del 5 de febrer<\/p>\n<p>&nbsp;<\/p>\n<p>Les activitats del 2n torn amb la inscripci\u00f3 oberta les podeu trobar en <a href=\"https:\/\/serveiseducatius.xtec.cat\/segarra\/formacio\/activitats\/\" target=\"_blank\" rel=\"noopener\">aquest enlla\u00e7<\/a> amb el s\u00edmbol <a href=\"https:\/\/serveiseducatius.xtec.cat\/segarra\/wp-content\/uploads\/usu1148\/2026\/01\/simbol1.png\"><img loading=\"lazy\" decoding=\"async\" class=\"alignnone wp-image-22460\" src=\"https:\/\/serveiseducatius.xtec.cat\/segarra\/wp-content\/uploads\/usu1148\/2026\/01\/simbol1.png\" alt=\"\" width=\"20\" height=\"16\" \/><\/a> .<\/p>\n<p>Les activitats obertes a tots els docents s\u00f3n les seg\u00fcents:<\/p>\n<ul>\n<li><span style=\"font-family: helvetica, arial, sans-serif; font-size: 12pt;\">6004560509 &#8211; <a href=\"https:\/\/aplicacions.gestioeducativa.gencat.cat\/ords\/pls\/soloas\/pk_for_mod_ins.p_for_detall_activitat?p_header=Llista%20d%27activitats^pk_for_mod_ins.p_for_cons_activitats?p_any=2025-2026%26p_totes=S%26p_comarca=32%26p_inici=1%26p_excloure_crp_rec=T&amp;p_codi=6004560509&amp;p_curs=2025-2026&amp;p_excloure_crp_rec=T\">L&#8217;avaluaci\u00f3 i la documentaci\u00f3 pedag\u00f2gica a l&#8217;educaci\u00f3 infantil<\/a><\/span><\/li>\n<li><span style=\"font-family: helvetica, arial, sans-serif; font-size: 12pt;\">6080431608 &#8211; <a href=\"https:\/\/aplicacions.gestioeducativa.gencat.cat\/ords\/pls\/soloas\/pk_for_mod_ins.p_for_detall_activitat?p_header=Llista%20d%27activitats^pk_for_mod_ins.p_for_cons_activitats?p_any=2025-2026%26p_totes=S%26p_comarca=32%26p_inici=31%26p_excloure_crp_rec=T&amp;p_codi=6080431608&amp;p_curs=2025-2026&amp;p_excloure_crp_rec=T\">Introducci\u00f3 a la IA per a docents: eines, reptes i oportunitats<\/a><\/span><\/li>\n<\/ul>\n<p>Cal fer la inscripci\u00f3 amb correu corporatiu Xtec (si teniu alguna dificultat podeu consultar l\u2019apartat <a href=\"http:\/\/xtec.gencat.cat\/ca\/at_usuari\/gestio\/\" target=\"_blank\" rel=\"noopener\">Gesti\u00f3 d\u2019usuaris<\/a>).<\/p>\n<p>Per veure les adjudicacions (a partir del 30 de gener) haureu d&#8217;entrar a <a href=\"http:\/\/xtec.gencat.cat\/ca\/formacio\/la-meva-formacio\/\" target=\"_blank\" rel=\"noopener noreferrer\">&#8220;la meva formaci\u00f3&#8221;<\/a> \u2013 &#8220;les meves activitats&#8221;.<\/p>\n<p>En <a href=\"https:\/\/xtec.gencat.cat\/ca\/formacio\/info-general\/oferta-formativa\/\" target=\"_blank\" rel=\"noopener\">aquest enlla\u00e7<\/a> podeu trobar m\u00e9s informaci\u00f3 sobre l&#8217;oferta formativa a Xtec.<\/p>\n<p><img loading=\"lazy\" decoding=\"async\" class=\"aligncenter wp-image-11188 size-full\" src=\"https:\/\/serveiseducatius.xtec.cat\/segarra\/wp-content\/uploads\/usu1148\/2020\/09\/pfz1.gif\" alt=\"\" width=\"150\" height=\"135\" \/><\/p>\n","protected":false},"excerpt":{"rendered":"<p>Des del 7 de gener us podeu inscriure a les activitats programades per al segon torn del Pla de Formaci\u00f3 de Zona 2025\/26.<br \/>\n&nbsp;<br \/>\nSol\u00b7licitud de pla\u00e7a: 7 al 15 de gener<br \/>\nConsulta d\u2019adjudicacions: 30 de gener<br \/>\nInici de les activitats: a partir del 5 de febrer<br \/>\n&nbsp;<br \/>\nLes activitats del&hellip;  <a href=\"https:\/\/serveiseducatius.xtec.cat\/segarra\/general\/activitats-de-formacio-del-2n-torn-del-pfz-2025-26\/\" title=\"Read Activitats de formaci\u00f3 del 2n torn del PFZ 2025\/26\">Llegeix m\u00e9s\u00bb<\/a><\/p>\n","protected":false},"author":4,"featured_media":22164,"comment_status":"closed","ping_status":"open","sticky":false,"template":"","format":"standard","meta":{"_bbp_topic_count":0,"_bbp_reply_count":0,"_bbp_total_topic_count":0,"_bbp_total_reply_count":0,"_bbp_voice_count":0,"_bbp_anonymous_reply_count":0,"_bbp_topic_count_hidden":0,"_bbp_reply_count_hidden":0,"_bbp_forum_subforum_count":0,"footnotes":""},"categories":[65,1,29],"tags":[],"class_list":["post-22458","post","type-post","status-publish","format-standard","has-post-thumbnail","hentry","category-crp","category-general","category-portada"],"post_mailing_queue_ids":[],"_links":{"self":[{"href":"https:\/\/serveiseducatius.xtec.cat\/segarra\/wp-json\/wp\/v2\/posts\/22458","targetHints":{"allow":["GET"]}}],"collection":[{"href":"https:\/\/serveiseducatius.xtec.cat\/segarra\/wp-json\/wp\/v2\/posts"}],"about":[{"href":"https:\/\/serveiseducatius.xtec.cat\/segarra\/wp-json\/wp\/v2\/types\/post"}],"author":[{"embeddable":true,"href":"https:\/\/serveiseducatius.xtec.cat\/segarra\/wp-json\/wp\/v2\/users\/4"}],"replies":[{"embeddable":true,"href":"https:\/\/serveiseducatius.xtec.cat\/segarra\/wp-json\/wp\/v2\/comments?post=22458"}],"version-history":[{"count":6,"href":"https:\/\/serveiseducatius.xtec.cat\/segarra\/wp-json\/wp\/v2\/posts\/22458\/revisions"}],"predecessor-version":[{"id":22467,"href":"https:\/\/serveiseducatius.xtec.cat\/segarra\/wp-json\/wp\/v2\/posts\/22458\/revisions\/22467"}],"wp:featuredmedia":[{"embeddable":true,"href":"https:\/\/serveiseducatius.xtec.cat\/segarra\/wp-json\/wp\/v2\/media\/22164"}],"wp:attachment":[{"href":"https:\/\/serveiseducatius.xtec.cat\/segarra\/wp-json\/wp\/v2\/media?parent=22458"}],"wp:term":[{"taxonomy":"category","embeddable":true,"href":"https:\/\/serveiseducatius.xtec.cat\/segarra\/wp-json\/wp\/v2\/categories?post=22458"},{"taxonomy":"post_tag","embeddable":true,"href":"https:\/\/serveiseducatius.xtec.cat\/segarra\/wp-json\/wp\/v2\/tags?post=22458"}],"curies":[{"name":"wp","href":"https:\/\/api.w.org\/{rel}","templated":true}]}}