{"id":22401,"date":"2025-11-26T16:18:28","date_gmt":"2025-11-26T15:18:28","guid":{"rendered":"https:\/\/serveiseducatius.xtec.cat\/segarra\/?p=22401"},"modified":"2025-11-26T16:18:28","modified_gmt":"2025-11-26T15:18:28","slug":"inauguracio-de-lespai-ciencia-0-6-lleida","status":"publish","type":"post","link":"https:\/\/serveiseducatius.xtec.cat\/segarra\/general\/inauguracio-de-lespai-ciencia-0-6-lleida\/","title":{"rendered":"Inauguraci\u00f3 de l\u2019Espai Ci\u00e8ncia 0-6 Lleida"},"content":{"rendered":"<p class=\"my-2 [&amp;+p]:mt-4 [&amp;_strong:has(+br)]:inline-block [&amp;_strong:has(+br)]:pb-2\">Lleida ha inaugurat l\u2019Espai Ci\u00e8ncia 0-6, un projecte pioner adre\u00e7at a infants de zero a sis anys que vol acostar-los al m\u00f3n de la ci\u00e8ncia mitjan\u00e7ant el joc, la curiositat i l\u2019experimentaci\u00f3. Impulsat per la UdL amb el suport del Departament d\u2019Educaci\u00f3, la Diputaci\u00f3 de Lleida i la Paeria, l\u2019espai s\u2019ubica al Museu de l\u2019Aigua i ofereix activitats per escoles, fam\u00edlies i llars d\u2019infants a partir de desembre.<\/p>\n<p class=\"my-2 [&amp;+p]:mt-4 [&amp;_strong:has(+br)]:inline-block [&amp;_strong:has(+br)]:pb-2\">L\u2019objectiu \u00e9s fomentar una educaci\u00f3 cient\u00edfica viva, significativa i accessible des dels primers anys, facilitant l\u2019observaci\u00f3, l\u2019experimentaci\u00f3 i el desenvolupament de compet\u00e8ncies clau. Amb propostes obertes i l\u2019acompanyament de professionals especialitzats, Espai Ci\u00e8ncia 0-6 esdev\u00e9 tamb\u00e9 un recurs formatiu per a docents i un punt de trobada per a la comunitat educativa de Lleida.<\/p>\n<p>Enlla\u00e7os:<\/p>\n<ul>\n<li><strong><a href=\"http:\/\/www.espaiciencia06lleida.com\/\">P\u00e0gina web Espai Ci\u00e8ncia 0-6 Lleida<\/a><\/strong><\/li>\n<li><a href=\"https:\/\/sites.google.com\/xtec.cat\/espai-ciencia-06-lleida\/reserva\"><strong>INSCRIPCIONS<\/strong><\/a><\/li>\n<\/ul>\n<p>Material audiovisual relacionat:<\/p>\n<ul>\n<li><a href=\"https:\/\/youtu.be\/qAhI5htTFzs\">V\u00eddeo resum de la inauguraci\u00f3<\/a><\/li>\n<li><a href=\"https:\/\/photos.app.goo.gl\/sW3iZaRfjtVtBna1A\">\u00c0lbum de fotos<\/a><\/li>\n<li><a href=\"https:\/\/www.youtube.com\/watch?v=5xJSzP77vpE\">Confer\u00e8ncia inaugural completa (UdL)<\/a><\/li>\n<\/ul>\n<p>&nbsp;<\/p>\n<p><a href=\"https:\/\/serveiseducatius.xtec.cat\/segarra\/wp-content\/uploads\/usu1148\/2025\/11\/espai-ciencia-0-6-b.png\"><img loading=\"lazy\" decoding=\"async\" class=\"aligncenter wp-image-22402 size-large\" src=\"https:\/\/serveiseducatius.xtec.cat\/segarra\/wp-content\/uploads\/usu1148\/2025\/11\/espai-ciencia-0-6-b-1024x681.png\" alt=\"\" width=\"1024\" height=\"681\" srcset=\"https:\/\/serveiseducatius.xtec.cat\/segarra\/wp-content\/uploads\/usu1148\/2025\/11\/espai-ciencia-0-6-b-1024x681.png 1024w, https:\/\/serveiseducatius.xtec.cat\/segarra\/wp-content\/uploads\/usu1148\/2025\/11\/espai-ciencia-0-6-b-300x199.png 300w, https:\/\/serveiseducatius.xtec.cat\/segarra\/wp-content\/uploads\/usu1148\/2025\/11\/espai-ciencia-0-6-b-768x511.png 768w, https:\/\/serveiseducatius.xtec.cat\/segarra\/wp-content\/uploads\/usu1148\/2025\/11\/espai-ciencia-0-6-b.png 1029w\" sizes=\"auto, (max-width: 1024px) 100vw, 1024px\" \/><\/a><\/p>\n","protected":false},"excerpt":{"rendered":"<p>Lleida ha inaugurat l\u2019Espai Ci\u00e8ncia 0-6, un projecte pioner adre\u00e7at a infants de zero a sis anys que vol acostar-los al m\u00f3n de la ci\u00e8ncia mitjan\u00e7ant el joc, la curiositat i l\u2019experimentaci\u00f3. Impulsat per la UdL amb el suport del Departament d\u2019Educaci\u00f3, la Diputaci\u00f3 de&hellip;  <a href=\"https:\/\/serveiseducatius.xtec.cat\/segarra\/general\/inauguracio-de-lespai-ciencia-0-6-lleida\/\" title=\"Read Inauguraci\u00f3 de l\u2019Espai Ci\u00e8ncia 0-6 Lleida\">Llegeix m\u00e9s\u00bb<\/a><\/p>\n","protected":false},"author":4,"featured_media":22403,"comment_status":"closed","ping_status":"open","sticky":false,"template":"","format":"standard","meta":{"_bbp_topic_count":0,"_bbp_reply_count":0,"_bbp_total_topic_count":0,"_bbp_total_reply_count":0,"_bbp_voice_count":0,"_bbp_anonymous_reply_count":0,"_bbp_topic_count_hidden":0,"_bbp_reply_count_hidden":0,"_bbp_forum_subforum_count":0,"footnotes":""},"categories":[65,251,1,424,235,29,448],"tags":[],"class_list":["post-22401","post","type-post","status-publish","format-standard","has-post-thumbnail","hentry","category-crp","category-dinamica-educativa","category-general","category-inno","category-formacio_ins","category-portada","category-steam"],"post_mailing_queue_ids":[],"_links":{"self":[{"href":"https:\/\/serveiseducatius.xtec.cat\/segarra\/wp-json\/wp\/v2\/posts\/22401","targetHints":{"allow":["GET"]}}],"collection":[{"href":"https:\/\/serveiseducatius.xtec.cat\/segarra\/wp-json\/wp\/v2\/posts"}],"about":[{"href":"https:\/\/serveiseducatius.xtec.cat\/segarra\/wp-json\/wp\/v2\/types\/post"}],"author":[{"embeddable":true,"href":"https:\/\/serveiseducatius.xtec.cat\/segarra\/wp-json\/wp\/v2\/users\/4"}],"replies":[{"embeddable":true,"href":"https:\/\/serveiseducatius.xtec.cat\/segarra\/wp-json\/wp\/v2\/comments?post=22401"}],"version-history":[{"count":1,"href":"https:\/\/serveiseducatius.xtec.cat\/segarra\/wp-json\/wp\/v2\/posts\/22401\/revisions"}],"predecessor-version":[{"id":22404,"href":"https:\/\/serveiseducatius.xtec.cat\/segarra\/wp-json\/wp\/v2\/posts\/22401\/revisions\/22404"}],"wp:featuredmedia":[{"embeddable":true,"href":"https:\/\/serveiseducatius.xtec.cat\/segarra\/wp-json\/wp\/v2\/media\/22403"}],"wp:attachment":[{"href":"https:\/\/serveiseducatius.xtec.cat\/segarra\/wp-json\/wp\/v2\/media?parent=22401"}],"wp:term":[{"taxonomy":"category","embeddable":true,"href":"https:\/\/serveiseducatius.xtec.cat\/segarra\/wp-json\/wp\/v2\/categories?post=22401"},{"taxonomy":"post_tag","embeddable":true,"href":"https:\/\/serveiseducatius.xtec.cat\/segarra\/wp-json\/wp\/v2\/tags?post=22401"}],"curies":[{"name":"wp","href":"https:\/\/api.w.org\/{rel}","templated":true}]}}