{"id":21905,"date":"2025-03-10T16:19:55","date_gmt":"2025-03-10T15:19:55","guid":{"rendered":"https:\/\/serveiseducatius.xtec.cat\/segarra\/?p=21905"},"modified":"2025-07-21T13:37:35","modified_gmt":"2025-07-21T11:37:35","slug":"la-fase-comarcal-del-xxi-certamen-de-lectura-en-veu-alta-reuneix-els-millors-lectors-de-la-segarra","status":"publish","type":"post","link":"https:\/\/serveiseducatius.xtec.cat\/segarra\/general\/la-fase-comarcal-del-xxi-certamen-de-lectura-en-veu-alta-reuneix-els-millors-lectors-de-la-segarra\/","title":{"rendered":"La fase comarcal del XXI Certamen de Lectura en Veu Alta"},"content":{"rendered":"<p><span style=\"font-weight: 400;\">El passat 6 de mar\u00e7, el Teatre Ateneu de Guissona es va omplir d&#8217;emoci\u00f3 i expectaci\u00f3 amb la celebraci\u00f3 de la fase comarcal del <strong>vint-i-un\u00e8 Certamen Nacional Infantil i Juvenil de Lectura en Veu Alta<\/strong>. Aquesta iniciativa, impulsada per la Fundaci\u00f3 Enciclop\u00e8dia Catalana i el Departament d\u2019Educaci\u00f3 de la Generalitat de Catalunya, t\u00e9 com a objectiu fomentar el plaer per la lectura entre els infants i joves.<\/span><\/p>\n<p><span style=\"font-weight: 400;\">L\u2019esdeveniment, condu\u00eft amb dinamisme per l\u2019actor Ivan Alcoba, va comptar amb la participaci\u00f3 d\u2019alumnes i professorat d\u2019onze centres de la comarca. De Guissona hi van prendre part l&#8217;<strong>Escola Mestre Ramon Estadella i Torredeflot<\/strong>, l&#8217;<strong>Escola Ramon Faus i Esteve<\/strong>, l&#8217;<strong>Escola-Institut FEDAC Guissona<\/strong> i l&#8217;<strong>Institut de Guissona<\/strong>. Tamb\u00e9 hi van participar l&#8217;<strong>Escola l\u2019Estel<\/strong> de Sant Guim de Freixenet i, des de la ZER de la Segarra, l&#8217;<strong>Escola de Sana\u00fcja<\/strong> i l&#8217;<strong>Escola Vall Ondara<\/strong>. De Cervera, es van sumar a la iniciativa l&#8217;<strong>Escola Moss\u00e8n Josep Arques<\/strong>, l&#8217;<strong>Escola Jaume Balmes<\/strong>, l&#8217;<strong>Institut Antoni Torroja<\/strong> i l&#8217;<strong>Institut la Segarra<\/strong>.<\/span><\/p>\n<p><span style=\"font-weight: 400;\">Un total de <span style=\"text-decoration: underline;\">trenta-quatre alumnes<\/span> seleccionats van defensar la seva habilitat lectora a l\u2019escenari, organitzats en cinc categories: Grumets vermells per a cicle mitj\u00e0 de prim\u00e0ria, Grumets verds per a cicle superior, Timoners per a alumnat nouvingut, Corsaris per a primer i segon d\u2019ESO i Tropa de Corsaris per a tercer i quart d\u2019ESO. Un rere l\u2019altre, van oferir les seves lectures amb seguretat i emoci\u00f3, captivant el p\u00fablic amb la seva expressi\u00f3 i domini del text.<\/span><\/p>\n<p>&nbsp;<\/p>\n<table style=\"border-collapse: collapse; width: 100%;\">\n<tbody>\n<tr>\n<td style=\"width: 50%;\"><a href=\"https:\/\/serveiseducatius.xtec.cat\/segarra\/wp-content\/uploads\/usu1148\/2025\/03\/IMG_0174-scaled.jpg\"><img loading=\"lazy\" decoding=\"async\" class=\"alignnone size-large wp-image-21908\" src=\"https:\/\/serveiseducatius.xtec.cat\/segarra\/wp-content\/uploads\/usu1148\/2025\/03\/IMG_0174-1024x768.jpg\" alt=\"\" width=\"1024\" height=\"768\" srcset=\"https:\/\/serveiseducatius.xtec.cat\/segarra\/wp-content\/uploads\/usu1148\/2025\/03\/IMG_0174-1024x768.jpg 1024w, https:\/\/serveiseducatius.xtec.cat\/segarra\/wp-content\/uploads\/usu1148\/2025\/03\/IMG_0174-300x225.jpg 300w, https:\/\/serveiseducatius.xtec.cat\/segarra\/wp-content\/uploads\/usu1148\/2025\/03\/IMG_0174-768x576.jpg 768w, https:\/\/serveiseducatius.xtec.cat\/segarra\/wp-content\/uploads\/usu1148\/2025\/03\/IMG_0174-1536x1152.jpg 1536w, https:\/\/serveiseducatius.xtec.cat\/segarra\/wp-content\/uploads\/usu1148\/2025\/03\/IMG_0174-2048x1536.jpg 2048w, https:\/\/serveiseducatius.xtec.cat\/segarra\/wp-content\/uploads\/usu1148\/2025\/03\/IMG_0174-200x150.jpg 200w\" sizes=\"auto, (max-width: 1024px) 100vw, 1024px\" \/><\/a><\/td>\n<td style=\"width: 50%;\"><a href=\"https:\/\/serveiseducatius.xtec.cat\/segarra\/wp-content\/uploads\/usu1148\/2025\/03\/IMG_0179-scaled.jpg\"><img loading=\"lazy\" decoding=\"async\" class=\"alignnone size-large wp-image-21909\" src=\"https:\/\/serveiseducatius.xtec.cat\/segarra\/wp-content\/uploads\/usu1148\/2025\/03\/IMG_0179-1024x768.jpg\" alt=\"\" width=\"1024\" height=\"768\" srcset=\"https:\/\/serveiseducatius.xtec.cat\/segarra\/wp-content\/uploads\/usu1148\/2025\/03\/IMG_0179-1024x768.jpg 1024w, https:\/\/serveiseducatius.xtec.cat\/segarra\/wp-content\/uploads\/usu1148\/2025\/03\/IMG_0179-300x225.jpg 300w, https:\/\/serveiseducatius.xtec.cat\/segarra\/wp-content\/uploads\/usu1148\/2025\/03\/IMG_0179-768x576.jpg 768w, https:\/\/serveiseducatius.xtec.cat\/segarra\/wp-content\/uploads\/usu1148\/2025\/03\/IMG_0179-1536x1152.jpg 1536w, https:\/\/serveiseducatius.xtec.cat\/segarra\/wp-content\/uploads\/usu1148\/2025\/03\/IMG_0179-2048x1536.jpg 2048w, https:\/\/serveiseducatius.xtec.cat\/segarra\/wp-content\/uploads\/usu1148\/2025\/03\/IMG_0179-200x150.jpg 200w\" sizes=\"auto, (max-width: 1024px) 100vw, 1024px\" \/><\/a><\/td>\n<\/tr>\n<\/tbody>\n<\/table>\n<p><span style=\"font-weight: 400;\">El jurat, compost per l\u2019actor i membre de la companyia teatral Fadunito Ferran Orobitg, l\u2019actriu i narradora Patricia McGill i l\u2019assessora en Llengua, Interculturalitat i Cohesi\u00f3 del Servei Educatiu de la Segarra, Marisa Perella, va tenir una tasca complicada a l\u2019hora de deliberar. Despr\u00e9s d\u2019un ric debat, es van anunciar els noms dels lectors que representaran la comarca a la final territorial, prevista per al 29 d\u2019abril al Teatre Municipal de Balaguer. Els que superin aquesta fase accediran a la gran Festa de la Lectura, que tindr\u00e0 lloc al Teatre Nacional de Catalunya el pr\u00f2xim mes de juny.<\/span><\/p>\n<p><span style=\"font-weight: 400;\">Durant la deliberaci\u00f3 del jurat, el p\u00fablic va poder gaudir de l&#8217;actuaci\u00f3 musical de la Denisa Ionita i la Paula Sol\u00e9, de l&#8217;Institut de Guissona, que van interpretar tres can\u00e7ons amb veu i violoncel, aportant un toc art\u00edstic i emotiu a la jornada.<\/span><\/p>\n<p><span style=\"font-weight: 400;\">Els representants de la Segarra en la seg\u00fcent fase s\u00f3n Miquel Castany Riu, de l&#8217;Escola Jaume Balmes, com a participant en la categoria de Grumets vermells. Leyre Calvo Saez, tamb\u00e9 de l&#8217;Escola Jaume Balmes, s&#8217;ha guanyat un lloc en la categoria de Grumets verds. En la categoria Timoners, destinada a alumnat nouvingut, Faly Gathie, de l&#8217;Escola Ramon Faus i Esteve, ha aconseguit la seva classificaci\u00f3 per a la final territorial. Sira Regi Verd\u00e9s, de l&#8217;Institut la Segarra, ser\u00e0 l&#8217;encarregada de representar la comarca en la categoria de Corsaris. Finalment, en la categoria Tropa de Corsaris, el conjunt format per Arnau Dalmases, Pau Puig Riart i Ivet T\u00e0sies Junyent, de l&#8217;Institut Antoni Torroja de Cervera, participar\u00e0 en la pr\u00f2xima fase del certamen.<\/span><\/p>\n<p><span style=\"font-weight: 400;\">L\u2019esdeveniment, que va durar dues hores, va ser una aut\u00e8ntica festa de les paraules. L\u2019ambient festiu i la passi\u00f3 per la lectura van ser els grans protagonistes de la jornada. Tots els participants van rebre un diploma i un llibre com a reconeixement pel seu esfor\u00e7 i dedicaci\u00f3. A m\u00e9s, el p\u00fablic assistent va demostrar el seu suport amb constants aplaudiments i mostres d\u2019\u00e0nim cap als joves lectors.<\/span><\/p>\n<p><span style=\"font-weight: 400;\">Els actors Ivan Alcoba i Ferran Orobitg, cofundadors de la companyia teatral Fadunito, van posar el toc d\u2019humor i espontane\u00eftat a la jornada, contribuint a un ambient dist\u00e8s i ple de complicitat entre participants i espectadors.<\/span><\/p>\n<p><span style=\"font-weight: 400;\">Amb aquesta nova edici\u00f3, el Certamen de Lectura en Veu Alta continua consolidant-se com un referent educatiu i cultural, promovent el gust per la lectura i la capacitat expressiva dels joves lectors.<\/span><\/p>\n<table style=\"border-collapse: collapse; width: 100%;\">\n<tbody>\n<tr>\n<td style=\"width: 33.3333%;\"><a href=\"https:\/\/serveiseducatius.xtec.cat\/segarra\/wp-content\/uploads\/usu1148\/2025\/03\/IMG_0182-scaled.jpg\"><img loading=\"lazy\" decoding=\"async\" class=\"alignnone size-large wp-image-21910\" src=\"https:\/\/serveiseducatius.xtec.cat\/segarra\/wp-content\/uploads\/usu1148\/2025\/03\/IMG_0182-1024x768.jpg\" alt=\"\" width=\"1024\" height=\"768\" srcset=\"https:\/\/serveiseducatius.xtec.cat\/segarra\/wp-content\/uploads\/usu1148\/2025\/03\/IMG_0182-1024x768.jpg 1024w, https:\/\/serveiseducatius.xtec.cat\/segarra\/wp-content\/uploads\/usu1148\/2025\/03\/IMG_0182-300x225.jpg 300w, https:\/\/serveiseducatius.xtec.cat\/segarra\/wp-content\/uploads\/usu1148\/2025\/03\/IMG_0182-768x576.jpg 768w, https:\/\/serveiseducatius.xtec.cat\/segarra\/wp-content\/uploads\/usu1148\/2025\/03\/IMG_0182-1536x1152.jpg 1536w, https:\/\/serveiseducatius.xtec.cat\/segarra\/wp-content\/uploads\/usu1148\/2025\/03\/IMG_0182-2048x1536.jpg 2048w, https:\/\/serveiseducatius.xtec.cat\/segarra\/wp-content\/uploads\/usu1148\/2025\/03\/IMG_0182-200x150.jpg 200w\" sizes=\"auto, (max-width: 1024px) 100vw, 1024px\" \/><\/a><\/td>\n<td style=\"width: 33.3333%;\"><a href=\"https:\/\/serveiseducatius.xtec.cat\/segarra\/wp-content\/uploads\/usu1148\/2025\/03\/IMG_0184-1-scaled.jpg\"><img loading=\"lazy\" decoding=\"async\" class=\"alignnone size-large wp-image-21911\" src=\"https:\/\/serveiseducatius.xtec.cat\/segarra\/wp-content\/uploads\/usu1148\/2025\/03\/IMG_0184-1-1024x768.jpg\" alt=\"\" width=\"1024\" height=\"768\" srcset=\"https:\/\/serveiseducatius.xtec.cat\/segarra\/wp-content\/uploads\/usu1148\/2025\/03\/IMG_0184-1-1024x768.jpg 1024w, https:\/\/serveiseducatius.xtec.cat\/segarra\/wp-content\/uploads\/usu1148\/2025\/03\/IMG_0184-1-300x225.jpg 300w, https:\/\/serveiseducatius.xtec.cat\/segarra\/wp-content\/uploads\/usu1148\/2025\/03\/IMG_0184-1-768x576.jpg 768w, https:\/\/serveiseducatius.xtec.cat\/segarra\/wp-content\/uploads\/usu1148\/2025\/03\/IMG_0184-1-1536x1152.jpg 1536w, https:\/\/serveiseducatius.xtec.cat\/segarra\/wp-content\/uploads\/usu1148\/2025\/03\/IMG_0184-1-2048x1536.jpg 2048w, https:\/\/serveiseducatius.xtec.cat\/segarra\/wp-content\/uploads\/usu1148\/2025\/03\/IMG_0184-1-200x150.jpg 200w\" sizes=\"auto, (max-width: 1024px) 100vw, 1024px\" \/><\/a><\/td>\n<td style=\"width: 33.3333%;\"><a href=\"https:\/\/serveiseducatius.xtec.cat\/segarra\/wp-content\/uploads\/usu1148\/2025\/03\/IMG_0187-scaled.jpg\"><img loading=\"lazy\" decoding=\"async\" class=\"alignnone size-large wp-image-21912\" src=\"https:\/\/serveiseducatius.xtec.cat\/segarra\/wp-content\/uploads\/usu1148\/2025\/03\/IMG_0187-1024x768.jpg\" alt=\"\" width=\"1024\" height=\"768\" srcset=\"https:\/\/serveiseducatius.xtec.cat\/segarra\/wp-content\/uploads\/usu1148\/2025\/03\/IMG_0187-1024x768.jpg 1024w, https:\/\/serveiseducatius.xtec.cat\/segarra\/wp-content\/uploads\/usu1148\/2025\/03\/IMG_0187-300x225.jpg 300w, https:\/\/serveiseducatius.xtec.cat\/segarra\/wp-content\/uploads\/usu1148\/2025\/03\/IMG_0187-768x576.jpg 768w, https:\/\/serveiseducatius.xtec.cat\/segarra\/wp-content\/uploads\/usu1148\/2025\/03\/IMG_0187-1536x1152.jpg 1536w, https:\/\/serveiseducatius.xtec.cat\/segarra\/wp-content\/uploads\/usu1148\/2025\/03\/IMG_0187-2048x1536.jpg 2048w, https:\/\/serveiseducatius.xtec.cat\/segarra\/wp-content\/uploads\/usu1148\/2025\/03\/IMG_0187-200x150.jpg 200w\" sizes=\"auto, (max-width: 1024px) 100vw, 1024px\" \/><\/a><\/td>\n<\/tr>\n<\/tbody>\n<\/table>\n","protected":false},"excerpt":{"rendered":"<p>El passat 6 de mar\u00e7, el Teatre Ateneu de Guissona es va omplir d&#8217;emoci\u00f3 i expectaci\u00f3 amb la celebraci\u00f3 de la fase comarcal del vint-i-un\u00e8 Certamen Nacional Infantil i Juvenil de Lectura en Veu Alta. Aquesta iniciativa, impulsada per la Fundaci\u00f3 Enciclop\u00e8dia Catalana i el&hellip;  <a href=\"https:\/\/serveiseducatius.xtec.cat\/segarra\/general\/la-fase-comarcal-del-xxi-certamen-de-lectura-en-veu-alta-reuneix-els-millors-lectors-de-la-segarra\/\" title=\"Read La fase comarcal del XXI Certamen de Lectura en Veu Alta\">Llegeix m\u00e9s\u00bb<\/a><\/p>\n","protected":false},"author":4,"featured_media":21907,"comment_status":"closed","ping_status":"closed","sticky":false,"template":"","format":"standard","meta":{"_bbp_topic_count":0,"_bbp_reply_count":0,"_bbp_total_topic_count":0,"_bbp_total_reply_count":0,"_bbp_voice_count":0,"_bbp_anonymous_reply_count":0,"_bbp_topic_count_hidden":0,"_bbp_reply_count_hidden":0,"_bbp_forum_subforum_count":0,"footnotes":""},"categories":[65,68,1,72,29],"tags":[1278,352,612,295,562,172,179,100,169,236,327,922],"class_list":["post-21905","post","type-post","status-publish","format-standard","has-post-thumbnail","hentry","category-crp","category-elic","category-general","category-lectura-en-veu-alta","category-portada","tag-lecturaenveualta","tag-certamen","tag-clva","tag-concurs","tag-concursos","tag-educacio-primaria","tag-educacio-secundaria","tag-lectura","tag-llengua","tag-llengua-catalana","tag-premis","tag-premis-i-concursos"],"post_mailing_queue_ids":[],"_links":{"self":[{"href":"https:\/\/serveiseducatius.xtec.cat\/segarra\/wp-json\/wp\/v2\/posts\/21905","targetHints":{"allow":["GET"]}}],"collection":[{"href":"https:\/\/serveiseducatius.xtec.cat\/segarra\/wp-json\/wp\/v2\/posts"}],"about":[{"href":"https:\/\/serveiseducatius.xtec.cat\/segarra\/wp-json\/wp\/v2\/types\/post"}],"author":[{"embeddable":true,"href":"https:\/\/serveiseducatius.xtec.cat\/segarra\/wp-json\/wp\/v2\/users\/4"}],"replies":[{"embeddable":true,"href":"https:\/\/serveiseducatius.xtec.cat\/segarra\/wp-json\/wp\/v2\/comments?post=21905"}],"version-history":[{"count":4,"href":"https:\/\/serveiseducatius.xtec.cat\/segarra\/wp-json\/wp\/v2\/posts\/21905\/revisions"}],"predecessor-version":[{"id":22158,"href":"https:\/\/serveiseducatius.xtec.cat\/segarra\/wp-json\/wp\/v2\/posts\/21905\/revisions\/22158"}],"wp:featuredmedia":[{"embeddable":true,"href":"https:\/\/serveiseducatius.xtec.cat\/segarra\/wp-json\/wp\/v2\/media\/21907"}],"wp:attachment":[{"href":"https:\/\/serveiseducatius.xtec.cat\/segarra\/wp-json\/wp\/v2\/media?parent=21905"}],"wp:term":[{"taxonomy":"category","embeddable":true,"href":"https:\/\/serveiseducatius.xtec.cat\/segarra\/wp-json\/wp\/v2\/categories?post=21905"},{"taxonomy":"post_tag","embeddable":true,"href":"https:\/\/serveiseducatius.xtec.cat\/segarra\/wp-json\/wp\/v2\/tags?post=21905"}],"curies":[{"name":"wp","href":"https:\/\/api.w.org\/{rel}","templated":true}]}}