{"id":21810,"date":"2025-02-24T17:33:29","date_gmt":"2025-02-24T16:33:29","guid":{"rendered":"https:\/\/serveiseducatius.xtec.cat\/segarra\/?p=21810"},"modified":"2025-02-25T12:37:29","modified_gmt":"2025-02-25T11:37:29","slug":"fer-futurs-emprenedors-rurals-2","status":"publish","type":"post","link":"https:\/\/serveiseducatius.xtec.cat\/segarra\/general\/fer-futurs-emprenedors-rurals-2\/","title":{"rendered":"FER: Futurs Emprenedors Rurals"},"content":{"rendered":"<p style=\"text-align: justify;\">Futurs Emprenedors Rurals pret\u00e9n despertar el talent emprenedor, la creativitat i la curiositat per les oportunitats que genera el m\u00f3n rural als alumnes de prim\u00e0ria, per tal de contribuir en un futur a afrontar dos dels reptes del m\u00f3n rural: evitar el despoblament i afavorir la diversificaci\u00f3 econ\u00f2mica.<\/p>\n<p style=\"text-align: justify;\">FER.cat t\u00e9 com a objectius espec\u00edfics:<\/p>\n<ul style=\"text-align: justify;\">\n<li>Despertar el talent emprenedor entre els m\u00e9s joves mentre s&#8217;estan formant en l&#8217;entorn rural a trav\u00e9s de treballar la seva creativitat i la seva capacitat d&#8217;innovar, fomentar la confian\u00e7a en ells mateixos, el pensament cr\u00edtic i la capacitat de resoldre problemes concrets, tractant diferents aspectes de la creaci\u00f3 d\u2019una empresa des de la idea fins al seu finan\u00e7ament, partint de la coneixen\u00e7a del territori i de la detecci\u00f3 de les seves necessitats, passant pel pla de comunicaci\u00f3 i l\u2019organitzaci\u00f3 interna.<\/li>\n<li>Facilitar que els alumnes aprenguin a cercar oportunitats i aprofitar els recursos que els ofereix el m\u00f3n rural; donar a con\u00e8ixer les empreses i les oportunitats del territori.<\/li>\n<li>Difondre la cultura emprenedora als centres educatius; incorporar els valors relacionats amb l&#8217;emprenedoria als centres de prim\u00e0ria, relacionar-los amb mat\u00e8ries curriculars existents, com matem\u00e0tiques, pl\u00e0stica, llengua, etc.; a la vegada que s\u2019implica la comunitat educativa en la transmissi\u00f3 de la cultura emprenedora, m\u00e9s enll\u00e0 d\u2019explicar com funciona una empresa.<\/li>\n<li>Fomentar el treball en equip, el debat i les relacions entre l&#8217;alumnat.<\/li>\n<li>Introduir de forma b\u00e0sica la cultura financera a les escoles.<\/li>\n<li>Difondre la cultura emprenedora entre la comunitat educativa (alumnat, professorat i fam\u00edlies).<\/li>\n<li>Implicaci\u00f3 de la comunitat educativa en la transmissi\u00f3 de la cultura emprenedora, m\u00e9s enll\u00e0 del que pot ser explicar com funciona una empresa. Incorporant els valors relacionats amb l&#8217;emprenedoria (motivaci\u00f3, autoconfian\u00e7a, pensament cr\u00edtic, innovaci\u00f3 i creativitat) a les mat\u00e8ries curriculars existents, com matem\u00e0tiques, educaci\u00f3 art\u00edstica, llengua, coneixement del medi natural, social i cultural, etc.<\/li>\n<li>Posar en valor les empreses dels territoris LEADER i donar\u2010les a con\u00e8ixer entre la comunitat educativa i l&#8217;alumnat.<\/li>\n<\/ul>\n<p style=\"text-align: justify;\">V\u00cdDEO RESUM:<\/p>\n<p><iframe loading=\"lazy\" title=\"V\u00cdDEO INFORMATIU DEL PROJECTE FER- FUTURS EMPRENEDORS RURALS\" width=\"500\" height=\"281\" src=\"https:\/\/www.youtube.com\/embed\/0bGdrlBCYIs?feature=oembed\" frameborder=\"0\" allow=\"accelerometer; autoplay; clipboard-write; encrypted-media; gyroscope; picture-in-picture; web-share\" referrerpolicy=\"strict-origin-when-cross-origin\" allowfullscreen><\/iframe><\/p>\n<p>&nbsp;<\/p>\n<p><a href=\"https:\/\/drive.google.com\/file\/d\/1ARD7TXdli1O6iGvcBDY5sTvW_nXay33U\/view?usp=sharing\" target=\"_blank\" rel=\"noopener\">Tr\u00edptic informatiu<\/a><\/p>\n<p>M\u00e9s informaci\u00f3: <a href=\"https:\/\/www.futursemprenedors.cat\/\" target=\"_blank\" rel=\"noopener\">www.futursemprenedors.cat<\/a><br \/>\nContacte: leader<span class=\"\">@noguerasegrianor<\/span>d.cat<\/p>\n<p style=\"text-align: justify;\">FER \u00e9s un projecte de cooperaci\u00f3 interterritorial, coordinat pel Consorci Grup d\u2019Acci\u00f3 Local Noguera Segri\u00e0 Nord i impulsat conjuntament per altres Grups d\u2019Acci\u00f3 Local de Catalunya. FER est\u00e0 finan\u00e7at pel Departament d\u2019Agricultura, Ramaderia, Pesca i Alimentaci\u00f3 de la Generalitat de Catalunya i pel Fons Europeu Agr\u00edcola de Desenvolupament Rural.<\/p>\n","protected":false},"excerpt":{"rendered":"<p>Futurs Emprenedors Rurals pret\u00e9n despertar el talent emprenedor, la creativitat i la curiositat per les oportunitats que genera el m\u00f3n rural als alumnes de prim\u00e0ria, per tal de contribuir en un futur a afrontar dos dels reptes del m\u00f3n rural: evitar el despoblament i afavorir&hellip;  <a href=\"https:\/\/serveiseducatius.xtec.cat\/segarra\/general\/fer-futurs-emprenedors-rurals-2\/\" title=\"Read FER: Futurs Emprenedors Rurals\">Llegeix m\u00e9s\u00bb<\/a><\/p>\n","protected":false},"author":4,"featured_media":21813,"comment_status":"closed","ping_status":"closed","sticky":false,"template":"","format":"standard","meta":{"_bbp_topic_count":0,"_bbp_reply_count":0,"_bbp_total_topic_count":0,"_bbp_total_reply_count":0,"_bbp_voice_count":0,"_bbp_anonymous_reply_count":0,"_bbp_topic_count_hidden":0,"_bbp_reply_count_hidden":0,"_bbp_forum_subforum_count":0,"footnotes":""},"categories":[65,1,29],"tags":[1375,368,172,493,708],"class_list":["post-21810","post","type-post","status-publish","format-standard","has-post-thumbnail","hentry","category-crp","category-general","category-portada","tag-leader","tag-cicle-superior-primaria","tag-educacio-primaria","tag-fer","tag-recursos-educatius"],"post_mailing_queue_ids":[],"_links":{"self":[{"href":"https:\/\/serveiseducatius.xtec.cat\/segarra\/wp-json\/wp\/v2\/posts\/21810","targetHints":{"allow":["GET"]}}],"collection":[{"href":"https:\/\/serveiseducatius.xtec.cat\/segarra\/wp-json\/wp\/v2\/posts"}],"about":[{"href":"https:\/\/serveiseducatius.xtec.cat\/segarra\/wp-json\/wp\/v2\/types\/post"}],"author":[{"embeddable":true,"href":"https:\/\/serveiseducatius.xtec.cat\/segarra\/wp-json\/wp\/v2\/users\/4"}],"replies":[{"embeddable":true,"href":"https:\/\/serveiseducatius.xtec.cat\/segarra\/wp-json\/wp\/v2\/comments?post=21810"}],"version-history":[{"count":3,"href":"https:\/\/serveiseducatius.xtec.cat\/segarra\/wp-json\/wp\/v2\/posts\/21810\/revisions"}],"predecessor-version":[{"id":21814,"href":"https:\/\/serveiseducatius.xtec.cat\/segarra\/wp-json\/wp\/v2\/posts\/21810\/revisions\/21814"}],"wp:featuredmedia":[{"embeddable":true,"href":"https:\/\/serveiseducatius.xtec.cat\/segarra\/wp-json\/wp\/v2\/media\/21813"}],"wp:attachment":[{"href":"https:\/\/serveiseducatius.xtec.cat\/segarra\/wp-json\/wp\/v2\/media?parent=21810"}],"wp:term":[{"taxonomy":"category","embeddable":true,"href":"https:\/\/serveiseducatius.xtec.cat\/segarra\/wp-json\/wp\/v2\/categories?post=21810"},{"taxonomy":"post_tag","embeddable":true,"href":"https:\/\/serveiseducatius.xtec.cat\/segarra\/wp-json\/wp\/v2\/tags?post=21810"}],"curies":[{"name":"wp","href":"https:\/\/api.w.org\/{rel}","templated":true}]}}