{"id":21742,"date":"2025-02-12T10:27:32","date_gmt":"2025-02-12T09:27:32","guid":{"rendered":"https:\/\/serveiseducatius.xtec.cat\/segarra\/?p=21742"},"modified":"2025-02-12T10:28:29","modified_gmt":"2025-02-12T09:28:29","slug":"la-festa-major-dhivern-de-cervera-a-les-escoles-tradicio-cultura-i-festa","status":"publish","type":"post","link":"https:\/\/serveiseducatius.xtec.cat\/segarra\/general\/la-festa-major-dhivern-de-cervera-a-les-escoles-tradicio-cultura-i-festa\/","title":{"rendered":"La Festa Major d\u2019Hivern de Cervera a les escoles: tradici\u00f3, cultura i festa"},"content":{"rendered":"<p>Del 3 al 5 de febrer, l\u2019alumnat de les tres escoles de Cervera ha treballat la Festa Major del Sant\u00edssim Misteri a partir d\u2019una proposta pedag\u00f2gica que s\u2019engloba dins un projecte educatiu transversal amb l\u2019objectiu principal d\u2019apropar la cultura popular, la llengua catalana i les tradicions a tot l\u2019alumnat d\u2019infantil i prim\u00e0ria i les seves fam\u00edlies.<br \/>\nLa proposta pedag\u00f2gica de la Festa Major d\u2019Hivern s\u2019organitza en nou unitats did\u00e0ctiques que corresponen a cada curs d\u2019infantil i prim\u00e0ria, en les quals es treballa l\u2019\u00e0liga, la Senyera de la ciutat, les trampes, els macers, la hist\u00f2ria del Sant\u00edssim Misteri, el gegant\u00f3 Joan Balaguer, els velluts i les Completes a trav\u00e9s d\u2019activitats motivadores, vivencials i significatives en catal\u00e0 i en angl\u00e8s. Entre les activitats que es proposen destaquen les visites escolars a la Cervera Medieval, a la Parr\u00f2quia, a la Capella del Sant\u00edssim Misteri i a l\u2019exposici\u00f3 dels elements festius de la ciutat a la Paeria (Senyera de la ciutat, les trampes, les maces i els vestits) que s\u2019inclouen dins el Pla Educatiu d\u2019Entorn de la Regidoria d\u2019Educaci\u00f3 de la Paeria de Cervera i es duen a terme per guies tur\u00edstics i les visites per con\u00e8ixer l\u2019\u00e0liga i el gegant\u00f3 Joan Balaguer, a c\u00e0rrec de voluntaris de la Confraria de l\u2019\u00c0liga i dels Geganters de Cervera, respectivament.<br \/>\nAquest projecte est\u00e0 liderat pel grup del Seminari de Cultura Popular a les Escoles, de l\u2019Agrupaci\u00f3 Seny Major i la col\u00b7laboraci\u00f3 del Servei Educatiu de la Segarra del Departament d\u2019Educaci\u00f3 que es desenvolupa des de l\u2019any 2010 als centres educatius del municipi. A m\u00e9s, tamb\u00e9 compta amb dues propostes pedag\u00f2giques m\u00e9s: Corpus i la Festa Major de Setembre.<\/p>\n<p>&nbsp;<\/p>\n<table style=\"border-collapse: collapse; width: 100%;\">\n<tbody>\n<tr>\n<td style=\"width: 25%;\"><a href=\"https:\/\/serveiseducatius.xtec.cat\/segarra\/wp-content\/uploads\/usu1148\/2025\/02\/Visita-PEE-Escola-Les-Savines-scaled.jpg\"><img loading=\"lazy\" decoding=\"async\" class=\"alignnone size-large wp-image-21750\" src=\"https:\/\/serveiseducatius.xtec.cat\/segarra\/wp-content\/uploads\/usu1148\/2025\/02\/Visita-PEE-Escola-Les-Savines-1024x768.jpg\" alt=\"\" width=\"1024\" height=\"768\" srcset=\"https:\/\/serveiseducatius.xtec.cat\/segarra\/wp-content\/uploads\/usu1148\/2025\/02\/Visita-PEE-Escola-Les-Savines-1024x768.jpg 1024w, https:\/\/serveiseducatius.xtec.cat\/segarra\/wp-content\/uploads\/usu1148\/2025\/02\/Visita-PEE-Escola-Les-Savines-300x225.jpg 300w, https:\/\/serveiseducatius.xtec.cat\/segarra\/wp-content\/uploads\/usu1148\/2025\/02\/Visita-PEE-Escola-Les-Savines-768x576.jpg 768w, https:\/\/serveiseducatius.xtec.cat\/segarra\/wp-content\/uploads\/usu1148\/2025\/02\/Visita-PEE-Escola-Les-Savines-1536x1152.jpg 1536w, https:\/\/serveiseducatius.xtec.cat\/segarra\/wp-content\/uploads\/usu1148\/2025\/02\/Visita-PEE-Escola-Les-Savines-2048x1536.jpg 2048w, https:\/\/serveiseducatius.xtec.cat\/segarra\/wp-content\/uploads\/usu1148\/2025\/02\/Visita-PEE-Escola-Les-Savines-200x150.jpg 200w\" sizes=\"auto, (max-width: 1024px) 100vw, 1024px\" \/><\/a><\/td>\n<td style=\"width: 25%;\"><a href=\"https:\/\/serveiseducatius.xtec.cat\/segarra\/wp-content\/uploads\/usu1148\/2025\/02\/Visita-Elements-festius-5e-Escola-Les-Savines.jpeg\"><img loading=\"lazy\" decoding=\"async\" class=\"alignnone size-large wp-image-21746\" src=\"https:\/\/serveiseducatius.xtec.cat\/segarra\/wp-content\/uploads\/usu1148\/2025\/02\/Visita-Elements-festius-5e-Escola-Les-Savines-1024x768.jpeg\" alt=\"\" width=\"1024\" height=\"768\" \/><\/a><\/td>\n<td style=\"width: 25%;\"><a href=\"https:\/\/serveiseducatius.xtec.cat\/segarra\/wp-content\/uploads\/usu1148\/2025\/02\/Visita-PEE-Escola-Mossen-Josep-Arques.jpeg\"><img loading=\"lazy\" decoding=\"async\" class=\"alignnone size-large wp-image-21745\" src=\"https:\/\/serveiseducatius.xtec.cat\/segarra\/wp-content\/uploads\/usu1148\/2025\/02\/Visita-PEE-Escola-Mossen-Josep-Arques-1024x768.jpeg\" alt=\"\" width=\"1024\" height=\"768\" \/><\/a><\/td>\n<td style=\"width: 25%;\"><a href=\"https:\/\/serveiseducatius.xtec.cat\/segarra\/wp-content\/uploads\/usu1148\/2025\/02\/Visita-PEE-Escola-Jaume-Balmes.jpeg\"><img loading=\"lazy\" decoding=\"async\" class=\"alignnone size-large wp-image-21751\" src=\"https:\/\/serveiseducatius.xtec.cat\/segarra\/wp-content\/uploads\/usu1148\/2025\/02\/Visita-PEE-Escola-Jaume-Balmes-1024x768.jpeg\" alt=\"\" width=\"1024\" height=\"768\" srcset=\"https:\/\/serveiseducatius.xtec.cat\/segarra\/wp-content\/uploads\/usu1148\/2025\/02\/Visita-PEE-Escola-Jaume-Balmes-1024x768.jpeg 1024w, https:\/\/serveiseducatius.xtec.cat\/segarra\/wp-content\/uploads\/usu1148\/2025\/02\/Visita-PEE-Escola-Jaume-Balmes-300x225.jpeg 300w, https:\/\/serveiseducatius.xtec.cat\/segarra\/wp-content\/uploads\/usu1148\/2025\/02\/Visita-PEE-Escola-Jaume-Balmes-768x576.jpeg 768w, https:\/\/serveiseducatius.xtec.cat\/segarra\/wp-content\/uploads\/usu1148\/2025\/02\/Visita-PEE-Escola-Jaume-Balmes-1536x1152.jpeg 1536w, https:\/\/serveiseducatius.xtec.cat\/segarra\/wp-content\/uploads\/usu1148\/2025\/02\/Visita-PEE-Escola-Jaume-Balmes-200x150.jpeg 200w, https:\/\/serveiseducatius.xtec.cat\/segarra\/wp-content\/uploads\/usu1148\/2025\/02\/Visita-PEE-Escola-Jaume-Balmes.jpeg 2048w\" sizes=\"auto, (max-width: 1024px) 100vw, 1024px\" \/><\/a><\/td>\n<\/tr>\n<tr>\n<td style=\"width: 25%;\"><\/td>\n<td style=\"width: 25%;\"><a href=\"https:\/\/serveiseducatius.xtec.cat\/segarra\/wp-content\/uploads\/usu1148\/2025\/02\/Visita-Aliga-de-Cervera-I3-Escola-Jaume-Balmes.jpeg\"><img loading=\"lazy\" decoding=\"async\" class=\"alignnone size-large wp-image-21754\" src=\"https:\/\/serveiseducatius.xtec.cat\/segarra\/wp-content\/uploads\/usu1148\/2025\/02\/Visita-Aliga-de-Cervera-I3-Escola-Jaume-Balmes-768x1024.jpeg\" alt=\"\" width=\"768\" height=\"1024\" srcset=\"https:\/\/serveiseducatius.xtec.cat\/segarra\/wp-content\/uploads\/usu1148\/2025\/02\/Visita-Aliga-de-Cervera-I3-Escola-Jaume-Balmes-768x1024.jpeg 768w, https:\/\/serveiseducatius.xtec.cat\/segarra\/wp-content\/uploads\/usu1148\/2025\/02\/Visita-Aliga-de-Cervera-I3-Escola-Jaume-Balmes-225x300.jpeg 225w, https:\/\/serveiseducatius.xtec.cat\/segarra\/wp-content\/uploads\/usu1148\/2025\/02\/Visita-Aliga-de-Cervera-I3-Escola-Jaume-Balmes-1152x1536.jpeg 1152w, https:\/\/serveiseducatius.xtec.cat\/segarra\/wp-content\/uploads\/usu1148\/2025\/02\/Visita-Aliga-de-Cervera-I3-Escola-Jaume-Balmes.jpeg 1200w\" sizes=\"auto, (max-width: 768px) 100vw, 768px\" \/><\/a><\/td>\n<td style=\"width: 25%;\"><a href=\"https:\/\/serveiseducatius.xtec.cat\/segarra\/wp-content\/uploads\/usu1148\/2025\/02\/Visita-Geganto-Joan-Balaguer-2n-Escola-Mossen-Josep-Arques.jpeg\"><img loading=\"lazy\" decoding=\"async\" class=\"alignnone size-large wp-image-21748\" src=\"https:\/\/serveiseducatius.xtec.cat\/segarra\/wp-content\/uploads\/usu1148\/2025\/02\/Visita-Geganto-Joan-Balaguer-2n-Escola-Mossen-Josep-Arques-1024x577.jpeg\" alt=\"\" width=\"1024\" height=\"577\" \/><\/a><\/td>\n<td style=\"width: 25%;\"><\/td>\n<\/tr>\n<\/tbody>\n<\/table>\n","protected":false},"excerpt":{"rendered":"<p>Del 3 al 5 de febrer, l\u2019alumnat de les tres escoles de Cervera ha treballat la Festa Major del Sant\u00edssim Misteri a partir d\u2019una proposta pedag\u00f2gica que s\u2019engloba dins un projecte educatiu transversal amb l\u2019objectiu principal d\u2019apropar la cultura popular, la llengua catalana i les&hellip;  <a href=\"https:\/\/serveiseducatius.xtec.cat\/segarra\/general\/la-festa-major-dhivern-de-cervera-a-les-escoles-tradicio-cultura-i-festa\/\" title=\"Read La Festa Major d\u2019Hivern de Cervera a les escoles: tradici\u00f3, cultura i festa\">Llegeix m\u00e9s\u00bb<\/a><\/p>\n","protected":false},"author":4,"featured_media":21743,"comment_status":"closed","ping_status":"closed","sticky":false,"template":"","format":"standard","meta":{"_bbp_topic_count":0,"_bbp_reply_count":0,"_bbp_total_topic_count":0,"_bbp_total_reply_count":0,"_bbp_voice_count":0,"_bbp_anonymous_reply_count":0,"_bbp_topic_count_hidden":0,"_bbp_reply_count_hidden":0,"_bbp_forum_subforum_count":0,"footnotes":""},"categories":[66,1,29,316],"tags":[882,319,321,378],"class_list":["post-21742","post","type-post","status-publish","format-standard","has-post-thumbnail","hentry","category-dinamitzacio","category-general","category-portada","category-cultura-popular","tag-cervera","tag-cultura","tag-escoles","tag-festes"],"post_mailing_queue_ids":[],"_links":{"self":[{"href":"https:\/\/serveiseducatius.xtec.cat\/segarra\/wp-json\/wp\/v2\/posts\/21742","targetHints":{"allow":["GET"]}}],"collection":[{"href":"https:\/\/serveiseducatius.xtec.cat\/segarra\/wp-json\/wp\/v2\/posts"}],"about":[{"href":"https:\/\/serveiseducatius.xtec.cat\/segarra\/wp-json\/wp\/v2\/types\/post"}],"author":[{"embeddable":true,"href":"https:\/\/serveiseducatius.xtec.cat\/segarra\/wp-json\/wp\/v2\/users\/4"}],"replies":[{"embeddable":true,"href":"https:\/\/serveiseducatius.xtec.cat\/segarra\/wp-json\/wp\/v2\/comments?post=21742"}],"version-history":[{"count":1,"href":"https:\/\/serveiseducatius.xtec.cat\/segarra\/wp-json\/wp\/v2\/posts\/21742\/revisions"}],"predecessor-version":[{"id":21756,"href":"https:\/\/serveiseducatius.xtec.cat\/segarra\/wp-json\/wp\/v2\/posts\/21742\/revisions\/21756"}],"wp:featuredmedia":[{"embeddable":true,"href":"https:\/\/serveiseducatius.xtec.cat\/segarra\/wp-json\/wp\/v2\/media\/21743"}],"wp:attachment":[{"href":"https:\/\/serveiseducatius.xtec.cat\/segarra\/wp-json\/wp\/v2\/media?parent=21742"}],"wp:term":[{"taxonomy":"category","embeddable":true,"href":"https:\/\/serveiseducatius.xtec.cat\/segarra\/wp-json\/wp\/v2\/categories?post=21742"},{"taxonomy":"post_tag","embeddable":true,"href":"https:\/\/serveiseducatius.xtec.cat\/segarra\/wp-json\/wp\/v2\/tags?post=21742"}],"curies":[{"name":"wp","href":"https:\/\/api.w.org\/{rel}","templated":true}]}}