{"id":21407,"date":"2024-11-06T14:00:32","date_gmt":"2024-11-06T13:00:32","guid":{"rendered":"https:\/\/serveiseducatius.xtec.cat\/segarra\/?p=21407"},"modified":"2024-11-08T12:58:44","modified_gmt":"2024-11-08T11:58:44","slug":"recull-de-recursos-educatius-per-treballar-la-dana","status":"publish","type":"post","link":"https:\/\/serveiseducatius.xtec.cat\/segarra\/general\/recull-de-recursos-educatius-per-treballar-la-dana\/","title":{"rendered":"Recull de recursos educatius per treballar la DANA"},"content":{"rendered":"<p>Des de la secci\u00f3 d&#8217;Infantil, prim\u00e0ria, secund\u00e0ria, FP i Formaci\u00f3 al llarg de la vida del <b>IDP\u00a0<\/b>de la<b>\u00a0Universitat de Barcelona<\/b> ens comparteixen un altre recull de recursos educatius per facilitar el treball en temes relacionats amb la <b>DANA.<\/b><\/p>\n<p>Podeu accedir a aquest recull <strong><a href=\"https:\/\/www.ub.edu\/idp-educacio\/2024\/11\/05\/recursos-per-treballar-la-dana-als-centres-educatius\/\" target=\"_blank\" rel=\"noopener\">al blog de la Secci\u00f3 d\u2019Educaci\u00f3 B\u00e0sica, FP i Formaci\u00f3 d\u2019Adults de l&#8217;Institut de Desenvolupament Professional (UB)<\/a>:<\/strong><\/p>\n<table style=\"margin: 0px auto; width: 80.4035%; height: 165px;\">\n<tbody>\n<tr style=\"background-color: #f5f5f5;\">\n<td style=\"width: 100%;\" width=\"792\"><strong><a href=\"https:\/\/www.ub.edu\/idp-educacio\/2024\/11\/05\/recursos-per-treballar-la-dana-als-centres-educatius\/\" data-saferedirecturl=\"https:\/\/www.google.com\/url?q=https:\/\/www.ub.edu\/idp-educacio\/2024\/11\/05\/recursos-per-treballar-la-dana-als-centres-educatius\/&amp;source=gmail&amp;ust=1730972833787000&amp;usg=AOvVaw3UX96fgSKEuPxltTtyPqEN\">Recursos per treballar la Dana als centres educatius &#8211; <\/a><a href=\"https:\/\/www.ub.edu\/idp-educacio\/2024\/11\/05\/recursos-per-treballar-la-dana-als-centres-educatius\/\" target=\"_blank\" rel=\"noopener\">Institut de Desenvolupament Professional (UB)<\/a><a href=\"https:\/\/www.ub.edu\/idp-educacio\/2024\/11\/05\/recursos-per-treballar-la-dana-als-centres-educatius\/\" data-saferedirecturl=\"https:\/\/www.google.com\/url?q=https:\/\/www.ub.edu\/idp-educacio\/2024\/11\/05\/recursos-per-treballar-la-dana-als-centres-educatius\/&amp;source=gmail&amp;ust=1730972833787000&amp;usg=AOvVaw3UX96fgSKEuPxltTtyPqEN\">:<img loading=\"lazy\" decoding=\"async\" class=\"wp-image-21410 alignright\" src=\"https:\/\/serveiseducatius.xtec.cat\/segarra\/wp-content\/uploads\/usu1148\/2024\/11\/index-recursos-DANA-e1730892425405.png\" alt=\"\" width=\"270\" height=\"294\" srcset=\"https:\/\/serveiseducatius.xtec.cat\/segarra\/wp-content\/uploads\/usu1148\/2024\/11\/index-recursos-DANA-e1730892425405.png 564w, https:\/\/serveiseducatius.xtec.cat\/segarra\/wp-content\/uploads\/usu1148\/2024\/11\/index-recursos-DANA-e1730892425405-276x300.png 276w\" sizes=\"auto, (max-width: 270px) 100vw, 270px\" \/><\/a><\/strong><\/p>\n<p>Els \u00faltims dies hem estat pendents del temps i tamb\u00e9 de les imatges que ens arribaven del Pa\u00eds Valenci\u00e0. Treballar la DANA (Depressi\u00f3 A\u00efllada en Nivells Alts) amb estudiants d\u2019educaci\u00f3 b\u00e0sica \u00e9s important per poder donar resposta i explicar com s\u2019ha produ\u00eft aquest fenomen i treballar com \u00e9s que l\u2019aigua ha fet tant de mal a una zona tan propera a casa nostra.<\/p>\n<p><a href=\"http:\/\/www.ub.edu\/\" data-saferedirecturl=\"https:\/\/www.google.com\/url?q=http:\/\/www.ub.edu\/&amp;source=gmail&amp;ust=1730972833787000&amp;usg=AOvVaw1cNvfexWOfZEtBpSW98Pk1\">www.ub.edu<\/a><\/td>\n<\/tr>\n<\/tbody>\n<\/table>\n<p>&nbsp;<\/p>\n<p>Aquest recull inclou materials, guies i altres eines \u00fatils i que sumats als <strong>materials del CESIRE<\/strong> que vam enlla\u00e7ar en el<strong><a href=\"https:\/\/serveiseducatius.xtec.cat\/segarra\/dinamitzacio\/butlleti\/butlleti-informatiu-novembre-2024\/\" target=\"_blank\" rel=\"noopener\"> butllet\u00ed informatiu del Servei Educatiu del mes de novembre<\/a><\/strong>, esperem que siguin \u00fatils per ajudar l\u2019alumnat a comprendre la complexitat dels fets succe\u00efts al Pa\u00eds Valenci\u00e0, aix\u00ed com a respondre a les preguntes i inquietuds sorgides arran de l\u2019impacte d\u2019aquests desafortunats esdeveniments en el nostre entorn i societat.<\/p>\n<p><a href=\"https:\/\/serveiseducatius.xtec.cat\/segarra\/dinamitzacio\/butlleti\/butlleti-informatiu-novembre-2024\/\" target=\"_blank\" rel=\"noopener\"><img loading=\"lazy\" decoding=\"async\" class=\"aligncenter size-full wp-image-21408\" src=\"https:\/\/serveiseducatius.xtec.cat\/segarra\/wp-content\/uploads\/usu1148\/2024\/11\/dana-butlleti.png\" alt=\"\" width=\"1030\" height=\"201\" srcset=\"https:\/\/serveiseducatius.xtec.cat\/segarra\/wp-content\/uploads\/usu1148\/2024\/11\/dana-butlleti.png 1030w, https:\/\/serveiseducatius.xtec.cat\/segarra\/wp-content\/uploads\/usu1148\/2024\/11\/dana-butlleti-300x59.png 300w, https:\/\/serveiseducatius.xtec.cat\/segarra\/wp-content\/uploads\/usu1148\/2024\/11\/dana-butlleti-1024x200.png 1024w, https:\/\/serveiseducatius.xtec.cat\/segarra\/wp-content\/uploads\/usu1148\/2024\/11\/dana-butlleti-768x150.png 768w\" sizes=\"auto, (max-width: 1030px) 100vw, 1030px\" \/><\/a><\/p>\n<p><strong>\u27a1\ufe0f Nou recurs:<\/strong> Un grup de psic\u00f2legs de diversos \u00e0mbits ha elaborat la <em><a href=\"https:\/\/drive.google.com\/file\/d\/1VgKoQ8s-aOPzOxFL6RdHEFODNi4eg-M0\/view\" target=\"_blank\" rel=\"noopener\"><strong>Guia de suport psicosocial per a personal docent:<\/strong><\/a> respostes despr\u00e9s de la DANA a la Comunitat Valenciana. <\/em>Tot i que aquesta guia s&#8217;ha elaborat espec\u00edficament per al cas dels fets succe\u00efts a Val\u00e8ncia, es tracta d&#8217;una eina valuosa que pot ser \u00fatil pels docents en qualsevol situaci\u00f3 que requereixi suport per gestionar les emocions del seu alumnat. Es pot descarregar de manera gratu\u00efta des d&#8217;aquest mateix <strong><a href=\"https:\/\/drive.google.com\/file\/d\/1VgKoQ8s-aOPzOxFL6RdHEFODNi4eg-M0\/view\" target=\"_blank\" rel=\"noopener\">enlla\u00e7<\/a>. <\/strong><\/p>\n<p>Des del Servei Educatiu de la Segarra, volem expressar tot el nostre suport a l\u2019alumnat i al professorat del Pa\u00eds Valenci\u00e0 en aquests moments dif\u00edcils.<\/p>\n<p>&nbsp;<\/p>\n","protected":false},"excerpt":{"rendered":"<p>Des de la secci\u00f3 d&#8217;Infantil, prim\u00e0ria, secund\u00e0ria, FP i Formaci\u00f3 al llarg de la vida del IDP\u00a0de la\u00a0Universitat de Barcelona ens comparteixen un altre recull de recursos educatius per facilitar el treball en temes relacionats amb la DANA.<br \/>\nPodeu accedir a aquest recull <a href=\"https:\/\/www.ub.edu\/idp-educacio\/2024\/11\/05\/recursos-per-treballar-la-dana-als-centres-educatius\/\" target=\"_blank\"&hellip;  <a href=\"https:\/\/serveiseducatius.xtec.cat\/segarra\/general\/recull-de-recursos-educatius-per-treballar-la-dana\/\" title=\"Read Recull de recursos educatius per treballar la DANA\">Llegeix m\u00e9s\u00bb<\/a><\/p>\n","protected":false},"author":4,"featured_media":21409,"comment_status":"closed","ping_status":"closed","sticky":false,"template":"","format":"standard","meta":{"_bbp_topic_count":0,"_bbp_reply_count":0,"_bbp_total_topic_count":0,"_bbp_total_reply_count":0,"_bbp_voice_count":0,"_bbp_anonymous_reply_count":0,"_bbp_topic_count_hidden":0,"_bbp_reply_count_hidden":0,"_bbp_forum_subforum_count":0,"footnotes":""},"categories":[64,65,1,235,29,76],"tags":[1357,1354,1349,1360,1358,1356,380,371],"class_list":["post-21407","post","type-post","status-publish","format-standard","has-post-thumbnail","hentry","category-comunitat","category-crp","category-general","category-formacio_ins","category-portada","category-recursos","tag-ambit-social","tag-dana","tag-geologia","tag-gestio-emocional","tag-natural-i-cientific","tag-portada","tag-primaria","tag-secundaria"],"post_mailing_queue_ids":[],"_links":{"self":[{"href":"https:\/\/serveiseducatius.xtec.cat\/segarra\/wp-json\/wp\/v2\/posts\/21407","targetHints":{"allow":["GET"]}}],"collection":[{"href":"https:\/\/serveiseducatius.xtec.cat\/segarra\/wp-json\/wp\/v2\/posts"}],"about":[{"href":"https:\/\/serveiseducatius.xtec.cat\/segarra\/wp-json\/wp\/v2\/types\/post"}],"author":[{"embeddable":true,"href":"https:\/\/serveiseducatius.xtec.cat\/segarra\/wp-json\/wp\/v2\/users\/4"}],"replies":[{"embeddable":true,"href":"https:\/\/serveiseducatius.xtec.cat\/segarra\/wp-json\/wp\/v2\/comments?post=21407"}],"version-history":[{"count":6,"href":"https:\/\/serveiseducatius.xtec.cat\/segarra\/wp-json\/wp\/v2\/posts\/21407\/revisions"}],"predecessor-version":[{"id":21428,"href":"https:\/\/serveiseducatius.xtec.cat\/segarra\/wp-json\/wp\/v2\/posts\/21407\/revisions\/21428"}],"wp:featuredmedia":[{"embeddable":true,"href":"https:\/\/serveiseducatius.xtec.cat\/segarra\/wp-json\/wp\/v2\/media\/21409"}],"wp:attachment":[{"href":"https:\/\/serveiseducatius.xtec.cat\/segarra\/wp-json\/wp\/v2\/media?parent=21407"}],"wp:term":[{"taxonomy":"category","embeddable":true,"href":"https:\/\/serveiseducatius.xtec.cat\/segarra\/wp-json\/wp\/v2\/categories?post=21407"},{"taxonomy":"post_tag","embeddable":true,"href":"https:\/\/serveiseducatius.xtec.cat\/segarra\/wp-json\/wp\/v2\/tags?post=21407"}],"curies":[{"name":"wp","href":"https:\/\/api.w.org\/{rel}","templated":true}]}}