{"id":20863,"date":"2024-05-30T16:22:20","date_gmt":"2024-05-30T14:22:20","guid":{"rendered":"https:\/\/serveiseducatius.xtec.cat\/segarra\/?p=20863"},"modified":"2024-05-30T16:22:20","modified_gmt":"2024-05-30T14:22:20","slug":"fira-fer-futurs-emprenedors-rurals-2","status":"publish","type":"post","link":"https:\/\/serveiseducatius.xtec.cat\/segarra\/general\/fira-fer-futurs-emprenedors-rurals-2\/","title":{"rendered":"Fira FER-Futurs Emprenedors Rurals"},"content":{"rendered":"<p>Des del Consorci per al Desenvolupament de la Catalunya Central ens convidem a la <strong>Fira FER<\/strong> (<a href=\"https:\/\/www.futursemprenedors.cat\/\" target=\"_blank\" rel=\"noopener\">Futurs Emprenedors Rurals<\/a>) que aquest any es celebrar\u00e0 el dimarts 4 de juny al Casal c\u00edvic Xavier Jounou de Solsona.<\/p>\n<p>Per tercer curs consecutiu l\u2019alumnat de les escoles Mestre Ramon Estadella Torradeflot de Guissona i Setelsis de Solsona han estat treballant els seus projectes d\u2019emprenedoria i davant de tots els seus companys\/es ens els exposaran a la Fira.<\/p>\n<p>FER \u00e9s un projecte de cooperaci\u00f3 multiling\u00fce (catal\u00e0, aran\u00e8s, espanyol, estoni\u00e0 i angl\u00e8s) que t\u00e9 l\u2019objectiu de fomentar l\u2019esperit emprenedor entre l\u2019alumat de les escoles ubicades en territoris rurals i enfortir les relacions entre infants, persones emprenedores i el territori.<\/p>\n<p>Des de l\u2019any 2014 fins al curs actual, s\u2019ha anat implementant en 87 escoles catalanes, amb la participaci\u00f3 de 5.046 alumnes i 150 mestres.<br \/>\nEl projecte Futurs Emprenedors Rurals, est\u00e0 coordinat pel Consorci GAL Noguera Segri\u00e0 Nord i hi participem tots els territoris rurals catalans. Cofinan\u00e7at pel Departament d&#8217;Acci\u00f3 Clim\u00e0tica, Alimentaci\u00f3 i Agenda Rural de la Generalitat de Catalunya (DACC) i pel Fons Europeu Agr\u00edcola de Desenvolupament Rural (FEADER).<\/p>\n<p>Jornada <strong>oberta a tot el professorat <\/strong>interessat a con\u00e8ixer de prop el projecte:<\/p>\n<p><img loading=\"lazy\" decoding=\"async\" class=\"aligncenter wp-image-20864\" src=\"https:\/\/serveiseducatius.xtec.cat\/segarra\/wp-content\/uploads\/usu1148\/2024\/05\/FiraFER2024.png\" alt=\"\" width=\"776\" height=\"1097\" srcset=\"https:\/\/serveiseducatius.xtec.cat\/segarra\/wp-content\/uploads\/usu1148\/2024\/05\/FiraFER2024.png 1414w, https:\/\/serveiseducatius.xtec.cat\/segarra\/wp-content\/uploads\/usu1148\/2024\/05\/FiraFER2024-212x300.png 212w, https:\/\/serveiseducatius.xtec.cat\/segarra\/wp-content\/uploads\/usu1148\/2024\/05\/FiraFER2024-724x1024.png 724w, https:\/\/serveiseducatius.xtec.cat\/segarra\/wp-content\/uploads\/usu1148\/2024\/05\/FiraFER2024-768x1086.png 768w, https:\/\/serveiseducatius.xtec.cat\/segarra\/wp-content\/uploads\/usu1148\/2024\/05\/FiraFER2024-1086x1536.png 1086w\" sizes=\"auto, (max-width: 776px) 100vw, 776px\" \/><\/p>\n","protected":false},"excerpt":{"rendered":"<p>Des del Consorci per al Desenvolupament de la Catalunya Central ens convidem a la Fira FER (<a href=\"https:\/\/www.futursemprenedors.cat\/\" target=\"_blank\" rel=\"noopener\">Futurs Emprenedors Rurals<\/a>) que aquest any es celebrar\u00e0 el dimarts 4 de juny al Casal c\u00edvic Xavier Jounou de Solsona.<br \/>\nPer tercer curs consecutiu l\u2019alumnat de les&hellip;  <a href=\"https:\/\/serveiseducatius.xtec.cat\/segarra\/general\/fira-fer-futurs-emprenedors-rurals-2\/\" title=\"Read Fira FER-Futurs Emprenedors Rurals\">Llegeix m\u00e9s\u00bb<\/a><\/p>\n","protected":false},"author":4,"featured_media":20869,"comment_status":"closed","ping_status":"closed","sticky":false,"template":"","format":"standard","meta":{"_bbp_topic_count":0,"_bbp_reply_count":0,"_bbp_total_topic_count":0,"_bbp_total_reply_count":0,"_bbp_voice_count":0,"_bbp_anonymous_reply_count":0,"_bbp_topic_count_hidden":0,"_bbp_reply_count_hidden":0,"_bbp_forum_subforum_count":0,"footnotes":""},"categories":[65,1,424,29],"tags":[368,89,972,864],"class_list":["post-20863","post","type-post","status-publish","format-standard","has-post-thumbnail","hentry","category-crp","category-general","category-inno","category-portada","tag-cicle-superior-primaria","tag-emprenedoria","tag-fer-futurs-emprenedors-rurals","tag-projecte-territorial"],"post_mailing_queue_ids":[],"_links":{"self":[{"href":"https:\/\/serveiseducatius.xtec.cat\/segarra\/wp-json\/wp\/v2\/posts\/20863","targetHints":{"allow":["GET"]}}],"collection":[{"href":"https:\/\/serveiseducatius.xtec.cat\/segarra\/wp-json\/wp\/v2\/posts"}],"about":[{"href":"https:\/\/serveiseducatius.xtec.cat\/segarra\/wp-json\/wp\/v2\/types\/post"}],"author":[{"embeddable":true,"href":"https:\/\/serveiseducatius.xtec.cat\/segarra\/wp-json\/wp\/v2\/users\/4"}],"replies":[{"embeddable":true,"href":"https:\/\/serveiseducatius.xtec.cat\/segarra\/wp-json\/wp\/v2\/comments?post=20863"}],"version-history":[{"count":4,"href":"https:\/\/serveiseducatius.xtec.cat\/segarra\/wp-json\/wp\/v2\/posts\/20863\/revisions"}],"predecessor-version":[{"id":20884,"href":"https:\/\/serveiseducatius.xtec.cat\/segarra\/wp-json\/wp\/v2\/posts\/20863\/revisions\/20884"}],"wp:featuredmedia":[{"embeddable":true,"href":"https:\/\/serveiseducatius.xtec.cat\/segarra\/wp-json\/wp\/v2\/media\/20869"}],"wp:attachment":[{"href":"https:\/\/serveiseducatius.xtec.cat\/segarra\/wp-json\/wp\/v2\/media?parent=20863"}],"wp:term":[{"taxonomy":"category","embeddable":true,"href":"https:\/\/serveiseducatius.xtec.cat\/segarra\/wp-json\/wp\/v2\/categories?post=20863"},{"taxonomy":"post_tag","embeddable":true,"href":"https:\/\/serveiseducatius.xtec.cat\/segarra\/wp-json\/wp\/v2\/tags?post=20863"}],"curies":[{"name":"wp","href":"https:\/\/api.w.org\/{rel}","templated":true}]}}