{"id":20596,"date":"2024-04-02T09:31:52","date_gmt":"2024-04-02T07:31:52","guid":{"rendered":"https:\/\/serveiseducatius.xtec.cat\/segarra\/?p=20596"},"modified":"2024-05-25T11:42:02","modified_gmt":"2024-05-25T09:42:02","slug":"convocatoria-de-programes-dinnovacio-2","status":"publish","type":"post","link":"https:\/\/serveiseducatius.xtec.cat\/segarra\/general\/convocatoria-de-programes-dinnovacio-2\/","title":{"rendered":"Convocat\u00f2ria de programes d&#8217;innovaci\u00f3"},"content":{"rendered":"<p>Els programes d\u2019innovaci\u00f3 educativa consisteixen en plans d\u2019acci\u00f3 que el Departament d\u2019Educaci\u00f3 prioritza i impulsa, i que tenen com a finalitat millorar els resultats del sistema educatiu adequant-lo al canvi i a l\u2019evoluci\u00f3 social. Amb la mateixa finalitat tamb\u00e9 s\u2019inclouen les iniciatives d\u2019altres Departaments de la Generalitat, universitats, institucions, associacions o fundacions vinculades al m\u00f3n educatiu, amb les quals el Departament col\u00b7labora mitjan\u00e7ant acords o convenis (Annex 1-Modalitats c) d\u2019innovaci\u00f3 educativa Ordre EDU\/56\/2024).<\/p>\n<p><strong>\ud83d\uddd3Termini de presentaci\u00f3 de sol\u00b7licituds<\/strong>:<span style=\"color: #ff0000;\"><strong> fins al 22 de maig de 2024<\/strong><\/span><\/p>\n<p><iframe loading=\"lazy\" title=\"YouTube video player\" src=\"https:\/\/www.youtube.com\/embed\/PNHA2_Pkz3A?si=rNiJjiq7SI274J6X\" width=\"560\" height=\"315\" frameborder=\"0\" allowfullscreen=\"allowfullscreen\"><\/iframe><\/p>\n<p>Programes que obren convocat\u00f2ria per ensenyaments<strong> d\u2019educaci\u00f3 infantil, prim\u00e0ria, secund\u00e0ria i\/o batxillerat.<\/strong> Termini de presentaci\u00f3 de sol\u00b7licituds del<strong> 2 d\u2019abril fins al 22 de maig de 2024<\/strong> (ambd\u00f3s inclosos).<\/p>\n<ul>\n<li><a href=\"https:\/\/espai.educacio.gencat.cat\/Centres\/Innovacio-pedagogica\/Programes\/aquiproubullying\/Pagines\/default.aspx\"><strong>#aquiproubullying<\/strong><\/a><\/li>\n<li><a href=\"https:\/\/espai.educacio.gencat.cat\/Centres\/Innovacio-pedagogica\/Programes\/Escoles-Tandem\/Pagines\/default.aspx\"><strong>AraArt<\/strong><\/a><\/li>\n<li><a href=\"https:\/\/espai.educacio.gencat.cat\/Centres\/Innovacio-pedagogica\/Programes\/Avancem-Ensenyament-Aprenentatge-integrat\/Pagines\/default.aspx\"><strong>AVANCEM: Ensenyament i Aprenentatge Integrat de les Lleng\u00fces\u00a0<\/strong><\/a><\/li>\n<li><a href=\"https:\/\/espai.educacio.gencat.cat\/Centres\/Innovacio-pedagogica\/Programes\/xarxa-comunitats\/Pagines\/default.aspx\"><strong>Comunitats d&#8217;aprenentatge<\/strong><\/a><\/li>\n<li><a href=\"https:\/\/espai.educacio.gencat.cat\/Centres\/Innovacio-pedagogica\/Programes\/Enfocament-Restauratiu-Global\/Pagines\/default.aspx\"><strong>Enfocament Restauratiu Global<\/strong><\/a><\/li>\n<li><a href=\"https:\/\/espai.educacio.gencat.cat\/Centres\/Innovacio-pedagogica\/Programes\/Escoles-Tandem\/Pagines\/default.aspx\"><strong>Escoles T\u00e0ndem<\/strong><\/a><\/li>\n<li><a href=\"https:\/\/magnet.cat\/\"><strong>Magnet Aliances per a l&#8217;\u00c8xit Educatiu<\/strong><\/a><\/li>\n<li><a href=\"https:\/\/espai.educacio.gencat.cat\/Centres\/Innovacio-pedagogica\/Programes\/Escoles-Tandem\/Pagines\/default.aspx\"><strong>PAcTE<\/strong><\/a><\/li>\n<li><a href=\"https:\/\/espai.educacio.gencat.cat\/Centres\/Innovacio-pedagogica\/Programes\/Escoles-Tandem\/Pagines\/default.aspx\"><strong>STEAMcat<\/strong><\/a><\/li>\n<li><a href=\"https:\/\/espai.educacio.gencat.cat\/Centres\/Innovacio-pedagogica\/Programes\/xarxa-competencies\/Pagines\/default.aspx\"><strong>Xarxa de Compet\u00e8ncies<\/strong><\/a><\/li>\n<\/ul>\n<p>Programes que obren convocat\u00f2ria per a <strong>ensenyaments de Formaci\u00f3 Professional<\/strong>.\u00a0Termini de presentaci\u00f3 de sol\u00b7licituds del <strong>2 d\u2019abril fins al 22 de maig de 2024<\/strong> (ambd\u00f3s inclosos).<\/p>\n<ul>\n<li><a href=\"https:\/\/espai.educacio.gencat.cat\/Centres\/Innovacio-pedagogica\/Programes\/Innovacio-FP\/ActivaFP\/Pagines\/default.aspx\"><strong>ActivaFP<\/strong><\/a><\/li>\n<li><a href=\"https:\/\/espai.educacio.gencat.cat\/Centres\/Innovacio-pedagogica\/Programes\/Innovacio-FP\/Accions-entrenament-participar-campionats\/Pagines\/default.aspx\"><strong>FP Skills<\/strong><\/a><\/li>\n<li><a href=\"https:\/\/espai.educacio.gencat.cat\/Centres\/Innovacio-pedagogica\/Programes\/Innovacio-FP\/Accions-entrenament-participar-campionats\/Pagines\/default.aspx\"><strong>CooperArt<\/strong><\/a><\/li>\n<li><a href=\"https:\/\/espai.educacio.gencat.cat\/Centres\/Innovacio-pedagogica\/Programes\/Innovacio-FP\/Foment-suport-emprenedoria-FP\/Pagines\/default.aspx\"><strong>Empr\u00e8nFP<\/strong><\/a><\/li>\n<li><a href=\"https:\/\/espai.educacio.gencat.cat\/Centres\/Innovacio-pedagogica\/Programes\/Innovacio-FP\/Assessorament-EmpresaFP\/Pagines\/default.aspx\"><strong>EmpresaFP<\/strong><\/a><\/li>\n<li><a href=\"https:\/\/espai.educacio.gencat.cat\/Centres\/Innovacio-pedagogica\/Programes\/Innovacio-FP\/FP-Dual\/Pagines\/default.aspx\"><strong>FPDual<\/strong><\/a><\/li>\n<li><a href=\"https:\/\/espai.educacio.gencat.cat\/Centres\/Innovacio-pedagogica\/Programes\/Innovacio-FP\/FuturaFP\/Pagines\/default.aspx\"><strong>FuturaFP<\/strong><\/a><\/li>\n<li><a href=\"https:\/\/espai.educacio.gencat.cat\/Centres\/Innovacio-pedagogica\/Programes\/Innovacio-FP\/InnovaFP\/Pagines\/default.aspx\"><strong>InnovaFP<\/strong><\/a><\/li>\n<li><a href=\"https:\/\/espai.educacio.gencat.cat\/Centres\/Innovacio-pedagogica\/Programes\/Innovacio-FP\/Mobilitat-formativa-FP\/Pagines\/default.aspx\"><strong>MobilitatFP<\/strong><\/a><\/li>\n<li><a href=\"https:\/\/espai.educacio.gencat.cat\/Centres\/Innovacio-pedagogica\/Programes\/Innovacio-FP\/Assessorament-OrientaFP\/Pagines\/default.aspx\"><strong>OrientaFP<\/strong><\/a><\/li>\n<li><a href=\"https:\/\/espai.educacio.gencat.cat\/Centres\/Innovacio-pedagogica\/Programes\/Innovacio-FP\/Assessorament-OrientaFP\/Pagines\/default.aspx\"><strong>Qualitat i Millora cont\u00ednua<\/strong><\/a><\/li>\n<li><a href=\"https:\/\/espai.educacio.gencat.cat\/Centres\/Innovacio-pedagogica\/Programes\/Innovacio-FP\/Assessorament-OrientaFP\/Pagines\/default.aspx\"><strong>Xarxa PFI<\/strong><\/a><\/li>\n<\/ul>\n<p>Infografia:<\/p>\n<p><iframe loading=\"lazy\" src=\"https:\/\/drive.google.com\/file\/d\/1vMealj_274h-OetJIza48bth65k4eGJZ\/preview\" width=\"640\" height=\"480\"><\/iframe><\/p>\n<p>Consulteu aquesta informaci\u00f3 a la<strong><a href=\"https:\/\/xtec.gencat.cat\/ca\/innovacio\/programes_innovacio\/convocatoria-programes-innovacio\/\" target=\"_blank\" rel=\"noopener\"> XTEC<\/a><\/strong> i al <strong><a href=\"https:\/\/espai.educacio.gencat.cat\/Pagines\/Inici.aspx\" target=\"_blank\" rel=\"noopener\">Portal de centre<\/a><\/strong><\/p>\n","protected":false},"excerpt":{"rendered":"<p>Els programes d\u2019innovaci\u00f3 educativa consisteixen en plans d\u2019acci\u00f3 que el Departament d\u2019Educaci\u00f3 prioritza i impulsa, i que tenen com a finalitat millorar els resultats del sistema educatiu adequant-lo al canvi i a l\u2019evoluci\u00f3 social. Amb la mateixa finalitat tamb\u00e9 s\u2019inclouen les iniciatives d\u2019altres Departaments de&hellip;  <a href=\"https:\/\/serveiseducatius.xtec.cat\/segarra\/general\/convocatoria-de-programes-dinnovacio-2\/\" title=\"Read Convocat\u00f2ria de programes d&#8217;innovaci\u00f3\">Llegeix m\u00e9s\u00bb<\/a><\/p>\n","protected":false},"author":4,"featured_media":20601,"comment_status":"closed","ping_status":"closed","sticky":false,"template":"","format":"standard","meta":{"_bbp_topic_count":0,"_bbp_reply_count":0,"_bbp_total_topic_count":0,"_bbp_total_reply_count":0,"_bbp_voice_count":0,"_bbp_anonymous_reply_count":0,"_bbp_topic_count_hidden":0,"_bbp_reply_count_hidden":0,"_bbp_forum_subforum_count":0,"footnotes":""},"categories":[1,424,29,421],"tags":[249,521,303,1096,381,456,380,902],"class_list":["post-20596","post","type-post","status-publish","format-standard","has-post-thumbnail","hentry","category-general","category-inno","category-portada","category-xc","tag-batxillerat","tag-convocatoria","tag-eso","tag-fp","tag-infantil","tag-innovacio","tag-primaria","tag-programes-dinnovacio"],"post_mailing_queue_ids":[],"_links":{"self":[{"href":"https:\/\/serveiseducatius.xtec.cat\/segarra\/wp-json\/wp\/v2\/posts\/20596","targetHints":{"allow":["GET"]}}],"collection":[{"href":"https:\/\/serveiseducatius.xtec.cat\/segarra\/wp-json\/wp\/v2\/posts"}],"about":[{"href":"https:\/\/serveiseducatius.xtec.cat\/segarra\/wp-json\/wp\/v2\/types\/post"}],"author":[{"embeddable":true,"href":"https:\/\/serveiseducatius.xtec.cat\/segarra\/wp-json\/wp\/v2\/users\/4"}],"replies":[{"embeddable":true,"href":"https:\/\/serveiseducatius.xtec.cat\/segarra\/wp-json\/wp\/v2\/comments?post=20596"}],"version-history":[{"count":6,"href":"https:\/\/serveiseducatius.xtec.cat\/segarra\/wp-json\/wp\/v2\/posts\/20596\/revisions"}],"predecessor-version":[{"id":20603,"href":"https:\/\/serveiseducatius.xtec.cat\/segarra\/wp-json\/wp\/v2\/posts\/20596\/revisions\/20603"}],"wp:featuredmedia":[{"embeddable":true,"href":"https:\/\/serveiseducatius.xtec.cat\/segarra\/wp-json\/wp\/v2\/media\/20601"}],"wp:attachment":[{"href":"https:\/\/serveiseducatius.xtec.cat\/segarra\/wp-json\/wp\/v2\/media?parent=20596"}],"wp:term":[{"taxonomy":"category","embeddable":true,"href":"https:\/\/serveiseducatius.xtec.cat\/segarra\/wp-json\/wp\/v2\/categories?post=20596"},{"taxonomy":"post_tag","embeddable":true,"href":"https:\/\/serveiseducatius.xtec.cat\/segarra\/wp-json\/wp\/v2\/tags?post=20596"}],"curies":[{"name":"wp","href":"https:\/\/api.w.org\/{rel}","templated":true}]}}