{"id":20554,"date":"2024-03-14T13:18:56","date_gmt":"2024-03-14T12:18:56","guid":{"rendered":"https:\/\/serveiseducatius.xtec.cat\/segarra\/?p=20554"},"modified":"2024-03-14T13:18:56","modified_gmt":"2024-03-14T12:18:56","slug":"salo-de-la-formacio-i-locupacio","status":"publish","type":"post","link":"https:\/\/serveiseducatius.xtec.cat\/segarra\/portada\/salo-de-la-formacio-i-locupacio\/","title":{"rendered":"Sal\u00f3 de la Formaci\u00f3 i l&#8217;Ocupaci\u00f3"},"content":{"rendered":"<p>El Sal\u00f3 de la Formaci\u00f3 i l\u2019Ocupaci\u00f3 de Lleida s\u2019adre\u00e7a a totes les persones que necessiten decidir o reorientar el seu futur professional, millorar compet\u00e8ncies, trobar feina, impulsar la seva carrera professional o emprendre un negoci. Hi trobar\u00e0s tallers pr\u00e0ctics, contactes amb empreses, orientaci\u00f3 acad\u00e8mica i ocupacional, oportunitats laborals, formaci\u00f3 per a la millora professional i molt m\u00e9s.<\/p>\n<p><strong><br \/>\n<a href=\"https:\/\/formaocupa.com\/\" target=\"_blank\" rel=\"noopener\"><img loading=\"lazy\" decoding=\"async\" class=\"alignleft wp-image-20556\" src=\"https:\/\/serveiseducatius.xtec.cat\/segarra\/wp-content\/uploads\/usu1148\/2024\/03\/forma_ocupa-300x84.jpg\" alt=\"\" width=\"203\" height=\"57\" srcset=\"https:\/\/serveiseducatius.xtec.cat\/segarra\/wp-content\/uploads\/usu1148\/2024\/03\/forma_ocupa-300x84.jpg 300w, https:\/\/serveiseducatius.xtec.cat\/segarra\/wp-content\/uploads\/usu1148\/2024\/03\/forma_ocupa.jpg 348w\" sizes=\"auto, (max-width: 203px) 100vw, 203px\" \/><\/a><\/strong><\/p>\n<p><b>21 de mar\u00e7 2024 \u2013 Palau de Congressos La Llotja<\/b><br \/>\n<b>Horari: 9.30h a 14.00h\u00a0 \u2013\u00a0 16.00h a 19.00h<\/b><\/p>\n<p><a href=\"https:\/\/formaocupa.com\/\" target=\"_blank\" rel=\"noopener\">M\u00e9s informaci\u00f3 \u2139\ufe0f\u200b\u00a0 \u00a0 \u00a0 \u00a0<\/a><a href=\"https:\/\/drive.google.com\/file\/d\/1SqEvIj2v-n6DXtSbEFurHPZLZkX_EZNf\/view?usp=drive_link\" target=\"_blank\" rel=\"noopener\"><strong>PROGRAMA<\/strong><\/a><\/p>\n<ul>\n<li>Orientar i assessorar els i les joves i les seves fam\u00edlies de cara al seu futur acad\u00e8mic i laboral.<\/li>\n<li>Mostrar les possibilitats d\u2019ocupaci\u00f3 en el seu sentit m\u00e9s ampli, que inclou l\u2019acc\u00e9s al mercat laboral i ofertes de treball,\u202fl\u2019assessorament i orientaci\u00f3 laboral i l\u2019orientaci\u00f3 en drets laborals.<\/li>\n<li>Donar a con\u00e8ixer les experi\u00e8ncies formatives i l\u2019oferta acad\u00e8mica en Formaci\u00f3 Professional i FP dual, el\u202fservei d\u2019assessorament i reconeixement de compet\u00e8ncies professionals i el servei d\u2019acreditaci\u00f3 de\u202fcompet\u00e8ncies obtingudes en la vida laboral.<\/li>\n<li>Informar de l\u2019oferta de cursos de formaci\u00f3 ocupacional i certificats de professionalitat, i que s\u00f3n adre\u00e7ats a\u202fpersones en situaci\u00f3 d\u2019atur\u202fi a persones treballadores que tinguin disponibilitat per assistir a les accions formatives.<\/li>\n<li>Donar a con\u00e8ixer la formaci\u00f3 cont\u00ednua per a treballadors ocupats, que t\u00e9 per objecte oferir-los una\u202fformaci\u00f3 per expandir les seves habilitats i impulsi la competitivitat de les empreses, de manera\u202fque els capaciti per millorar la seva ocupabilitat.<\/li>\n<li>Presentar els serveis i assessorament per l\u2019impuls a l\u2019emprenedoria, oportunitats de negoci i autoocupaci\u00f3.<\/li>\n<\/ul>\n<p>&nbsp;<\/p>\n","protected":false},"excerpt":{"rendered":"<p>El Sal\u00f3 de la Formaci\u00f3 i l\u2019Ocupaci\u00f3 de Lleida s\u2019adre\u00e7a a totes les persones que necessiten decidir o reorientar el seu futur professional, millorar compet\u00e8ncies, trobar feina, impulsar la seva carrera professional o emprendre un negoci. Hi trobar\u00e0s tallers pr\u00e0ctics, contactes amb empreses, orientaci\u00f3 acad\u00e8mica&hellip;  <a href=\"https:\/\/serveiseducatius.xtec.cat\/segarra\/portada\/salo-de-la-formacio-i-locupacio\/\" title=\"Read Sal\u00f3 de la Formaci\u00f3 i l&#8217;Ocupaci\u00f3\">Llegeix m\u00e9s\u00bb<\/a><\/p>\n","protected":false},"author":4,"featured_media":20560,"comment_status":"closed","ping_status":"closed","sticky":false,"template":"","format":"standard","meta":{"_bbp_topic_count":0,"_bbp_reply_count":0,"_bbp_total_topic_count":0,"_bbp_total_reply_count":0,"_bbp_voice_count":0,"_bbp_anonymous_reply_count":0,"_bbp_topic_count_hidden":0,"_bbp_reply_count_hidden":0,"_bbp_forum_subforum_count":0,"footnotes":""},"categories":[65,66,154,29],"tags":[1290,226,1096,456,347,253],"class_list":["post-20554","post","type-post","status-publish","format-standard","has-post-thumbnail","hentry","category-crp","category-dinamitzacio","category-formacio","category-portada","tag-ocupacio","tag-formacio","tag-fp","tag-innovacio","tag-jornada","tag-orientacio"],"post_mailing_queue_ids":[],"_links":{"self":[{"href":"https:\/\/serveiseducatius.xtec.cat\/segarra\/wp-json\/wp\/v2\/posts\/20554","targetHints":{"allow":["GET"]}}],"collection":[{"href":"https:\/\/serveiseducatius.xtec.cat\/segarra\/wp-json\/wp\/v2\/posts"}],"about":[{"href":"https:\/\/serveiseducatius.xtec.cat\/segarra\/wp-json\/wp\/v2\/types\/post"}],"author":[{"embeddable":true,"href":"https:\/\/serveiseducatius.xtec.cat\/segarra\/wp-json\/wp\/v2\/users\/4"}],"replies":[{"embeddable":true,"href":"https:\/\/serveiseducatius.xtec.cat\/segarra\/wp-json\/wp\/v2\/comments?post=20554"}],"version-history":[{"count":3,"href":"https:\/\/serveiseducatius.xtec.cat\/segarra\/wp-json\/wp\/v2\/posts\/20554\/revisions"}],"predecessor-version":[{"id":20559,"href":"https:\/\/serveiseducatius.xtec.cat\/segarra\/wp-json\/wp\/v2\/posts\/20554\/revisions\/20559"}],"wp:featuredmedia":[{"embeddable":true,"href":"https:\/\/serveiseducatius.xtec.cat\/segarra\/wp-json\/wp\/v2\/media\/20560"}],"wp:attachment":[{"href":"https:\/\/serveiseducatius.xtec.cat\/segarra\/wp-json\/wp\/v2\/media?parent=20554"}],"wp:term":[{"taxonomy":"category","embeddable":true,"href":"https:\/\/serveiseducatius.xtec.cat\/segarra\/wp-json\/wp\/v2\/categories?post=20554"},{"taxonomy":"post_tag","embeddable":true,"href":"https:\/\/serveiseducatius.xtec.cat\/segarra\/wp-json\/wp\/v2\/tags?post=20554"}],"curies":[{"name":"wp","href":"https:\/\/api.w.org\/{rel}","templated":true}]}}