{"id":20483,"date":"2024-03-05T23:23:41","date_gmt":"2024-03-05T22:23:41","guid":{"rendered":"https:\/\/serveiseducatius.xtec.cat\/segarra\/?p=20483"},"modified":"2024-03-05T23:24:35","modified_gmt":"2024-03-05T22:24:35","slug":"projecte-comunitari-lespill-encantat","status":"publish","type":"post","link":"https:\/\/serveiseducatius.xtec.cat\/segarra\/general\/projecte-comunitari-lespill-encantat\/","title":{"rendered":"Projecte comunitari: L&#8217;espill encantat"},"content":{"rendered":"<p><em><strong>Una experi\u00e8ncia art\u00edstica i educativa que inspira i commou.<\/strong><\/em><br \/>\n<img loading=\"lazy\" decoding=\"async\" class=\" wp-image-20490 alignleft\" src=\"https:\/\/serveiseducatius.xtec.cat\/segarra\/wp-content\/uploads\/usu1148\/2024\/03\/quadern.jpg\" alt=\"\" width=\"226\" height=\"357\" srcset=\"https:\/\/serveiseducatius.xtec.cat\/segarra\/wp-content\/uploads\/usu1148\/2024\/03\/quadern.jpg 288w, https:\/\/serveiseducatius.xtec.cat\/segarra\/wp-content\/uploads\/usu1148\/2024\/03\/quadern-190x300.jpg 190w\" sizes=\"auto, (max-width: 226px) 100vw, 226px\" \/>L&#8217;art i l&#8217;educaci\u00f3 s&#8217;uneixen en una iniciativa \u00fanica que esdev\u00e9 el focus d&#8217;atenci\u00f3 a la comarca de la Segarra. El projecte comunitari L&#8217;espill encantat, impulsat i produ\u00eft pel Conservatori de Cervera, reuneix a m\u00e9s de 450 alumnes -de 7 escoles i 3 instituts- en una aventura art\u00edstica i educativa que marca un punt de refer\u00e8ncia en el territori lleidat\u00e0.<\/p>\n<p>La cantata, composta per Jordi Castell\u00e0, es basa en el poemari &#8220;Quadern de m\u00fasica&#8221; de l&#8217;escriptor Jaume Ferran, que inspira un espectacle que captura la bellesa de la m\u00fasica i les arts esc\u00e8niques. L\u2019obra, fruit de l\u2019adaptaci\u00f3 d\u2019un text de Montse Pont, est\u00e0 escrita per a cor, solistes, narrador i conjunt instrumental.<\/p>\n<p>&nbsp;<\/p>\n<p><em><strong>Experi\u00e8ncia i aprenentatge a trav\u00e9s de l&#8217;art <\/strong><\/em><br \/>\nL&#8217;espill encantat no \u00e9s nom\u00e9s un espectacle, sin\u00f3 una oportunitat d&#8217;aprenentatge i creixement personal. A trav\u00e9s d&#8217;un treball interdisciplinari que relaciona la m\u00fasica i les arts esc\u00e8niques amb diversos \u00e0mbits curriculars, l\u2019alumnat -durant tot el curs acad\u00e8mic- apr\u00e8n a expressar-se i col\u00b7laborar de forma creativa. El claustre de professorat del Conservatori de Cervera, format per m\u00e9s de 30 docents, dona suport -presencialment, a les aules de les escoles i instituts- en un total de 176 sessions, repartides entre els mesos d\u2019octubre de 2023 i mar\u00e7 de 2024.<\/p>\n<p>&nbsp;<\/p>\n<p><strong><em>Cultura i comunitat<\/em><\/strong><br \/>\nAmb un total de 9 funcions programades al Teatre Municipal Ateneu de Guissona, entre els dies 13 i 19 de mar\u00e7 de 2024, L&#8217;espill encantat pot arribar a 3000 persones de p\u00fablic escolar i familiar. Aix\u00ed doncs, els nens i nenes que participen al projecte tenen l&#8217;oportunitat de mostrar el seu treball davant d&#8217;amics, familiars i p\u00fablic general, refor\u00e7ant els lla\u00e7os de col\u00b7laboraci\u00f3 entre les escoles, els instituts i la comunitat local.<\/p>\n<p><img loading=\"lazy\" decoding=\"async\" class=\"size-full wp-image-20489 aligncenter\" src=\"https:\/\/serveiseducatius.xtec.cat\/segarra\/wp-content\/uploads\/usu1148\/2024\/03\/foto5.jpg\" alt=\"\" width=\"603\" height=\"215\" srcset=\"https:\/\/serveiseducatius.xtec.cat\/segarra\/wp-content\/uploads\/usu1148\/2024\/03\/foto5.jpg 603w, https:\/\/serveiseducatius.xtec.cat\/segarra\/wp-content\/uploads\/usu1148\/2024\/03\/foto5-300x107.jpg 300w\" sizes=\"auto, (max-width: 603px) 100vw, 603px\" \/><\/p>\n<p><em><strong>Repartiment art\u00edstic<\/strong><\/em><br \/>\nEl cor infantil, format per l&#8217;alumnat d\u2019escoles i instituts \u00e9s el factor determinant del projecte comunitari. Aix\u00f2 no obstant, L&#8217;espill encantat, no seria possible sense el talent i la dedicaci\u00f3 d\u2019un equip art\u00edstic d\u2019excepci\u00f3 encap\u00e7alat per <strong><em>Ainet Jounou<\/em>,<\/strong> jove actriu destacada a la pel\u00b7l\u00edcula &#8220;Alcarr\u00e0s&#8221;, dirigida per Carla Sim\u00f3n i guardonada amb l\u2019Os d&#8217;Or al Festival de Cinema de Berl\u00edn; <strong><em>Josep Ferrer<\/em><\/strong>, actor i cantant amb una extensa carrera en l&#8217;\u00f2pera i els musicals, amb participacions notables al Gran Teatre del Liceu en produccions com &#8220;Le nozze de Figaro&#8221;, &#8220;D.Q. en Barcelona&#8221; de La Fura dels Baus, i &#8220;Macbeth&#8221;; i J\u00falia Bonjoch, actriu en diverses produccions teatrals i musicals, com &#8220;Pares Normals&#8221; de Sergi Belbel, &#8220;El petit pr\u00edncep&#8221; i &#8220;Cantando Bajo la Lluvia,&#8221; dirigides per \u00c0ngel Ll\u00e0cer i Manu Guix.<\/p>\n<p>Tots ells comparteixen escenari amb Montserrat Isanta, soprano, Laura Cots, mezzosoprano i una orquestra d\u201911 m\u00fasics formada per professores i professors del Conservatori de Cervera. Les ballarines -Patr\u00edcia Nieto, Paula Patsi i Mariona Sabart\u00e9s- de la Companyia de Dansa \u201cMontse Esteve\u201d estableixen un nexe d\u2019uni\u00f3 entre les emocions i la m\u00e0gia de l&#8217;obra, i connecten amb les arrels locals a trav\u00e9s de la seva interacci\u00f3 amb la colla castellera Margeners de Guissona i la Colla de Geganters de Guissona. M\u00e9s d\u2019un centenar de persones a l\u2019escenari fan possible cadascuna de les funcions.<br \/>\nLa direcci\u00f3 art\u00edstica de L\u2019espill encantat \u00e9s obra de Xavier Hidalgo mentre que la direcci\u00f3 musical \u00e9s duta a terme per Jordi Castell\u00e0.<\/p>\n<p><img loading=\"lazy\" decoding=\"async\" class=\" wp-image-20486 alignleft\" src=\"https:\/\/serveiseducatius.xtec.cat\/segarra\/wp-content\/uploads\/usu1148\/2024\/03\/foto1.jpg\" alt=\"\" width=\"416\" height=\"258\" srcset=\"https:\/\/serveiseducatius.xtec.cat\/segarra\/wp-content\/uploads\/usu1148\/2024\/03\/foto1.jpg 610w, https:\/\/serveiseducatius.xtec.cat\/segarra\/wp-content\/uploads\/usu1148\/2024\/03\/foto1-300x186.jpg 300w\" sizes=\"auto, (max-width: 416px) 100vw, 416px\" \/> <img loading=\"lazy\" decoding=\"async\" class=\"wp-image-20487 alignleft\" src=\"https:\/\/serveiseducatius.xtec.cat\/segarra\/wp-content\/uploads\/usu1148\/2024\/03\/foto2.jpg\" alt=\"\" width=\"407\" height=\"253\" srcset=\"https:\/\/serveiseducatius.xtec.cat\/segarra\/wp-content\/uploads\/usu1148\/2024\/03\/foto2.jpg 605w, https:\/\/serveiseducatius.xtec.cat\/segarra\/wp-content\/uploads\/usu1148\/2024\/03\/foto2-300x186.jpg 300w\" sizes=\"auto, (max-width: 407px) 100vw, 407px\" \/><\/p>\n<p>&nbsp;<\/p>\n<p>&nbsp;<\/p>\n<p>&nbsp;<\/p>\n<p>&nbsp;<\/p>\n<p>&nbsp;<\/p>\n<p>&nbsp;<\/p>\n<p>&nbsp;<\/p>\n<p><em><strong>Impacte social<\/strong><\/em><br \/>\nEl Conservatori de Cervera, amb la col\u00b7laboraci\u00f3 del Teatre Municipal Ateneu de Guissona, posen de manifest com l&#8217;art pot esdevenir una eina poderosa de transformaci\u00f3 personal i comunit\u00e0ria. L&#8217;espill encantat \u00e9s una finestra oberta al m\u00f3n de les emocions i l&#8217;expressi\u00f3 creativa, amb l&#8217;objectiu de compartir la bellesa i la riquesa de la m\u00fasica i el teatre amb tothom.<br \/>\nL\u2019obra s&#8217;adhereix a l\u2019Apropa Cultura. Mitjan\u00e7ant aquest comprom\u00eds, el projecte no nom\u00e9s pret\u00e9n inspirar i commoure, sin\u00f3 tamb\u00e9 garantir que l&#8217;art sigui accessible a tota la societat.<\/p>\n<p><em><strong>Suports i col\u00b7laboracions<\/strong><\/em><br \/>\nEl projecte compta amb el suport del Departament de Cultura i del Departament d\u2019Educaci\u00f3 de la Generalitat de Catalunya, del Consell Comarcal de la Segarra, de la Paeria de Cervera i de l\u2019Ajuntament de Guissona, aix\u00ed com del Servei Educatiu de la Segarra, del Pla Educatiu d\u2019Entorn de Cervera i de Guissona i del Museu de Guissona. A part, la iniciativa implica a m\u00e9s de deu empreses i entitats del territori, destacant el patrocini de bon\u00c0rea, entre altres.<\/p>\n<p><em><strong>Contacte<\/strong><\/em><br \/>\nM\u00e9s informaci\u00f3 sobre el projecte, recursos o entrevistes:<br \/>\n\u25cf Marc Castell\u00e0 Bov\u00e9. Producci\u00f3 i coordinaci\u00f3 pedag\u00f2gica del projecte.<br \/>\n<a href=\"mailto:marc.castella.bove@gmail.com\">\u00a0marc.castella.bove@gmail.com<\/a><\/p>\n<p><em><strong>Materials<\/strong><\/em><br \/>\n\u25cf <a href=\"https:\/\/drive.google.com\/file\/d\/1WfiA88rLqCnCDExCHMMOU6xUBGajO0F8\/view\" target=\"_blank\" rel=\"noopener\">Cartell<\/a><br \/>\n\u25cf <a href=\"https:\/\/www.youtube.com\/watch?v=1hSs0c03ZXM\" target=\"_blank\" rel=\"noopener\">V\u00eddeo promocional<\/a><br \/>\n\u25cf <a href=\"https:\/\/drive.google.com\/drive\/folders\/1PUqtd_Ds-pNRUc92RfrKvBQzTKXQsmz0\" target=\"_blank\" rel=\"noopener\">Fotografies de recurs<\/a><br \/>\n\u25cf <a href=\"https:\/\/drive.google.com\/file\/d\/12QJHf7cx2uVoP90muC9FIY59HfoL-_Mw\/view\" target=\"_blank\" rel=\"noopener\">Projecte pedag\u00f2gic<\/a><\/p>\n<p><em><strong>Enlla\u00e7os<\/strong><\/em><br \/>\n\u25cf <a href=\"https:\/\/www.ticketic.org\/ca\/entrades\/espill-encantat\" target=\"_blank\" rel=\"noopener\">Teatre Municipal Ateneu de Guissona<\/a><br \/>\n\u25cf <a href=\"https:\/\/www.apropacultura.org\/ca\/event\/espill-encantat-2\" target=\"_blank\" rel=\"noopener\">Apropa Cultura<\/a><\/p>\n","protected":false},"excerpt":{"rendered":"<p>Una experi\u00e8ncia art\u00edstica i educativa que inspira i commou.<br \/>\nL&#8217;art i l&#8217;educaci\u00f3 s&#8217;uneixen en una iniciativa \u00fanica que esdev\u00e9 el focus d&#8217;atenci\u00f3 a la comarca de la Segarra. El projecte comunitari L&#8217;espill encantat, impulsat i produ\u00eft pel Conservatori de Cervera, reuneix a m\u00e9s de 450 alumnes&hellip;  <a href=\"https:\/\/serveiseducatius.xtec.cat\/segarra\/general\/projecte-comunitari-lespill-encantat\/\" title=\"Read Projecte comunitari: L&#8217;espill encantat\">Llegeix m\u00e9s\u00bb<\/a><\/p>\n","protected":false},"author":4,"featured_media":20484,"comment_status":"closed","ping_status":"closed","sticky":false,"template":"","format":"standard","meta":{"_bbp_topic_count":0,"_bbp_reply_count":0,"_bbp_total_topic_count":0,"_bbp_total_reply_count":0,"_bbp_voice_count":0,"_bbp_anonymous_reply_count":0,"_bbp_topic_count_hidden":0,"_bbp_reply_count_hidden":0,"_bbp_forum_subforum_count":0,"footnotes":""},"categories":[64,65,251,1,75,29],"tags":[1024,1281,442,1122,501,361,380,371,367],"class_list":["post-20483","post","type-post","status-publish","format-standard","has-post-thumbnail","hentry","category-comunitat","category-crp","category-dinamica-educativa","category-general","category-pee","category-portada","tag-emocions","tag-representacio-teatral","tag-art","tag-diversitat","tag-inclusio","tag-musica","tag-primaria","tag-secundaria","tag-teatre"],"post_mailing_queue_ids":[],"_links":{"self":[{"href":"https:\/\/serveiseducatius.xtec.cat\/segarra\/wp-json\/wp\/v2\/posts\/20483","targetHints":{"allow":["GET"]}}],"collection":[{"href":"https:\/\/serveiseducatius.xtec.cat\/segarra\/wp-json\/wp\/v2\/posts"}],"about":[{"href":"https:\/\/serveiseducatius.xtec.cat\/segarra\/wp-json\/wp\/v2\/types\/post"}],"author":[{"embeddable":true,"href":"https:\/\/serveiseducatius.xtec.cat\/segarra\/wp-json\/wp\/v2\/users\/4"}],"replies":[{"embeddable":true,"href":"https:\/\/serveiseducatius.xtec.cat\/segarra\/wp-json\/wp\/v2\/comments?post=20483"}],"version-history":[{"count":6,"href":"https:\/\/serveiseducatius.xtec.cat\/segarra\/wp-json\/wp\/v2\/posts\/20483\/revisions"}],"predecessor-version":[{"id":20494,"href":"https:\/\/serveiseducatius.xtec.cat\/segarra\/wp-json\/wp\/v2\/posts\/20483\/revisions\/20494"}],"wp:featuredmedia":[{"embeddable":true,"href":"https:\/\/serveiseducatius.xtec.cat\/segarra\/wp-json\/wp\/v2\/media\/20484"}],"wp:attachment":[{"href":"https:\/\/serveiseducatius.xtec.cat\/segarra\/wp-json\/wp\/v2\/media?parent=20483"}],"wp:term":[{"taxonomy":"category","embeddable":true,"href":"https:\/\/serveiseducatius.xtec.cat\/segarra\/wp-json\/wp\/v2\/categories?post=20483"},{"taxonomy":"post_tag","embeddable":true,"href":"https:\/\/serveiseducatius.xtec.cat\/segarra\/wp-json\/wp\/v2\/tags?post=20483"}],"curies":[{"name":"wp","href":"https:\/\/api.w.org\/{rel}","templated":true}]}}