{"id":20309,"date":"2024-02-07T09:34:28","date_gmt":"2024-02-07T08:34:28","guid":{"rendered":"https:\/\/serveiseducatius.xtec.cat\/segarra\/?p=20309"},"modified":"2024-02-07T09:34:28","modified_gmt":"2024-02-07T08:34:28","slug":"lets-clean-up-europe","status":"publish","type":"post","link":"https:\/\/serveiseducatius.xtec.cat\/segarra\/general\/lets-clean-up-europe\/","title":{"rendered":"Let&#8217;s Clean Up Europe"},"content":{"rendered":"<p>La campanya<strong>\u00a0Let\u2019s Clean Up Europe,\u00a0<\/strong>promoguda per l\u2019Ag\u00e8ncia de Residus de Catalunya,<strong>\u00a0<\/strong>t\u00e9 per objectiu combatre la pres\u00e8ncia de residus abandonats en espais naturals i incentivar accions de neteja organitzades per escoles, associacions, ajuntaments\u2026 Una de les accions m\u00e9s emblem\u00e0tiques \u00e9s el\u00a0<a href=\"https:\/\/serveiseducatius.xtec.cat\/segarra\/general\/nou-recurs-kit-correcull\/\" target=\"_blank\" rel=\"noopener\"><strong>Correcull\u00a0<\/strong><\/a>que es va iniciar al Servei Educatiu de\u00a0l\u2019Alt\u00a0Empord\u00e0 i es vol fer extensiu a la resta\u00a0de xarxes d\u2019escoles\u00a0de Catalunya, s\u2019han distribu\u00eft els<a href=\"https:\/\/serveiseducatius.xtec.cat\/pladurgell\/general\/kit-de-recollida-de-residus\/\" target=\"_blank\" rel=\"noopener\">\u00a0kits Correcull<\/a>\u00a0a diferents CRP de Catalunya amb aquest objectiu.<img loading=\"lazy\" decoding=\"async\" class=\"size-full wp-image-12745 alignright\" src=\"https:\/\/serveiseducatius.xtec.cat\/segarra\/wp-content\/uploads\/usu1148\/2021\/03\/clean-europe.gif\" alt=\"\" width=\"250\" height=\"239\" \/><span id=\"more-18825\"><\/span><\/p>\n<p>El dijous <strong>8\u00a0de febrer de 2024<\/strong> s\u2019inicia el registre d\u2019inscripcions a la <a href=\"https:\/\/residus.gencat.cat\/ca\/ambits_dactuacio\/prevencio\/setmana_europea\/lets_clean_up_europe\/\" data-saferedirecturl=\"https:\/\/www.google.com\/url?q=https:\/\/residus.gencat.cat\/ca\/ambits_dactuacio\/prevencio\/setmana_europea\/lets_clean_up_europe\/&amp;source=gmail&amp;ust=1707294065737000&amp;usg=AOvVaw2bEM1mD-E45ooWYiwZs3hK\">11 edici\u00f3 de la Campanya Let\u2019s Clean Up Europe!<\/a>, i s\u2019organitzen 2 seminaris en l\u00ednia per presentar experi\u00e8ncies. Un d\u2019ells est\u00e0 adre\u00e7at espec\u00edficament a centres educatius, ser\u00e0 el <strong>8 de febrer a les 17:30 h. <\/strong>Podeu consultar aqu\u00ed <a href=\"https:\/\/drive.google.com\/file\/d\/1pvQHhkm-36GDokonC10Ri8IfR11AGDPl\/view?usp=sharing\">el programa.<\/a><\/p>\n<p>S\u2019hi presentaran experi\u00e8ncies de 4 centres i projectes molt significatius que proposen diferents maneres d\u2019anar m\u00e9s enll\u00e0 d\u2019una recollida, debaten mesures de prevenci\u00f3 per evitar nous abocaments, tot fent an\u00e0lisi de les dades per geolocalitzar on s\u00f3n els abocaments i tipus de residus, treballar en xarxa entre escoles properes i creant situacions d\u2019aprenentatge per posar en pr\u00e0ctica serveis comunitaris, entre altres.<\/p>\n<p>Per a m\u00e9s informaci\u00f3:\u00a0<a href=\"https:\/\/residus.gencat.cat\/ca\/ambits_dactuacio\/prevencio\/setmana_europea\/lets_clean_up_europe\/\" data-saferedirecturl=\"https:\/\/www.google.com\/url?q=https:\/\/residus.gencat.cat\/ca\/ambits_dactuacio\/prevencio\/setmana_europea\/lets_clean_up_europe\/&amp;source=gmail&amp;ust=1707294065737000&amp;usg=AOvVaw2bEM1mD-E45ooWYiwZs3hK\">residus.gencat.cat\/let\u2019s clean up europe<\/a><\/p>\n<p>Seminari Escoles\u00a0<a href=\"https:\/\/residus.gencat.cat\/ca\/actualitat\/agenda_dactivitats\/detall\/seminari_preparacio_escoles_LCUE2024\" data-saferedirecturl=\"https:\/\/www.google.com\/url?q=https:\/\/residus.gencat.cat\/ca\/actualitat\/agenda_dactivitats\/detall\/seminari_preparacio_escoles_LCUE2024&amp;source=gmail&amp;ust=1707294065737000&amp;usg=AOvVaw2_CvBkHtZbyQH-ETj03-7r\">https:\/\/residus.gencat.cat\/ca\/actualitat\/agenda_dactivitats\/detall\/seminari_preparacio_escoles_LCUE2024<\/a><\/p>\n<p>Registre d\u2019accions al SDR: <a href=\"https:\/\/sdr.arc.cat\/prevencio\/GetLoginPrevencio.do\" data-saferedirecturl=\"https:\/\/www.google.com\/url?q=https:\/\/sdr.arc.cat\/prevencio\/GetLoginPrevencio.do&amp;source=gmail&amp;ust=1707377287980000&amp;usg=AOvVaw0GFvVROwqzuQhbpEfWTkNS\">https:\/\/sdr.arc.cat\/prevencio\/GetLoginPrevencio.do<\/a>\u00a0(obert a partir del 8 de febrer)<\/p>\n<p>&nbsp;<\/p>\n","protected":false},"excerpt":{"rendered":"<p>La campanya\u00a0Let\u2019s Clean Up Europe,\u00a0promoguda per l\u2019Ag\u00e8ncia de Residus de Catalunya,\u00a0t\u00e9 per objectiu combatre la pres\u00e8ncia de residus abandonats en espais naturals i incentivar accions de neteja organitzades per escoles, associacions, ajuntaments\u2026 Una de les accions m\u00e9s emblem\u00e0tiques \u00e9s el\u00a0<a href=\"https:\/\/serveiseducatius.xtec.cat\/segarra\/general\/nou-recurs-kit-correcull\/\" target=\"_blank\" rel=\"noopener\">Correcull\u00a0<\/a>que es va&hellip;  <a href=\"https:\/\/serveiseducatius.xtec.cat\/segarra\/general\/lets-clean-up-europe\/\" title=\"Read Let&#8217;s Clean Up Europe\">Llegeix m\u00e9s\u00bb<\/a><\/p>\n","protected":false},"author":4,"featured_media":20311,"comment_status":"closed","ping_status":"closed","sticky":false,"template":"","format":"standard","meta":{"_bbp_topic_count":0,"_bbp_reply_count":0,"_bbp_total_topic_count":0,"_bbp_total_reply_count":0,"_bbp_voice_count":0,"_bbp_anonymous_reply_count":0,"_bbp_topic_count_hidden":0,"_bbp_reply_count_hidden":0,"_bbp_forum_subforum_count":0,"footnotes":""},"categories":[65,66,262,1,29],"tags":[1244,163,172,179],"class_list":["post-20309","post","type-post","status-publish","format-standard","has-post-thumbnail","hentry","category-crp","category-dinamitzacio","category-escoles-verdes","category-general","category-portada","tag-mediambient","tag-educacio-infantil","tag-educacio-primaria","tag-educacio-secundaria"],"post_mailing_queue_ids":[],"_links":{"self":[{"href":"https:\/\/serveiseducatius.xtec.cat\/segarra\/wp-json\/wp\/v2\/posts\/20309","targetHints":{"allow":["GET"]}}],"collection":[{"href":"https:\/\/serveiseducatius.xtec.cat\/segarra\/wp-json\/wp\/v2\/posts"}],"about":[{"href":"https:\/\/serveiseducatius.xtec.cat\/segarra\/wp-json\/wp\/v2\/types\/post"}],"author":[{"embeddable":true,"href":"https:\/\/serveiseducatius.xtec.cat\/segarra\/wp-json\/wp\/v2\/users\/4"}],"replies":[{"embeddable":true,"href":"https:\/\/serveiseducatius.xtec.cat\/segarra\/wp-json\/wp\/v2\/comments?post=20309"}],"version-history":[{"count":2,"href":"https:\/\/serveiseducatius.xtec.cat\/segarra\/wp-json\/wp\/v2\/posts\/20309\/revisions"}],"predecessor-version":[{"id":20312,"href":"https:\/\/serveiseducatius.xtec.cat\/segarra\/wp-json\/wp\/v2\/posts\/20309\/revisions\/20312"}],"wp:featuredmedia":[{"embeddable":true,"href":"https:\/\/serveiseducatius.xtec.cat\/segarra\/wp-json\/wp\/v2\/media\/20311"}],"wp:attachment":[{"href":"https:\/\/serveiseducatius.xtec.cat\/segarra\/wp-json\/wp\/v2\/media?parent=20309"}],"wp:term":[{"taxonomy":"category","embeddable":true,"href":"https:\/\/serveiseducatius.xtec.cat\/segarra\/wp-json\/wp\/v2\/categories?post=20309"},{"taxonomy":"post_tag","embeddable":true,"href":"https:\/\/serveiseducatius.xtec.cat\/segarra\/wp-json\/wp\/v2\/tags?post=20309"}],"curies":[{"name":"wp","href":"https:\/\/api.w.org\/{rel}","templated":true}]}}