{"id":19585,"date":"2023-10-24T09:46:10","date_gmt":"2023-10-24T07:46:10","guid":{"rendered":"https:\/\/serveiseducatius.xtec.cat\/segarra\/?p=19585"},"modified":"2023-10-24T09:46:10","modified_gmt":"2023-10-24T07:46:10","slug":"setmana-europea-de-la-prevencio-de-residus-3","status":"publish","type":"post","link":"https:\/\/serveiseducatius.xtec.cat\/segarra\/general\/setmana-europea-de-la-prevencio-de-residus-3\/","title":{"rendered":"Setmana Europea de la Prevenci\u00f3 de Residus"},"content":{"rendered":"<p><strong>&#8220;No t&#8217;emboliquis!&#8221;<\/strong> \u00e9s el lema d&#8217;enguany<\/p>\n<p>\ud83d\udcc5Del <strong>18 al 26 de novembre<\/strong> la <a href=\"https:\/\/residus.gencat.cat\/ca\/ambits_dactuacio\/prevencio\/setmana_europea\/\" target=\"_blank\" rel=\"noopener\">Setmana Europea de la Prevenci\u00f3 de Residus<\/a> organitza arreu del continent accions de sensibilitzaci\u00f3 sobre la prevenci\u00f3 de residus.<\/p>\n<p><img loading=\"lazy\" decoding=\"async\" class=\"aligncenter wp-image-19589\" src=\"https:\/\/serveiseducatius.xtec.cat\/segarra\/wp-content\/uploads\/usu1148\/2023\/10\/setmana-residus-2023-723x1024.jpg\" alt=\"\" width=\"482\" height=\"683\" srcset=\"https:\/\/serveiseducatius.xtec.cat\/segarra\/wp-content\/uploads\/usu1148\/2023\/10\/setmana-residus-2023-723x1024.jpg 723w, https:\/\/serveiseducatius.xtec.cat\/segarra\/wp-content\/uploads\/usu1148\/2023\/10\/setmana-residus-2023-212x300.jpg 212w, https:\/\/serveiseducatius.xtec.cat\/segarra\/wp-content\/uploads\/usu1148\/2023\/10\/setmana-residus-2023-768x1087.jpg 768w, https:\/\/serveiseducatius.xtec.cat\/segarra\/wp-content\/uploads\/usu1148\/2023\/10\/setmana-residus-2023-1085x1536.jpg 1085w, https:\/\/serveiseducatius.xtec.cat\/segarra\/wp-content\/uploads\/usu1148\/2023\/10\/setmana-residus-2023.jpg 1356w\" sizes=\"auto, (max-width: 482px) 100vw, 482px\" \/><\/p>\n<p>&nbsp;<\/p>\n<p>Idees d\u2019accions, recursos i propostes did\u00e0ctiques per participar en aquest esdeveniment i tamb\u00e9 informaci\u00f3 sobre com inscriure-hi la vostra acci\u00f3:<\/p>\n<ul>\n<li>Al bloc de l\u2019Assessoria d\u2019Escoles Verdes Lleida: <a href=\"https:\/\/escoles.fundesplai.org\/?mailpoet_router&amp;endpoint=track&amp;action=click&amp;data=WyI0MTUzIiwiMTM1Ymk5M3cwczV3c2tzNGdzc2s4Z28wMGNjc2c0a2siLCI0MjMiLCJlNDIwZTE1ZjdiNDciLGZhbHNlXQ\" target=\"_blank\" rel=\"noopener\" data-saferedirecturl=\"https:\/\/www.google.com\/url?q=https:\/\/escoles.fundesplai.org?mailpoet_router%26endpoint%3Dtrack%26action%3Dclick%26data%3DWyI0MTUzIiwiMTM1Ymk5M3cwczV3c2tzNGdzc2s4Z28wMGNjc2c0a2siLCI0MjMiLCJlNDIwZTE1ZjdiNDciLGZhbHNlXQ&amp;source=gmail&amp;ust=1697526060811000&amp;usg=AOvVaw1v7XR0ucAUXSwPDToY5YX5\">ENS HI SUMEM! PARTICIPEM EN LA SETMANA EUROPEA DE LA PREVENCI\u00d3 DE RESIDUS 2023 | Escoles Verdes Lleida (fundesplai.org)<\/a><\/li>\n<li>Al web de l&#8217;<a href=\"https:\/\/residus.gencat.cat\/ca\/ambits_dactuacio\/prevencio\/setmana_europea\/\" target=\"_blank\" rel=\"noopener\">Ag\u00e8ncia de Residus de Catalunya,<\/a> i a l&#8217;espai <a href=\"https:\/\/residus.gencat.cat\/ca\/ambits_dactuacio\/sensibilitzacio\/\" target=\"_blank\" rel=\"noopener\">&#8220;Sensibilitzaci\u00f3&#8221; <\/a>del mateix web.<\/li>\n<li><a href=\"https:\/\/ewwr.eu\/\" target=\"_blank\" rel=\"noopener\">European Week for Waste Reduction (EWWR)<\/a><\/li>\n<\/ul>\n","protected":false},"excerpt":{"rendered":"<p>&#8220;No t&#8217;emboliquis!&#8221; \u00e9s el lema d&#8217;enguany<br \/>\n\ud83d\udcc5Del 18 al 26 de novembre la <a href=\"https:\/\/residus.gencat.cat\/ca\/ambits_dactuacio\/prevencio\/setmana_europea\/\" target=\"_blank\" rel=\"noopener\">Setmana Europea de la Prevenci\u00f3 de Residus<\/a> organitza arreu del continent accions de sensibilitzaci\u00f3 sobre la prevenci\u00f3 de residus.<\/p>\n<p>&nbsp;<br \/>\nIdees d\u2019accions, recursos i propostes did\u00e0ctiques per participar en aquest esdeveniment i&hellip;  <a href=\"https:\/\/serveiseducatius.xtec.cat\/segarra\/general\/setmana-europea-de-la-prevencio-de-residus-3\/\" title=\"Read Setmana Europea de la Prevenci\u00f3 de Residus\">Llegeix m\u00e9s\u00bb<\/a><\/p>\n","protected":false},"author":4,"featured_media":19592,"comment_status":"closed","ping_status":"closed","sticky":false,"template":"","format":"standard","meta":{"_bbp_topic_count":0,"_bbp_reply_count":0,"_bbp_total_topic_count":0,"_bbp_total_reply_count":0,"_bbp_voice_count":0,"_bbp_anonymous_reply_count":0,"_bbp_topic_count_hidden":0,"_bbp_reply_count_hidden":0,"_bbp_forum_subforum_count":0,"footnotes":""},"categories":[65,66,262,1,29],"tags":[172,179,348,313],"class_list":["post-19585","post","type-post","status-publish","format-standard","has-post-thumbnail","hentry","category-crp","category-dinamitzacio","category-escoles-verdes","category-general","category-portada","tag-educacio-primaria","tag-educacio-secundaria","tag-medi-ambient","tag-recursos"],"post_mailing_queue_ids":[],"_links":{"self":[{"href":"https:\/\/serveiseducatius.xtec.cat\/segarra\/wp-json\/wp\/v2\/posts\/19585","targetHints":{"allow":["GET"]}}],"collection":[{"href":"https:\/\/serveiseducatius.xtec.cat\/segarra\/wp-json\/wp\/v2\/posts"}],"about":[{"href":"https:\/\/serveiseducatius.xtec.cat\/segarra\/wp-json\/wp\/v2\/types\/post"}],"author":[{"embeddable":true,"href":"https:\/\/serveiseducatius.xtec.cat\/segarra\/wp-json\/wp\/v2\/users\/4"}],"replies":[{"embeddable":true,"href":"https:\/\/serveiseducatius.xtec.cat\/segarra\/wp-json\/wp\/v2\/comments?post=19585"}],"version-history":[{"count":4,"href":"https:\/\/serveiseducatius.xtec.cat\/segarra\/wp-json\/wp\/v2\/posts\/19585\/revisions"}],"predecessor-version":[{"id":19593,"href":"https:\/\/serveiseducatius.xtec.cat\/segarra\/wp-json\/wp\/v2\/posts\/19585\/revisions\/19593"}],"wp:featuredmedia":[{"embeddable":true,"href":"https:\/\/serveiseducatius.xtec.cat\/segarra\/wp-json\/wp\/v2\/media\/19592"}],"wp:attachment":[{"href":"https:\/\/serveiseducatius.xtec.cat\/segarra\/wp-json\/wp\/v2\/media?parent=19585"}],"wp:term":[{"taxonomy":"category","embeddable":true,"href":"https:\/\/serveiseducatius.xtec.cat\/segarra\/wp-json\/wp\/v2\/categories?post=19585"},{"taxonomy":"post_tag","embeddable":true,"href":"https:\/\/serveiseducatius.xtec.cat\/segarra\/wp-json\/wp\/v2\/tags?post=19585"}],"curies":[{"name":"wp","href":"https:\/\/api.w.org\/{rel}","templated":true}]}}