{"id":19401,"date":"2023-09-26T13:23:17","date_gmt":"2023-09-26T11:23:17","guid":{"rendered":"https:\/\/serveiseducatius.xtec.cat\/segarra\/?p=19401"},"modified":"2023-09-26T13:28:43","modified_gmt":"2023-09-26T11:28:43","slug":"inscripcions-nou-curs-de-laula-dextensio-universitaria","status":"publish","type":"post","link":"https:\/\/serveiseducatius.xtec.cat\/segarra\/general\/inscripcions-nou-curs-de-laula-dextensio-universitaria\/","title":{"rendered":"Inscripcions nou curs de l&#8217;Aula d&#8217;Extensi\u00f3 Universit\u00e0ria"},"content":{"rendered":"<p><span style=\"font-weight: 400;\">L&#8217;<strong>Aula d&#8217;Extensi\u00f3 Universit\u00e0ria Canceller Dou<\/strong> de Cervera, un espai de formaci\u00f3 i cultura per a tothom, obre<strong>\u00a0el seu per\u00edode d&#8217;inscripci\u00f3<\/strong> pel <strong>curs 2023-2024<\/strong>. <\/span><\/p>\n<p><span style=\"font-weight: 400;\">Els interessats poden inscriure&#8217;s els dies <strong>28 i 29 de setembre, d&#8217;11\u202fh a 13\u202fh<\/strong>, al <strong>Gran Teatre de Cervera<\/strong>. El preu anual de la inscripci\u00f3 \u00e9s de 40 euros per persona.<\/span><\/p>\n<p><span style=\"font-weight: 400;\">El curs s&#8217;iniciar\u00e0 el 10 d&#8217;octubre amb un solemne acte inaugural i un concert-confer\u00e8ncia titulat &#8220;Ritmes viatgers&#8221;, a c\u00e0rrec del grup Havana Vieja Trio, format per Octavi Ba\u00f1uls al piano, Pep Rius al contrabaix i Didier Roch a la percussi\u00f3. L&#8217;acte ser\u00e0 obert a tothom i l&#8217;entrada ser\u00e0 gratu\u00efta.<\/span><\/p>\n<p><span style=\"font-weight: 400;\">A partir d&#8217;aqu\u00ed, l<\/span><span style=\"font-weight: 400;\">&#8216;Aula d&#8217;Extensi\u00f3 oferir\u00e0 setmanalment diferents activitats i confer\u00e8ncies de caire cultural sobre tem\u00e0tiques variades, com ara la hist\u00f2ria, l&#8217;art, la literatura, la m\u00fasica, la ci\u00e8ncia o la salut. Els ponents seran experts i professionals reconeguts en els seus \u00e0mbits. El detall del programa per al primer trimestre (octubre-desembre) el podreu consultar en el seg\u00fcent <a href=\"https:\/\/drive.google.com\/file\/d\/1X8kFuiN50iWx3FnBJb7Rt4dVOEoaYyVG\/view?usp=drive_link\" target=\"_blank\" rel=\"noopener\">enlla\u00e7<\/a>:<\/span><\/p>\n<p>Detall de la <a href=\"https:\/\/drive.google.com\/file\/d\/1X8kFuiN50iWx3FnBJb7Rt4dVOEoaYyVG\/view?usp=drive_link\" target=\"_blank\" rel=\"noopener\">programaci\u00f3<\/a> per al primer trimestre (octubre-desembre):<\/p>\n<p style=\"text-align: center;\"><iframe loading=\"lazy\" src=\"https:\/\/drive.google.com\/file\/d\/1X8kFuiN50iWx3FnBJb7Rt4dVOEoaYyVG\/preview\" width=\"640\" height=\"480\"><\/iframe><\/p>\n<p><span style=\"font-weight: 400;\">L&#8217;Aula d&#8217;Extensi\u00f3 Universit\u00e0ria Canceller Dou de Cervera \u00e9s una iniciativa que t\u00e9 com a objectiu promoure la formaci\u00f3 permanent, la participaci\u00f3 social i la difusi\u00f3 cultural entre les persones adultes. <\/span><\/p>\n<p><span style=\"font-weight: 400;\">\u00a0Per a m\u00e9s informaci\u00f3, podeu contactar amb l&#8217;Aula d&#8217;Extensi\u00f3 al <strong>tel\u00e8fon<\/strong> <strong>698 965 772<\/strong> o al correu electr\u00f2nic <strong>aulauniversitariacervera@yahoo.es<\/strong><\/span><\/p>\n","protected":false},"excerpt":{"rendered":"<p>L&#8217;Aula d&#8217;Extensi\u00f3 Universit\u00e0ria Canceller Dou de Cervera, un espai de formaci\u00f3 i cultura per a tothom, obre\u00a0el seu per\u00edode d&#8217;inscripci\u00f3 pel curs 2023-2024.<br \/>\nEls interessats poden inscriure&#8217;s els dies 28 i 29 de setembre, d&#8217;11\u202fh a 13\u202fh, al Gran Teatre de Cervera. El preu anual&hellip;  <a href=\"https:\/\/serveiseducatius.xtec.cat\/segarra\/general\/inscripcions-nou-curs-de-laula-dextensio-universitaria\/\" title=\"Read Inscripcions nou curs de l&#8217;Aula d&#8217;Extensi\u00f3 Universit\u00e0ria\">Llegeix m\u00e9s\u00bb<\/a><\/p>\n","protected":false},"author":4,"featured_media":19406,"comment_status":"closed","ping_status":"closed","sticky":false,"template":"","format":"standard","meta":{"_bbp_topic_count":0,"_bbp_reply_count":0,"_bbp_total_topic_count":0,"_bbp_total_reply_count":0,"_bbp_voice_count":0,"_bbp_anonymous_reply_count":0,"_bbp_topic_count_hidden":0,"_bbp_reply_count_hidden":0,"_bbp_forum_subforum_count":0,"footnotes":""},"categories":[154,1,235,29],"tags":[1181,297],"class_list":["post-19401","post","type-post","status-publish","format-standard","has-post-thumbnail","hentry","category-formacio","category-general","category-formacio_ins","category-portada","tag-aula-dextensio-universitaria","tag-conferencies"],"post_mailing_queue_ids":[],"_links":{"self":[{"href":"https:\/\/serveiseducatius.xtec.cat\/segarra\/wp-json\/wp\/v2\/posts\/19401","targetHints":{"allow":["GET"]}}],"collection":[{"href":"https:\/\/serveiseducatius.xtec.cat\/segarra\/wp-json\/wp\/v2\/posts"}],"about":[{"href":"https:\/\/serveiseducatius.xtec.cat\/segarra\/wp-json\/wp\/v2\/types\/post"}],"author":[{"embeddable":true,"href":"https:\/\/serveiseducatius.xtec.cat\/segarra\/wp-json\/wp\/v2\/users\/4"}],"replies":[{"embeddable":true,"href":"https:\/\/serveiseducatius.xtec.cat\/segarra\/wp-json\/wp\/v2\/comments?post=19401"}],"version-history":[{"count":3,"href":"https:\/\/serveiseducatius.xtec.cat\/segarra\/wp-json\/wp\/v2\/posts\/19401\/revisions"}],"predecessor-version":[{"id":19410,"href":"https:\/\/serveiseducatius.xtec.cat\/segarra\/wp-json\/wp\/v2\/posts\/19401\/revisions\/19410"}],"wp:featuredmedia":[{"embeddable":true,"href":"https:\/\/serveiseducatius.xtec.cat\/segarra\/wp-json\/wp\/v2\/media\/19406"}],"wp:attachment":[{"href":"https:\/\/serveiseducatius.xtec.cat\/segarra\/wp-json\/wp\/v2\/media?parent=19401"}],"wp:term":[{"taxonomy":"category","embeddable":true,"href":"https:\/\/serveiseducatius.xtec.cat\/segarra\/wp-json\/wp\/v2\/categories?post=19401"},{"taxonomy":"post_tag","embeddable":true,"href":"https:\/\/serveiseducatius.xtec.cat\/segarra\/wp-json\/wp\/v2\/tags?post=19401"}],"curies":[{"name":"wp","href":"https:\/\/api.w.org\/{rel}","templated":true}]}}