{"id":18502,"date":"2023-05-05T11:33:29","date_gmt":"2023-05-05T09:33:29","guid":{"rendered":"https:\/\/serveiseducatius.xtec.cat\/segarra\/?p=18502"},"modified":"2023-05-05T11:33:29","modified_gmt":"2023-05-05T09:33:29","slug":"docsteens-2023","status":"publish","type":"post","link":"https:\/\/serveiseducatius.xtec.cat\/segarra\/general\/docsteens-2023\/","title":{"rendered":"Docs&#038;Teens 2023"},"content":{"rendered":"<p>La\u00a0secci\u00f3\u00a0<strong>DOCS&amp;TEENS<\/strong>, del<strong>\u00a0festival<\/strong>\u00a0<strong>DOCSBARCELONA<\/strong>, apropa el <strong>documental<\/strong>\u00a0a les\u00a0<strong>aules d\u2019ESO<\/strong>\u00a0i\u00a0<strong>batxillerat<\/strong>.<\/p>\n<p>A trav\u00e9s de la seva sala virtual, es podran organitzar\u00a0<strong>sessions de cinema amb l\u2019alumnat<\/strong>\u00a0i veure <strong>en l\u00ednia i de manera gratu\u00efta<\/strong> els quatre documentals que es proposen per aquesta edici\u00f3.<\/p>\n<p>La secci\u00f3 presenta una programaci\u00f3 destinada a contribuir a <strong>sensibilitzar i promoure una consci\u00e8ncia cr\u00edtica sobre les causes que generen desigualtats i conflictes socials<\/strong>, aix\u00ed com a <strong>reflexionar sobre nous models socioecon\u00f2mics.<\/strong> Es tracta d\u2019hist\u00f2ries reals i commovedores que exemplifiquen com sovint les persones s\u00f3n v\u00edctimes d\u2019incomprensi\u00f3, agressions, abusos o injust\u00edcies per la seva identitat, g\u00e8nere, origen, cultura o ideologia. Aix\u00ed mateix, apropen a l\u2019espectador a nous models de gesti\u00f3 econ\u00f2mica democr\u00e0tica, social i \u00e8tica.<\/p>\n<p><img loading=\"lazy\" decoding=\"async\" class=\"size-full wp-image-18505 alignright\" src=\"https:\/\/serveiseducatius.xtec.cat\/segarra\/wp-content\/uploads\/usu1148\/2023\/05\/Docsteens.jpg\" alt=\"\" width=\"286\" height=\"300\" \/><\/p>\n<p><strong>Funcionament<\/strong>:<\/p>\n<ul>\n<li>Del 18 al 28 de maig, la <strong>sala virtual Docs&amp;Teens<\/strong> estar\u00e0 habilitada per poder veure a les aules, gratu\u00eftament i en l\u00ednia, tota la programaci\u00f3 de la secci\u00f3.<u><\/u> En aquesta edici\u00f3 Docs&amp;Teens presenta una programaci\u00f3 destinada a intensificar el debat sobre temes actuals i socials. Totes les projeccions presencials van <strong>acompanyades d&#8217;un col\u00b7loqui\/dinamitzaci\u00f3 entre l\u2019alumnat i els equips art\u00edstics o protagonistes de les pel\u00b7l\u00edcules i\/o persones expertes sobre el tema tractat.<\/strong><u><\/u><\/li>\n<li><strong>Cada escola, institut o centre educatiu<\/strong> interessat a acollir projeccions del Docs&amp;teens a l\u2019aula, haur\u00e0 <strong>d\u2019omplir el<\/strong> <span style=\"text-decoration: underline;\"><strong><span lang=\"ES\"><a id=\"m_-5382898021163157794m_9139488614941569424OWA711c803b-6ce9-f3c8-50dd-cfbe381f9912\" href=\"https:\/\/docs.google.com\/forms\/d\/e\/1FAIpQLScielLC0W92j63YlUfNIleVV_G-FMIeTRvO9ZLIXgGDDwNzpQ\/viewform\" target=\"_blank\" rel=\"noopener\" data-saferedirecturl=\"https:\/\/www.google.com\/url?q=https:\/\/docs.google.com\/forms\/d\/e\/1FAIpQLScielLC0W92j63YlUfNIleVV_G-FMIeTRvO9ZLIXgGDDwNzpQ\/viewform&amp;source=gmail&amp;ust=1683357722859000&amp;usg=AOvVaw2-_oRHrQwXuSHPdoQoE4xM\"><span lang=\"CA\">Formulari d\u2019inscripci\u00f3<\/span><\/a><\/span><\/strong><\/span> per tal d\u2019obtenir un codi d\u2019acc\u00e9s a la SALA VIRTUAL. <span style=\"color: #000000;\"><span style=\"background-color: #f5cbed;\">El\u00a0<strong>termini d\u2019inscripci\u00f3<\/strong> i recepci\u00f3 de sol\u00b7licituds s\u2019estableix\u00a0fins al <\/span><strong><span style=\"background-color: #f5cbed;\">dilluns 8 de maig, a les\u00a015 h<\/span>.<\/strong><\/span><\/li>\n<\/ul>\n<p><strong>Programaci\u00f3<\/strong>\u00a0de la secci\u00f3 \u201c<strong>DOCS&amp;TEENS 2023<\/strong>\u201c:<\/p>\n<ul type=\"disc\">\n<li><strong><em>BAILAR LA LOCURA, 73\u2019 \u2013\u00a0<\/em><\/strong><em>\u00a0Una mirada cap a la diversitat en la salut mental i la inclusi\u00f3 de la neurodiverg\u00e8ncia que q\u00fcestiona qu\u00e8 s\u2019ent\u00e9n per \u201cser normal\u201d<strong>\u00a0<\/strong><u>\u00a0<\/u><\/em><a href=\"https:\/\/www.youtube.com\/watch?v=WY2Ud_vbMeI&amp;ab_channel=FilmAffinity\" data-saferedirecturl=\"https:\/\/www.google.com\/url?q=https:\/\/www.youtube.com\/watch?v%3DWY2Ud_vbMeI%26ab_channel%3DFilmAffinity&amp;source=gmail&amp;ust=1683357722859000&amp;usg=AOvVaw0hlTovoTJxtYMp3-84wDC0\">TR\u00c0ILER<\/a><\/li>\n<\/ul>\n<ul>\n<li><strong><em>ALIS, 85\u2019 \u2013\u00a0<\/em><\/strong><em>Un retrat personal, gener\u00f3s i honest d\u2019un grup de joves que lluiten per trencar el cicle de viol\u00e8ncia que han patit i abra\u00e7ar un futur millor.<\/em>\u00a0<a href=\"https:\/\/www.youtube.com\/watch?v=Cjem0c-r6nE&amp;ab_channel=Doc%3Aco-Elrugidodelcinelationamericano\" data-saferedirecturl=\"https:\/\/www.google.com\/url?q=https:\/\/www.youtube.com\/watch?v%3DCjem0c-r6nE%26ab_channel%3DDoc%253Aco-Elrugidodelcinelationamericano&amp;source=gmail&amp;ust=1683357722859000&amp;usg=AOvVaw2HB6pxdHsxUCxCRoo6EbZQ\">TR\u00c0ILER<\/a><\/li>\n<\/ul>\n<ul>\n<li><strong><em>REBELLION, 82\u2019 \u2013\u00a0<\/em><\/strong><em>Un intens thriller inspirador, dram\u00e0tic i trepidant sobre els origens del col\u00b7lectiu Extinction Rebellion, un grup d\u2019acci\u00f3 directa contra el canvi clim\u00e0tic.<strong>\u00a0<\/strong><\/em>\u00a0<a href=\"https:\/\/www.youtube.com\/watch?v=XEju42kWlB8&amp;ab_channel=DocsBarcelona\" data-saferedirecturl=\"https:\/\/www.google.com\/url?q=https:\/\/www.youtube.com\/watch?v%3DXEju42kWlB8%26ab_channel%3DDocsBarcelona&amp;source=gmail&amp;ust=1683357722859000&amp;usg=AOvVaw00eHGOIPjcjn1899sHOUKP\">TR\u00c0ILER<\/a><\/li>\n<\/ul>\n<ul>\n<li><strong><em>WHEN I GROW UP 15\u2019 (Curtmetratge) \u2013\u00a0\u00a0<\/em><\/strong><em>Els desafiaments que afronten un grup d\u2019adolescents ucra\u00efnesos per poder seguir estudiant en un pa\u00eds en guerra i sense renunciar\u00a0als\u00a0seus somnis.<\/em>\u00a0<a href=\"https:\/\/vimeo.com\/806264989\/d0e6817846\" data-saferedirecturl=\"https:\/\/www.google.com\/url?q=https:\/\/vimeo.com\/806264989\/d0e6817846&amp;source=gmail&amp;ust=1683357722859000&amp;usg=AOvVaw3vz1gVOJYBekwFetE3EGUk\">TR\u00c0ILER<\/a><strong><em>\u00a0<\/em><\/strong><\/li>\n<\/ul>\n<p>En el \u201c<a href=\"https:\/\/drive.google.com\/file\/d\/1orC1wk4ZJp9t8yqssv8eOfHuJ-IeSadr\/view?usp=sharing\" target=\"_blank\" rel=\"noopener\"><strong>Dossier Info_Docs&amp;Teens 2022<\/strong><\/a>\u201d trobareu informaci\u00f3 complement\u00e0ria de la secci\u00f3 Docs&amp;Teens i de la seva programaci\u00f3 d\u2019enguany.<\/p>\n<p><a href=\"https:\/\/drive.google.com\/file\/d\/1orC1wk4ZJp9t8yqssv8eOfHuJ-IeSadr\/view?usp=sharing\" target=\"_blank\" rel=\"noopener\"><img loading=\"lazy\" decoding=\"async\" class=\"alignleft wp-image-18508 size-full\" src=\"https:\/\/serveiseducatius.xtec.cat\/segarra\/wp-content\/uploads\/usu1148\/2023\/05\/docsteens23.png\" alt=\"\" width=\"220\" height=\"250\" \/><\/a><\/p>\n","protected":false},"excerpt":{"rendered":"<p>La\u00a0secci\u00f3\u00a0DOCS&amp;TEENS, del\u00a0festival\u00a0DOCSBARCELONA, apropa el documental\u00a0a les\u00a0aules d\u2019ESO\u00a0i\u00a0batxillerat.<br \/>\nA trav\u00e9s de la seva sala virtual, es podran organitzar\u00a0sessions de cinema amb l\u2019alumnat\u00a0i veure en l\u00ednia i de manera gratu\u00efta els quatre documentals que es proposen per aquesta edici\u00f3.<br \/>\nLa secci\u00f3 presenta una programaci\u00f3 destinada a contribuir a sensibilitzar&hellip;  <a href=\"https:\/\/serveiseducatius.xtec.cat\/segarra\/general\/docsteens-2023\/\" title=\"Read Docs&#038;Teens 2023\">Llegeix m\u00e9s\u00bb<\/a><\/p>\n","protected":false},"author":4,"featured_media":18508,"comment_status":"closed","ping_status":"closed","sticky":false,"template":"","format":"standard","meta":{"_bbp_topic_count":0,"_bbp_reply_count":0,"_bbp_total_topic_count":0,"_bbp_total_reply_count":0,"_bbp_voice_count":0,"_bbp_anonymous_reply_count":0,"_bbp_topic_count_hidden":0,"_bbp_reply_count_hidden":0,"_bbp_forum_subforum_count":0,"footnotes":""},"categories":[1,235,29],"tags":[1137,1135,1114,543,1136],"class_list":["post-18502","post","type-post","status-publish","format-standard","has-post-thumbnail","hentry","category-general","category-formacio_ins","category-portada","tag-docsteens","tag-debat","tag-documentals","tag-recursos-en-linea","tag-tematiques-socials"],"post_mailing_queue_ids":[],"_links":{"self":[{"href":"https:\/\/serveiseducatius.xtec.cat\/segarra\/wp-json\/wp\/v2\/posts\/18502","targetHints":{"allow":["GET"]}}],"collection":[{"href":"https:\/\/serveiseducatius.xtec.cat\/segarra\/wp-json\/wp\/v2\/posts"}],"about":[{"href":"https:\/\/serveiseducatius.xtec.cat\/segarra\/wp-json\/wp\/v2\/types\/post"}],"author":[{"embeddable":true,"href":"https:\/\/serveiseducatius.xtec.cat\/segarra\/wp-json\/wp\/v2\/users\/4"}],"replies":[{"embeddable":true,"href":"https:\/\/serveiseducatius.xtec.cat\/segarra\/wp-json\/wp\/v2\/comments?post=18502"}],"version-history":[{"count":3,"href":"https:\/\/serveiseducatius.xtec.cat\/segarra\/wp-json\/wp\/v2\/posts\/18502\/revisions"}],"predecessor-version":[{"id":18514,"href":"https:\/\/serveiseducatius.xtec.cat\/segarra\/wp-json\/wp\/v2\/posts\/18502\/revisions\/18514"}],"wp:featuredmedia":[{"embeddable":true,"href":"https:\/\/serveiseducatius.xtec.cat\/segarra\/wp-json\/wp\/v2\/media\/18508"}],"wp:attachment":[{"href":"https:\/\/serveiseducatius.xtec.cat\/segarra\/wp-json\/wp\/v2\/media?parent=18502"}],"wp:term":[{"taxonomy":"category","embeddable":true,"href":"https:\/\/serveiseducatius.xtec.cat\/segarra\/wp-json\/wp\/v2\/categories?post=18502"},{"taxonomy":"post_tag","embeddable":true,"href":"https:\/\/serveiseducatius.xtec.cat\/segarra\/wp-json\/wp\/v2\/tags?post=18502"}],"curies":[{"name":"wp","href":"https:\/\/api.w.org\/{rel}","templated":true}]}}