{"id":17902,"date":"2023-02-10T09:37:25","date_gmt":"2023-02-10T08:37:25","guid":{"rendered":"https:\/\/serveiseducatius.xtec.cat\/segarra\/?p=17902"},"modified":"2023-02-13T16:05:21","modified_gmt":"2023-02-13T15:05:21","slug":"taller-virtual-de-transformacio-linguistica-i-cultural-mou-el-catala-dirigida-al-monitoratge","status":"publish","type":"post","link":"https:\/\/serveiseducatius.xtec.cat\/segarra\/general\/taller-virtual-de-transformacio-linguistica-i-cultural-mou-el-catala-dirigida-al-monitoratge\/","title":{"rendered":"Taller virtual de transformaci\u00f3 ling\u00fc\u00edstica i cultural &#8220;Mou el catal\u00e0&#8221;"},"content":{"rendered":"<p><span style=\"color: #000000;font-family: arial, sans-serif\"><b><span class=\"il\">El<\/span> dilluns 13 de febrer, de les 19 a les 21 h, tindr\u00e0 lloc aquest taller virtual dirigit al monitoratge de la Segarra,<\/b> a c\u00e0rrec de Jordi Pujol Nadal, llicenciat en Filologia catalana i dinamitzador ling\u00fc\u00edstic en l&#8217;\u00e0mbit universitari. <img loading=\"lazy\" decoding=\"async\" class=\"wp-image-17903 alignright\" src=\"https:\/\/serveiseducatius.xtec.cat\/segarra\/wp-content\/uploads\/usu1148\/2023\/02\/SEGARRA-Mou-el-Catala-1-724x1024.jpg\" alt=\"\" width=\"290\" height=\"410\" srcset=\"https:\/\/serveiseducatius.xtec.cat\/segarra\/wp-content\/uploads\/usu1148\/2023\/02\/SEGARRA-Mou-el-Catala-1-724x1024.jpg 724w, https:\/\/serveiseducatius.xtec.cat\/segarra\/wp-content\/uploads\/usu1148\/2023\/02\/SEGARRA-Mou-el-Catala-1-212x300.jpg 212w, https:\/\/serveiseducatius.xtec.cat\/segarra\/wp-content\/uploads\/usu1148\/2023\/02\/SEGARRA-Mou-el-Catala-1-768x1086.jpg 768w, https:\/\/serveiseducatius.xtec.cat\/segarra\/wp-content\/uploads\/usu1148\/2023\/02\/SEGARRA-Mou-el-Catala-1-1086x1536.jpg 1086w, https:\/\/serveiseducatius.xtec.cat\/segarra\/wp-content\/uploads\/usu1148\/2023\/02\/SEGARRA-Mou-el-Catala-1.jpg 1414w\" sizes=\"auto, (max-width: 290px) 100vw, 290px\" \/><br \/>\n<\/span><\/p>\n<p><span style=\"color: #000000;font-family: arial, sans-serif\">L\u2019objectiu d\u2019aquesta trobada \u00e9s poder reflexionar, conjuntament,\u00a0envers els usos ling\u00fc\u00edstics en l\u2019\u00e0m<\/span><span style=\"font-size: 1em;color: #000000;font-family: arial, sans-serif\">bit de l\u2019educaci\u00f3 no formal i <\/span><span class=\"il\" style=\"font-size: 1em;color: #000000;font-family: arial, sans-serif\">el<\/span><span style=\"font-size: 1em;color: #000000;font-family: arial, sans-serif\">\u00a0treball en aquesta l\u00ednia de promoci\u00f3 i \u00fas de\u00a0<\/span><span class=\"il\" style=\"font-size: 1em;color: #000000;font-family: arial, sans-serif\">la<\/span><span style=\"font-size: 1em;color: #000000;font-family: arial, sans-serif\">\u00a0llengua catalana des d\u2019una perspectiva comunit\u00e0ria, inclusiva i emprant-<\/span><span class=\"il\" style=\"font-size: 1em;color: #000000;font-family: arial, sans-serif\">la<\/span><span style=\"font-size: 1em;color: #000000;font-family: arial, sans-serif\"> com a element de cohesi\u00f3 social.<\/span><\/p>\n<p><span style=\"font-family: arial, sans-serif\"><span style=\"color: #000000\"><b>L&#8217;activitat ser\u00e0 reconeguda a trav\u00e9s d&#8217;un document que acreditar\u00e0 l&#8217;assist\u00e8ncia<\/b><b>.\u00a0<\/b><\/span><\/span><\/p>\n<p><span style=\"font-family: arial, sans-serif\"><span style=\"color: #000000\"><b>Poc abans del taller, es facilitar\u00e0 l&#8217;enlla\u00e7 de\u00a0<span class=\"il\">la<\/span>\u00a0trobada<\/b>\u00a0a les persones que hagin realitzat\u00a0<span class=\"il\">la<\/span>\u00a0<b>inscripci\u00f3<\/b>\u00a0a trav\u00e9s\u00a0<\/span><a href=\"https:\/\/docs.google.com\/forms\/d\/e\/1FAIpQLSd_c1te_pYHnoq7EengxNrKGorJb62FGC-IQ3gNojHc2aMnqg\/viewform\" target=\"_blank\" rel=\"noopener\" data-saferedirecturl=\"https:\/\/www.google.com\/url?q=https:\/\/docs.google.com\/forms\/d\/e\/1FAIpQLSd_c1te_pYHnoq7EengxNrKGorJb62FGC-IQ3gNojHc2aMnqg\/viewform&amp;source=gmail&amp;ust=1676104063136000&amp;usg=AOvVaw1cV9TQutc3ohSF4fqsEBnv\"><b><span style=\"color: #ff9900\">d&#8217;aquest formulari<\/span><\/b><\/a><span style=\"color: #000000\">.<\/span><br \/>\n<\/span><\/p>\n<p><span style=\"color: #000000;font-family: arial, sans-serif\"><span class=\"il\">El<\/span>\u00a0taller est\u00e0\u00a0<b>obert a tots\u00a0els monitors i monitores de\u00a0<span class=\"il\">la<\/span>\u00a0comarca,\u00a0<\/b>i tamb\u00e9 a <span class=\"il\">la<\/span>\u00a0gent que pugui estar-hi interessada.<b>\u00a0<\/b>\u00a0<\/span><\/p>\n<p>Aquesta activitat formativa est\u00e0 coordinada per l&#8217;ELIC ST Lleida, el Pla Educatiu d&#8217;Entorn de Cervera i el Pla Educatiu de Guissona.<\/p>\n<p><span style=\"color: #000000;font-family: arial, sans-serif\">Ens veiem\u00a0<span class=\"il\">el<\/span>\u00a0<b>dilluns 13 de febrer 19 h! Movem\u00a0<span class=\"il\">el<\/span>\u00a0<span class=\"il\">catal\u00e0<\/span>\u00a0entre tots i totes!<\/b><\/span><\/p>\n<p>&nbsp;<\/p>\n","protected":false},"excerpt":{"rendered":"<p>El dilluns 13 de febrer, de les 19 a les 21 h, tindr\u00e0 lloc aquest taller virtual dirigit al monitoratge de la Segarra, a c\u00e0rrec de Jordi Pujol Nadal, llicenciat en Filologia catalana i dinamitzador ling\u00fc\u00edstic en l&#8217;\u00e0mbit universitari. <\/p>\n<p>L\u2019objectiu d\u2019aquesta trobada \u00e9s poder reflexionar,&hellip;  <a href=\"https:\/\/serveiseducatius.xtec.cat\/segarra\/general\/taller-virtual-de-transformacio-linguistica-i-cultural-mou-el-catala-dirigida-al-monitoratge\/\" title=\"Read Taller virtual de transformaci\u00f3 ling\u00fc\u00edstica i cultural &#8220;Mou el catal\u00e0&#8221;\">Llegeix m\u00e9s\u00bb<\/a><\/p>\n","protected":false},"author":594,"featured_media":17903,"comment_status":"closed","ping_status":"closed","sticky":false,"template":"","format":"standard","meta":{"_bbp_topic_count":0,"_bbp_reply_count":0,"_bbp_total_topic_count":0,"_bbp_total_reply_count":0,"_bbp_voice_count":0,"_bbp_anonymous_reply_count":0,"_bbp_topic_count_hidden":0,"_bbp_reply_count_hidden":0,"_bbp_forum_subforum_count":0,"footnotes":""},"categories":[1,75,29],"tags":[1071,683,1070,1072,825],"class_list":["post-17902","post","type-post","status-publish","format-standard","has-post-thumbnail","hentry","category-general","category-pee","category-portada","tag-educacio-no-formal","tag-interculturalitat","tag-mou-el-catala","tag-parlem-en-catala","tag-usos-linguistics"],"post_mailing_queue_ids":[],"_links":{"self":[{"href":"https:\/\/serveiseducatius.xtec.cat\/segarra\/wp-json\/wp\/v2\/posts\/17902","targetHints":{"allow":["GET"]}}],"collection":[{"href":"https:\/\/serveiseducatius.xtec.cat\/segarra\/wp-json\/wp\/v2\/posts"}],"about":[{"href":"https:\/\/serveiseducatius.xtec.cat\/segarra\/wp-json\/wp\/v2\/types\/post"}],"author":[{"embeddable":true,"href":"https:\/\/serveiseducatius.xtec.cat\/segarra\/wp-json\/wp\/v2\/users\/594"}],"replies":[{"embeddable":true,"href":"https:\/\/serveiseducatius.xtec.cat\/segarra\/wp-json\/wp\/v2\/comments?post=17902"}],"version-history":[{"count":2,"href":"https:\/\/serveiseducatius.xtec.cat\/segarra\/wp-json\/wp\/v2\/posts\/17902\/revisions"}],"predecessor-version":[{"id":17905,"href":"https:\/\/serveiseducatius.xtec.cat\/segarra\/wp-json\/wp\/v2\/posts\/17902\/revisions\/17905"}],"wp:featuredmedia":[{"embeddable":true,"href":"https:\/\/serveiseducatius.xtec.cat\/segarra\/wp-json\/wp\/v2\/media\/17903"}],"wp:attachment":[{"href":"https:\/\/serveiseducatius.xtec.cat\/segarra\/wp-json\/wp\/v2\/media?parent=17902"}],"wp:term":[{"taxonomy":"category","embeddable":true,"href":"https:\/\/serveiseducatius.xtec.cat\/segarra\/wp-json\/wp\/v2\/categories?post=17902"},{"taxonomy":"post_tag","embeddable":true,"href":"https:\/\/serveiseducatius.xtec.cat\/segarra\/wp-json\/wp\/v2\/tags?post=17902"}],"curies":[{"name":"wp","href":"https:\/\/api.w.org\/{rel}","templated":true}]}}