{"id":17870,"date":"2023-02-02T10:11:47","date_gmt":"2023-02-02T09:11:47","guid":{"rendered":"https:\/\/serveiseducatius.xtec.cat\/segarra\/?p=17870"},"modified":"2023-02-02T10:11:47","modified_gmt":"2023-02-02T09:11:47","slug":"down-lleida-xiii-jornada-tecnica-sobre-educacio-inclusiva","status":"publish","type":"post","link":"https:\/\/serveiseducatius.xtec.cat\/segarra\/general\/down-lleida-xiii-jornada-tecnica-sobre-educacio-inclusiva\/","title":{"rendered":"Down Lleida: XIII Jornada T\u00e8cnica sobre educaci\u00f3 inclusiva"},"content":{"rendered":"<p><img loading=\"lazy\" decoding=\"async\" class=\" wp-image-17873 alignleft\" src=\"https:\/\/serveiseducatius.xtec.cat\/segarra\/wp-content\/uploads\/usu1148\/2023\/02\/image004.png\" alt=\"\" width=\"349\" height=\"437\" srcset=\"https:\/\/serveiseducatius.xtec.cat\/segarra\/wp-content\/uploads\/usu1148\/2023\/02\/image004.png 337w, https:\/\/serveiseducatius.xtec.cat\/segarra\/wp-content\/uploads\/usu1148\/2023\/02\/image004-240x300.png 240w\" sizes=\"auto, (max-width: 349px) 100vw, 349px\" \/>El dissabte dia 11 de febrer de 2023\u00a0 tindr\u00e0 lloc la XIII Jornada T\u00e8cnica DOWN LLEIDA sobre educaci\u00f3 inclusiva, dirigida a docents, fam\u00edlies, alumnat i totes aquelles persones amb inter\u00e8s per la tem\u00e0tica.<\/p>\n<p>La jornada compta amb el suport de l\u2019Institut de Ci\u00e8ncies de l\u2019Educaci\u00f3 de la UDL i la Fundaci\u00f3n Mapfre.<br \/>\nS\u2019ha organitzat a la <strong>Universitat de Lleida, a l\u2019edifici de la Facultat de Dret, Economia i Turisme (FDET), aula -1.04.<\/strong><\/p>\n<p><a href=\"https:\/\/forms.office.com\/e\/xug3VVZFCt\" target=\"_blank\" rel=\"noopener\"><strong>INSCRIPCIONS<\/strong><\/a><\/p>\n<p><strong>Programa<\/strong>:<\/p>\n<p>9:00 Lliurament de la documentaci\u00f3<br \/>\n9:30 Inauguraci\u00f3 de la jornada<br \/>\n9:45 L\u2019APRENENTATGE COOPERATIU: una metodologia afavoridora de la pres\u00e8ncia, participaci\u00f3 i l\u2019aprenentatge de tot l\u2019alumnat. A c\u00e0rrec de Jes\u00fas Soldevila<br \/>\n11:30 PAUSA<br \/>\n12:00 TAULA RODONA: Fem xarxa per l\u2019educaci\u00f3 inclusiva.<br \/>\n13:00 Final de la jornada<\/p>\n<p>&nbsp;<\/p>\n<p><img loading=\"lazy\" decoding=\"async\" class=\"aligncenter wp-image-17876\" src=\"https:\/\/serveiseducatius.xtec.cat\/segarra\/wp-content\/uploads\/usu1148\/2023\/02\/13aJornadaDownLleida2023.jpg-scaled.jpg\" alt=\"\" width=\"793\" height=\"1121\" srcset=\"https:\/\/serveiseducatius.xtec.cat\/segarra\/wp-content\/uploads\/usu1148\/2023\/02\/13aJornadaDownLleida2023.jpg-scaled.jpg 1810w, https:\/\/serveiseducatius.xtec.cat\/segarra\/wp-content\/uploads\/usu1148\/2023\/02\/13aJornadaDownLleida2023.jpg-212x300.jpg 212w, https:\/\/serveiseducatius.xtec.cat\/segarra\/wp-content\/uploads\/usu1148\/2023\/02\/13aJornadaDownLleida2023.jpg-724x1024.jpg 724w, https:\/\/serveiseducatius.xtec.cat\/segarra\/wp-content\/uploads\/usu1148\/2023\/02\/13aJornadaDownLleida2023.jpg-768x1086.jpg 768w, https:\/\/serveiseducatius.xtec.cat\/segarra\/wp-content\/uploads\/usu1148\/2023\/02\/13aJornadaDownLleida2023.jpg-1086x1536.jpg 1086w, https:\/\/serveiseducatius.xtec.cat\/segarra\/wp-content\/uploads\/usu1148\/2023\/02\/13aJornadaDownLleida2023.jpg-1448x2048.jpg 1448w\" sizes=\"auto, (max-width: 793px) 100vw, 793px\" \/><\/p>\n<p>&nbsp;<\/p>\n","protected":false},"excerpt":{"rendered":"<p>El dissabte dia 11 de febrer de 2023\u00a0 tindr\u00e0 lloc la XIII Jornada T\u00e8cnica DOWN LLEIDA sobre educaci\u00f3 inclusiva, dirigida a docents, fam\u00edlies, alumnat i totes aquelles persones amb inter\u00e8s per la tem\u00e0tica.<br \/>\nLa jornada compta amb el suport de l\u2019Institut de Ci\u00e8ncies de l\u2019Educaci\u00f3 de&hellip;  <a href=\"https:\/\/serveiseducatius.xtec.cat\/segarra\/general\/down-lleida-xiii-jornada-tecnica-sobre-educacio-inclusiva\/\" title=\"Read Down Lleida: XIII Jornada T\u00e8cnica sobre educaci\u00f3 inclusiva\">Llegeix m\u00e9s\u00bb<\/a><\/p>\n","protected":false},"author":4,"featured_media":17875,"comment_status":"closed","ping_status":"closed","sticky":false,"template":"","format":"standard","meta":{"_bbp_topic_count":0,"_bbp_reply_count":0,"_bbp_total_topic_count":0,"_bbp_total_reply_count":0,"_bbp_voice_count":0,"_bbp_anonymous_reply_count":0,"_bbp_topic_count_hidden":0,"_bbp_reply_count_hidden":0,"_bbp_forum_subforum_count":0,"footnotes":""},"categories":[65,251,67,154,1,235,29],"tags":[1067,226,501,347],"class_list":["post-17870","post","type-post","status-publish","format-standard","has-post-thumbnail","hentry","category-crp","category-dinamica-educativa","category-eap","category-formacio","category-general","category-formacio_ins","category-portada","tag-down","tag-formacio","tag-inclusio","tag-jornada"],"post_mailing_queue_ids":[],"_links":{"self":[{"href":"https:\/\/serveiseducatius.xtec.cat\/segarra\/wp-json\/wp\/v2\/posts\/17870","targetHints":{"allow":["GET"]}}],"collection":[{"href":"https:\/\/serveiseducatius.xtec.cat\/segarra\/wp-json\/wp\/v2\/posts"}],"about":[{"href":"https:\/\/serveiseducatius.xtec.cat\/segarra\/wp-json\/wp\/v2\/types\/post"}],"author":[{"embeddable":true,"href":"https:\/\/serveiseducatius.xtec.cat\/segarra\/wp-json\/wp\/v2\/users\/4"}],"replies":[{"embeddable":true,"href":"https:\/\/serveiseducatius.xtec.cat\/segarra\/wp-json\/wp\/v2\/comments?post=17870"}],"version-history":[{"count":3,"href":"https:\/\/serveiseducatius.xtec.cat\/segarra\/wp-json\/wp\/v2\/posts\/17870\/revisions"}],"predecessor-version":[{"id":17877,"href":"https:\/\/serveiseducatius.xtec.cat\/segarra\/wp-json\/wp\/v2\/posts\/17870\/revisions\/17877"}],"wp:featuredmedia":[{"embeddable":true,"href":"https:\/\/serveiseducatius.xtec.cat\/segarra\/wp-json\/wp\/v2\/media\/17875"}],"wp:attachment":[{"href":"https:\/\/serveiseducatius.xtec.cat\/segarra\/wp-json\/wp\/v2\/media?parent=17870"}],"wp:term":[{"taxonomy":"category","embeddable":true,"href":"https:\/\/serveiseducatius.xtec.cat\/segarra\/wp-json\/wp\/v2\/categories?post=17870"},{"taxonomy":"post_tag","embeddable":true,"href":"https:\/\/serveiseducatius.xtec.cat\/segarra\/wp-json\/wp\/v2\/tags?post=17870"}],"curies":[{"name":"wp","href":"https:\/\/api.w.org\/{rel}","templated":true}]}}