{"id":17731,"date":"2023-01-19T12:31:08","date_gmt":"2023-01-19T11:31:08","guid":{"rendered":"https:\/\/serveiseducatius.xtec.cat\/segarra\/?p=17731"},"modified":"2023-01-19T12:31:48","modified_gmt":"2023-01-19T11:31:48","slug":"plataforma-stemarium","status":"publish","type":"post","link":"https:\/\/serveiseducatius.xtec.cat\/segarra\/portada\/plataforma-stemarium\/","title":{"rendered":"Plataforma STEMarium"},"content":{"rendered":"<p><img loading=\"lazy\" decoding=\"async\" class=\"size-full wp-image-17745 alignleft\" src=\"https:\/\/serveiseducatius.xtec.cat\/segarra\/wp-content\/uploads\/usu1148\/2023\/01\/STEMarium1.jpg\" alt=\"\" width=\"505\" height=\"423\" srcset=\"https:\/\/serveiseducatius.xtec.cat\/segarra\/wp-content\/uploads\/usu1148\/2023\/01\/STEMarium1.jpg 505w, https:\/\/serveiseducatius.xtec.cat\/segarra\/wp-content\/uploads\/usu1148\/2023\/01\/STEMarium1-300x250.jpg 300w\" sizes=\"auto, (max-width: 505px) 100vw, 505px\" \/><span style=\"font-size: 14pt;\"><a href=\"https:\/\/stemarium.gestioeducativa.gencat.cat\/\" target=\"_blank\" rel=\"noopener\"><strong>STEMarium<\/strong> <\/a><\/span>\u00e9s la comunitat d&#8217;intercanvi d&#8217;idees, experi\u00e8ncies i recursos de lliure acc\u00e9s en catal\u00e0 per a l&#8217;educaci\u00f3 STEM. Una plataforma feta per, i, per a la comunitat STEM.<\/p>\n<p>STEMarium s\u2019emmarca dins del <a href=\"https:\/\/drive.google.com\/file\/d\/1KZIA10CRgW_rri_-wr3ok2p_GtoF8FZ_\/view?usp=share_link\" target=\"_blank\" rel=\"noopener\"><strong>pla STEMcat<\/strong> de la Generalitat de Catalunya<\/a> i ha estat impulsat pel Departament d\u2019Educaci\u00f3 de la Generalitat de Catalunya, la Fundaci\u00f3 Banc\u00e0ria \u201cla Caixa\u201d, el Centre de Recerca per a l\u2019Educaci\u00f3 Cient\u00edfica i Matem\u00e0tica de la UAB (CRECIM-UAB) i la Fundaci\u00f3 Catalana per a la Recerca i la Innovaci\u00f3 (FCRI). Es va estrenar l&#8217;any 2022.<\/p>\n<div data-content=\"\">\n<div class=\"answer_container\">\n<p>STEMarium est\u00e0 adre\u00e7at a qualsevol persona interessada en l\u2019\u00e0mbit STEM, ja sigui per la seva implicaci\u00f3 en la doc\u00e8ncia d\u2019aquestes disciplines o per la seva professionalitzaci\u00f3, com docents, educadors\/ores i altres experts del m\u00f3n educatiu, aix\u00ed com a professionals de l\u2019\u00e0mbit cient\u00edfic i tecnol\u00f2gic que estiguin interessats a col\u00b7laborar, a escala personal o institucional, en l\u2019educaci\u00f3 STEM a les aules. No es permet la participaci\u00f3 d\u2019empreses o entitats amb \u00e0nim de lucre amb l\u2019objectiu que a la plataforma no se li pugui donar cap \u00fas comercial, ja que no ha estat creada amb aquesta finalitat.<\/p>\n<\/div>\n<\/div>\n<p>A la secci\u00f3 de recursos es pot trobar un repositori de materials i pr\u00e0ctiques reals que es poden aplicar directament a l\u2019aula o que ajuden a dissenyar nous recursos o projectes adaptats al teu alumnat. Es pot fer cerca per nivells, \u00e0rees, durada de les activitats, mat\u00e8ries, etc. Tamb\u00e9 permet pujar els recursos propis. Per poder accedir-hi cal estar inscrit, i es passa a ser membre de la comunitat STEM.<\/p>\n<div data-content=\"\">\n<div class=\"answer_container\">\n<div>\n<p>La comunitat STEMarium \u00e9s el conjunt de persones usu\u00e0ries de la plataforma que col\u00b7laboren de forma virtual i din\u00e0mica, per tal de compartir, desenvolupar o avaluar projectes d\u2019educaci\u00f3 \u00a0STEM, aix\u00ed com intercanviar experi\u00e8ncies i generar col\u00b7laboracions.\u00a0Dins l\u2019apartat \u201cComunitat\u201d es poden trobar tots els seus membres a trav\u00e9s d\u2019un cercador i tamb\u00e9 les ofertes formatives que poden ser d\u2019inter\u00e8s per la comunitat, aix\u00ed com l\u2019agenda d\u2019activitats i esdeveniments que ofereixen les entitats col\u00b7laboradores.<\/p>\n<\/div>\n<\/div>\n<\/div>\n<p>&nbsp;<\/p>\n","protected":false},"excerpt":{"rendered":"<p><a href=\"https:\/\/stemarium.gestioeducativa.gencat.cat\/\" target=\"_blank\" rel=\"noopener\">STEMarium <\/a>\u00e9s la comunitat d&#8217;intercanvi d&#8217;idees, experi\u00e8ncies i recursos de lliure acc\u00e9s en catal\u00e0 per a l&#8217;educaci\u00f3 STEM. Una plataforma feta per, i, per a la comunitat STEM.<br \/>\nSTEMarium s\u2019emmarca dins del <a href=\"https:\/\/drive.google.com\/file\/d\/1KZIA10CRgW_rri_-wr3ok2p_GtoF8FZ_\/view?usp=share_link\" target=\"_blank\" rel=\"noopener\">pla STEMcat de la Generalitat de Catalunya<\/a> i&hellip;  <a href=\"https:\/\/serveiseducatius.xtec.cat\/segarra\/portada\/plataforma-stemarium\/\" title=\"Read Plataforma STEMarium\">Llegeix m\u00e9s\u00bb<\/a><\/p>\n","protected":false},"author":4,"featured_media":17753,"comment_status":"closed","ping_status":"closed","sticky":false,"template":"","format":"standard","meta":{"_bbp_topic_count":0,"_bbp_reply_count":0,"_bbp_total_topic_count":0,"_bbp_total_reply_count":0,"_bbp_voice_count":0,"_bbp_anonymous_reply_count":0,"_bbp_topic_count_hidden":0,"_bbp_reply_count_hidden":0,"_bbp_forum_subforum_count":0,"footnotes":""},"categories":[65,251,424,29,448],"tags":[1048,1049,86,571,41,313,300],"class_list":["post-17731","post","type-post","status-publish","format-standard","has-post-thumbnail","hentry","category-crp","category-dinamica-educativa","category-inno","category-portada","category-steam","tag-stem","tag-stemarium","tag-ciencies","tag-comunitat","tag-matematiques","tag-recursos","tag-tecnologia"],"post_mailing_queue_ids":[],"_links":{"self":[{"href":"https:\/\/serveiseducatius.xtec.cat\/segarra\/wp-json\/wp\/v2\/posts\/17731","targetHints":{"allow":["GET"]}}],"collection":[{"href":"https:\/\/serveiseducatius.xtec.cat\/segarra\/wp-json\/wp\/v2\/posts"}],"about":[{"href":"https:\/\/serveiseducatius.xtec.cat\/segarra\/wp-json\/wp\/v2\/types\/post"}],"author":[{"embeddable":true,"href":"https:\/\/serveiseducatius.xtec.cat\/segarra\/wp-json\/wp\/v2\/users\/4"}],"replies":[{"embeddable":true,"href":"https:\/\/serveiseducatius.xtec.cat\/segarra\/wp-json\/wp\/v2\/comments?post=17731"}],"version-history":[{"count":3,"href":"https:\/\/serveiseducatius.xtec.cat\/segarra\/wp-json\/wp\/v2\/posts\/17731\/revisions"}],"predecessor-version":[{"id":17752,"href":"https:\/\/serveiseducatius.xtec.cat\/segarra\/wp-json\/wp\/v2\/posts\/17731\/revisions\/17752"}],"wp:featuredmedia":[{"embeddable":true,"href":"https:\/\/serveiseducatius.xtec.cat\/segarra\/wp-json\/wp\/v2\/media\/17753"}],"wp:attachment":[{"href":"https:\/\/serveiseducatius.xtec.cat\/segarra\/wp-json\/wp\/v2\/media?parent=17731"}],"wp:term":[{"taxonomy":"category","embeddable":true,"href":"https:\/\/serveiseducatius.xtec.cat\/segarra\/wp-json\/wp\/v2\/categories?post=17731"},{"taxonomy":"post_tag","embeddable":true,"href":"https:\/\/serveiseducatius.xtec.cat\/segarra\/wp-json\/wp\/v2\/tags?post=17731"}],"curies":[{"name":"wp","href":"https:\/\/api.w.org\/{rel}","templated":true}]}}