{"id":17609,"date":"2023-01-09T12:02:24","date_gmt":"2023-01-09T11:02:24","guid":{"rendered":"https:\/\/serveiseducatius.xtec.cat\/segarra\/?p=17609"},"modified":"2023-01-09T12:03:51","modified_gmt":"2023-01-09T11:03:51","slug":"recomanacions-lectores-per-a-infants-i-joves","status":"publish","type":"post","link":"https:\/\/serveiseducatius.xtec.cat\/segarra\/general\/recomanacions-lectores-per-a-infants-i-joves\/","title":{"rendered":"Recomanacions lectores per a infants i joves"},"content":{"rendered":"<p><span style=\"font-family: inherit; font-size: 1em;\">Amb l\u2019objectiu d\u2019estimular la lectura, <\/span><strong>Ibbycat<\/strong> (Consell catal\u00e0 del llibre infantil i juvenil), com cada any en aquestes dates, <span style=\"font-family: inherit; font-size: 1em;\">publica una guia amb recomanacions lectores per als infants i joves, dins el programa Municipi Lector<\/span><span style=\"font-family: inherit; font-size: 1em;\">.<\/span><\/p>\n<div class=\"elementor-element elementor-element-2cbe54e elementor-widget elementor-widget-ae-post-content\" data-id=\"2cbe54e\" data-element_type=\"widget\" data-widget_type=\"ae-post-content.default\">\n<div class=\"elementor-widget-container\">\n<div class=\"ae-element-post-content\">\n<p>Podeu visualitzar<strong>\u00a0<\/strong><span style=\"font-family: inherit; font-size: 1em;\">la presentaci\u00f3 que els mateixos autors, la <\/span><a style=\"font-family: inherit; font-size: 1em;\" href=\"https:\/\/www.cccb.org\/ca\/participants\/fitxa\/gloria-gorchs\/226528\">Gl\u00f2ria Gorchs<\/a><span style=\"font-family: inherit; font-size: 1em;\">\u00a0i en\u00a0<\/span><a style=\"font-family: inherit; font-size: 1em;\" href=\"https:\/\/fundaciobofill.cat\/persona\/portell-joan\">Joan Portell<\/a><span style=\"font-family: inherit; font-size: 1em;\">, cr\u00edtics i especialistes en literatura infantil i juvenil\u00a0<\/span><span style=\"font-family: inherit; font-size: 1em;\">van fer al <\/span><strong style=\"font-family: inherit; font-size: 1em;\"><a style=\"font-family: inherit; font-size: 1em;\" href=\"https:\/\/www.youtube.com\/channel\/UCyMnZEM6JPoX3UtXDbz5w5Q\" target=\"_blank\" rel=\"noopener noreferrer\">canal de YouTube <\/a><\/strong><a style=\"font-family: inherit; font-size: 1em;\" href=\"https:\/\/www.youtube.com\/channel\/UCyMnZEM6JPoX3UtXDbz5w5Q\" target=\"_blank\" rel=\"noopener noreferrer\">del <\/a><a href=\"https:\/\/www.youtube.com\/channel\/UCyMnZEM6JPoX3UtXDbz5w5Q\" target=\"_blank\" rel=\"noopener\"><strong style=\"font-family: inherit; font-size: 1em;\">Ibbycat <\/strong><\/a><span style=\"font-family: inherit; font-size: 1em;\">de la guia de recomanacions lectores hivernals per a infants de totes les edats<\/span><span style=\"font-family: inherit; font-size: 1em;\">.\u00a0<\/span><\/p>\n<p><iframe loading=\"lazy\" title=\"YouTube video player\" src=\"https:\/\/www.youtube.com\/embed\/mjr2UlUVXfI\" width=\"560\" height=\"315\" frameborder=\"0\" allowfullscreen=\"allowfullscreen\"><\/iframe><\/p>\n<p>A m\u00e9s d&#8217;aquesta guia que han elaborat des de l\u2019<strong>Ibbycat<\/strong>\u00a0per aquest hivern de\u00a0<strong>Municipi Lector<\/strong> i que podeu descarregar <a href=\"https:\/\/www.ibbycat.cat\/seleccio-municipi-lector-hivern-2022\/\" target=\"_blank\" rel=\"noopener\">aqu\u00ed<\/a>, tamb\u00e9 us deixem els enlla\u00e7os amb m\u00e9s seleccions publicades recentment i que no us podeu perdre:<br \/>\n<a href=\"https:\/\/www.rosasensat.org\/wp-content\/uploads\/2022\/12\/El-Garbell-Hivern-26.pdf\" target=\"_blank\" rel=\"noopener\">El Garbell n\u00ba 26 \u2013 Hivern 2022<\/a><br \/>\n<a href=\"https:\/\/www.bibgirona.cat\/assets\/documents\/000\/466\/086\/guia_hivern_2023.pdf\" target=\"_blank\" rel=\"noopener\">Grup Cler \u2013 Hivern 2022<\/a><br \/>\n<a href=\"https:\/\/slpjplus.fr\/pepites\/pepites-2022-la-selection\/\" target=\"_blank\" rel=\"noopener\">Les P\u00e9pites (Montreuil 2022)<\/a><br \/>\n<a href=\"https:\/\/www.vilaweb.cat\/noticies\/especial-llibres-per-nadal-60-titols-infantils-i-juvenils\/\" target=\"_blank\" rel=\"noopener\">Especial llibres per Nadal: 60 t\u00edtols infantils i juvenils\u00a0(Vilaweb)<\/a><br \/>\n<a href=\"https:\/\/llibresalrepla.cat\/?p=6532\" target=\"_blank\" rel=\"noopener\">El Repl\u00e0 es vesteix de Nadal (blog Llibres al repl\u00e0)<\/a><\/p>\n<\/div>\n<\/div>\n<\/div>\n<p><a href=\"https:\/\/serveiseducatius.xtec.cat\/segarra\/biblioteca-escolar\/llibres-recomanats\/\" target=\"_blank\" rel=\"noopener\"><img loading=\"lazy\" decoding=\"async\" class=\" wp-image-15058 alignleft\" src=\"https:\/\/serveiseducatius.xtec.cat\/segarra\/wp-content\/uploads\/usu1148\/2021\/11\/llibres-recomanats.png\" alt=\"\" width=\"254\" height=\"384\" srcset=\"https:\/\/serveiseducatius.xtec.cat\/segarra\/wp-content\/uploads\/usu1148\/2021\/11\/llibres-recomanats.png 331w, https:\/\/serveiseducatius.xtec.cat\/segarra\/wp-content\/uploads\/usu1148\/2021\/11\/llibres-recomanats-198x300.png 198w\" sizes=\"auto, (max-width: 254px) 100vw, 254px\" \/><\/a>M\u00e9s espais dedicats a recomanacions de bons llibres per a totes les edats: visiteu l&#8217;espai de<a href=\"https:\/\/serveiseducatius.xtec.cat\/segarra\/categoria\/dinamitzacio\/biblioteca-escolar\/\" target=\"_blank\" rel=\"noopener\"> Biblioteca Escolar<\/a> del Nodes del SE de la Segarra, en l&#8217;apartat &#8220;<a href=\"https:\/\/serveiseducatius.xtec.cat\/segarra\/biblioteca-escolar\/llibres-recomanats\/\" target=\"_blank\" rel=\"noopener\">Llibres recomanats<\/a>&#8221;<\/p>\n<p><strong>Desitgem que us siguin d\u2019utilitat i que les gaudiu!<\/strong><\/p>\n","protected":false},"excerpt":{"rendered":"<p>Amb l\u2019objectiu d\u2019estimular la lectura, Ibbycat (Consell catal\u00e0 del llibre infantil i juvenil), com cada any en aquestes dates, publica una guia amb recomanacions lectores per als infants i joves, dins el programa Municipi Lector.<\/p>\n<p>Podeu visualitzar\u00a0la presentaci\u00f3 que els mateixos autors, la <a style=\"font-family: inherit;&hellip;  <a href=\"https:\/\/serveiseducatius.xtec.cat\/segarra\/general\/recomanacions-lectores-per-a-infants-i-joves\/\" title=\"Read Recomanacions lectores per a infants i joves\">Llegeix m\u00e9s\u00bb<\/a><\/p>\n","protected":false},"author":4,"featured_media":17608,"comment_status":"closed","ping_status":"closed","sticky":false,"template":"","format":"standard","meta":{"_bbp_topic_count":0,"_bbp_reply_count":0,"_bbp_total_topic_count":0,"_bbp_total_reply_count":0,"_bbp_voice_count":0,"_bbp_anonymous_reply_count":0,"_bbp_topic_count_hidden":0,"_bbp_reply_count_hidden":0,"_bbp_forum_subforum_count":0,"footnotes":""},"categories":[81,66,68,1,29],"tags":[173,837,1036,836],"class_list":["post-17609","post","type-post","status-publish","format-standard","has-post-thumbnail","hentry","category-biblioteca-escolar","category-dinamitzacio","category-elic","category-general","category-portada","tag-gust-per-la-lectura","tag-hivern-lector","tag-lij-literatura-infantil-i-juvenil","tag-recomanacions-de-llibres"],"post_mailing_queue_ids":[],"_links":{"self":[{"href":"https:\/\/serveiseducatius.xtec.cat\/segarra\/wp-json\/wp\/v2\/posts\/17609","targetHints":{"allow":["GET"]}}],"collection":[{"href":"https:\/\/serveiseducatius.xtec.cat\/segarra\/wp-json\/wp\/v2\/posts"}],"about":[{"href":"https:\/\/serveiseducatius.xtec.cat\/segarra\/wp-json\/wp\/v2\/types\/post"}],"author":[{"embeddable":true,"href":"https:\/\/serveiseducatius.xtec.cat\/segarra\/wp-json\/wp\/v2\/users\/4"}],"replies":[{"embeddable":true,"href":"https:\/\/serveiseducatius.xtec.cat\/segarra\/wp-json\/wp\/v2\/comments?post=17609"}],"version-history":[{"count":3,"href":"https:\/\/serveiseducatius.xtec.cat\/segarra\/wp-json\/wp\/v2\/posts\/17609\/revisions"}],"predecessor-version":[{"id":17617,"href":"https:\/\/serveiseducatius.xtec.cat\/segarra\/wp-json\/wp\/v2\/posts\/17609\/revisions\/17617"}],"wp:featuredmedia":[{"embeddable":true,"href":"https:\/\/serveiseducatius.xtec.cat\/segarra\/wp-json\/wp\/v2\/media\/17608"}],"wp:attachment":[{"href":"https:\/\/serveiseducatius.xtec.cat\/segarra\/wp-json\/wp\/v2\/media?parent=17609"}],"wp:term":[{"taxonomy":"category","embeddable":true,"href":"https:\/\/serveiseducatius.xtec.cat\/segarra\/wp-json\/wp\/v2\/categories?post=17609"},{"taxonomy":"post_tag","embeddable":true,"href":"https:\/\/serveiseducatius.xtec.cat\/segarra\/wp-json\/wp\/v2\/tags?post=17609"}],"curies":[{"name":"wp","href":"https:\/\/api.w.org\/{rel}","templated":true}]}}