{"id":17574,"date":"2022-12-15T16:29:35","date_gmt":"2022-12-15T15:29:35","guid":{"rendered":"https:\/\/serveiseducatius.xtec.cat\/segarra\/?p=17574"},"modified":"2022-12-15T16:29:35","modified_gmt":"2022-12-15T15:29:35","slug":"consells-per-a-un-nadal-mes-sostenible-a-lescola","status":"publish","type":"post","link":"https:\/\/serveiseducatius.xtec.cat\/segarra\/general\/consells-per-a-un-nadal-mes-sostenible-a-lescola\/","title":{"rendered":"Consells per a un Nadal m\u00e9s sostenible a l&#8217;escola"},"content":{"rendered":"<p><img loading=\"lazy\" decoding=\"async\" class=\"size-full wp-image-17580 alignright\" src=\"https:\/\/serveiseducatius.xtec.cat\/segarra\/wp-content\/uploads\/usu1148\/2022\/12\/festes-nadal-sostenibles.png\" alt=\"\" width=\"220\" height=\"250\" \/>Ara que s&#8217;apropen unes dates molt relacionades amb h\u00e0bits que amb els anys cada cop han acabat esdevenint m\u00e9s &#8220;consumistes&#8221;, des d&#8217;Escoles Verdes ens comparteixen un article en el seu bloc, amb recursos, consells i idees <strong>per celebrar aquestes festes des del consum responsable.<\/strong><\/p>\n<p><em>Veiem les decoracions als carrers i les ofertes als supermercats, la r\u00e0dio, la televisi\u00f3, les tendes de joguines&#8230; \u00c9s una \u00e8poca en qu\u00e8 ens fem regals, fem \u00e0pats familiars i decorem els nostres espais, i per totes bandes rebem molta publicitat que ens aboca al consum descontrolat: <\/em><\/p>\n<p>Article:<a href=\"https:\/\/escolesverdeslleida.fundesplai.org\/propostes-recursos-educatius\/sostenibilitat\/nadal-mes-sostenible\/?utm_source=mailpoet&amp;utm_medium=email&amp;utm_campaign=ev-lleida-consum-responsable-recursos-educatius-i-consells-per-un-nadal-mes-sostenible-a-lescola-402\" target=\"_blank\" rel=\"noopener\"> &#8220;Consells per a un Nadal m\u00e9s sostenible a l&#8217;escola&#8221;<\/a><\/p>\n<p>&nbsp;<\/p>\n<p>&nbsp;<\/p>\n","protected":false},"excerpt":{"rendered":"<p>Ara que s&#8217;apropen unes dates molt relacionades amb h\u00e0bits que amb els anys cada cop han acabat esdevenint m\u00e9s &#8220;consumistes&#8221;, des d&#8217;Escoles Verdes ens comparteixen un article en el seu bloc, amb recursos, consells i idees per celebrar aquestes festes des del consum responsable.<br \/>\nVeiem les&hellip;  <a href=\"https:\/\/serveiseducatius.xtec.cat\/segarra\/general\/consells-per-a-un-nadal-mes-sostenible-a-lescola\/\" title=\"Read Consells per a un Nadal m\u00e9s sostenible a l&#8217;escola\">Llegeix m\u00e9s\u00bb<\/a><\/p>\n","protected":false},"author":4,"featured_media":17580,"comment_status":"closed","ping_status":"closed","sticky":false,"template":"","format":"standard","meta":{"_bbp_topic_count":0,"_bbp_reply_count":0,"_bbp_total_topic_count":0,"_bbp_total_reply_count":0,"_bbp_voice_count":0,"_bbp_anonymous_reply_count":0,"_bbp_topic_count_hidden":0,"_bbp_reply_count_hidden":0,"_bbp_forum_subforum_count":0,"footnotes":""},"categories":[262,1,29],"tags":[849,907,312,313],"class_list":["post-17574","post","type-post","status-publish","format-standard","has-post-thumbnail","hentry","category-escoles-verdes","category-general","category-portada","tag-consum-responsable","tag-educacio-per-a-la-sostenibilitat","tag-nadal","tag-recursos"],"post_mailing_queue_ids":[],"_links":{"self":[{"href":"https:\/\/serveiseducatius.xtec.cat\/segarra\/wp-json\/wp\/v2\/posts\/17574","targetHints":{"allow":["GET"]}}],"collection":[{"href":"https:\/\/serveiseducatius.xtec.cat\/segarra\/wp-json\/wp\/v2\/posts"}],"about":[{"href":"https:\/\/serveiseducatius.xtec.cat\/segarra\/wp-json\/wp\/v2\/types\/post"}],"author":[{"embeddable":true,"href":"https:\/\/serveiseducatius.xtec.cat\/segarra\/wp-json\/wp\/v2\/users\/4"}],"replies":[{"embeddable":true,"href":"https:\/\/serveiseducatius.xtec.cat\/segarra\/wp-json\/wp\/v2\/comments?post=17574"}],"version-history":[{"count":3,"href":"https:\/\/serveiseducatius.xtec.cat\/segarra\/wp-json\/wp\/v2\/posts\/17574\/revisions"}],"predecessor-version":[{"id":17582,"href":"https:\/\/serveiseducatius.xtec.cat\/segarra\/wp-json\/wp\/v2\/posts\/17574\/revisions\/17582"}],"wp:featuredmedia":[{"embeddable":true,"href":"https:\/\/serveiseducatius.xtec.cat\/segarra\/wp-json\/wp\/v2\/media\/17580"}],"wp:attachment":[{"href":"https:\/\/serveiseducatius.xtec.cat\/segarra\/wp-json\/wp\/v2\/media?parent=17574"}],"wp:term":[{"taxonomy":"category","embeddable":true,"href":"https:\/\/serveiseducatius.xtec.cat\/segarra\/wp-json\/wp\/v2\/categories?post=17574"},{"taxonomy":"post_tag","embeddable":true,"href":"https:\/\/serveiseducatius.xtec.cat\/segarra\/wp-json\/wp\/v2\/tags?post=17574"}],"curies":[{"name":"wp","href":"https:\/\/api.w.org\/{rel}","templated":true}]}}