{"id":17331,"date":"2022-11-15T15:14:28","date_gmt":"2022-11-15T14:14:28","guid":{"rendered":"https:\/\/serveiseducatius.xtec.cat\/segarra\/?p=17331"},"modified":"2022-11-15T20:15:33","modified_gmt":"2022-11-15T19:15:33","slug":"que-son-les-emocions","status":"publish","type":"post","link":"https:\/\/serveiseducatius.xtec.cat\/segarra\/portada\/que-son-les-emocions\/","title":{"rendered":"Qu\u00e8 s\u00f3n les emocions &#8230;?"},"content":{"rendered":"<p><span style=\"font-size: large;\">Com ja sabeu, els\u00a0plans educatius\u00a0d\u2019entorn\u00a0de\u00a0<a href=\"https:\/\/www.guissona.cat\/serveis-de-guissona\/ensenyament\/pla-education-dentorn\" target=\"_blank\" rel=\"noopener\" data-saferedirecturl=\"https:\/\/www.google.com\/url?q=https:\/\/www.guissona.cat\/serveis-de-guissona\/ensenyament\/pla-education-dentorn&amp;source=gmail&amp;ust=1668622212574000&amp;usg=AOvVaw1oLLAvmRSh3D0ADSFUkVcM\"><b><span style=\"color: #ff9900;\">Guissona<\/span><\/b><\/a><b><wbr \/>\u00a0i\u00a0<\/b><a href=\"https:\/\/www.cervera.cat\/pla-educatiu-dentorn\" target=\"_blank\" rel=\"noopener\" data-saferedirecturl=\"https:\/\/www.google.com\/url?q=https:\/\/www.cervera.cat\/pla-educatiu-dentorn&amp;source=gmail&amp;ust=1668622212574000&amp;usg=AOvVaw2LJTrHPQFsfY9Rw9KPwvtL\"><b><span style=\"color: #ff9900;\">Cervera<\/span><\/b><\/a>, juntament amb l&#8217;<a href=\"http:\/\/segarrajove.ddl.net\/\" target=\"_blank\" rel=\"noopener\" data-saferedirecturl=\"https:\/\/www.google.com\/url?q=http:\/\/segarrajove.ddl.net\/&amp;source=gmail&amp;ust=1668622212574000&amp;usg=AOvVaw3pofgzZgrepzyXdiMmUfjC\"><b><span style=\"color: #ff9900;\">Oficina Jove de la Segarra<\/span><\/b><\/a>\u00a0s\u2019han unit per divulgar en un mateix cartell les xerrades i<img loading=\"lazy\" decoding=\"async\" class=\"size-full wp-image-17332 alignright\" src=\"https:\/\/serveiseducatius.xtec.cat\/segarra\/wp-content\/uploads\/usu1148\/2022\/11\/Captura.jpg\" alt=\"\" width=\"358\" height=\"502\" srcset=\"https:\/\/serveiseducatius.xtec.cat\/segarra\/wp-content\/uploads\/usu1148\/2022\/11\/Captura.jpg 358w, https:\/\/serveiseducatius.xtec.cat\/segarra\/wp-content\/uploads\/usu1148\/2022\/11\/Captura-214x300.jpg 214w\" sizes=\"auto, (max-width: 358px) 100vw, 358px\" \/> tallers que s&#8217;organitzen des de cada territori i entitat, en el marc del cicle &#8220;Escola de fam\u00edlies&#8221; del curs 2022-2023.<\/span><\/p>\n<p><span style=\"font-size: large;\">\u00a0El dimarts<\/span><span style=\"font-size: large;\"><b>, 22 de novembre,<\/b>\u00a0tindr\u00e0 lloc a la\u00a0<b>BIBLIOTECA DE GUISSONA\u00a0<\/b>la primera<span style=\"color: #800000;\"><strong> xerrada presencial <\/strong><\/span>organitzada pel Pla Educatiu d&#8217;Entorn de Guissona titulada &#8220;<span style=\"color: #993300;\"><b>Qu\u00e8 s\u00f3n les emocions, per a qu\u00e8 serveixen i com actuar davant les emocions dels nostres fills i filles&#8221;.<\/b><\/span><br \/>\n<\/span><\/p>\n<p><span style=\"font-size: large;\">\u00a0<\/span><span style=\"font-size: large;\">La xerrada anir\u00e0\u00a0<b>a c\u00e0rrec de\u00a0M\u00f2nica Gasa<\/b>, psic\u00f2loga especialitzada en neuroci\u00e8ncia i educaci\u00f3, fundadora de Psicosalut Lleida, i professional de\u00a0Programa Nereu. A m\u00e9s,\u00a0\u00e9s docent universit\u00e0ria\u00a0del Departament de Psicopedagogia de la Universitat de Lleida.<\/span><\/p>\n<p><span style=\"font-size: large;\">\u00a0<\/span><span style=\"font-size: large;\">La trobada es\u00a0plantejar\u00e0\u00a0des d&#8217;una\u00a0<b>perspectiva teoricopr\u00e0ctica amb l&#8217;objectiu de facilitar t\u00e8cniques i exemples per aplicar la intel\u00b7lig\u00e8ncia emocional a casa:\u00a0<\/b>com identificar, clarificar, gestionar i\u00a0<\/span>regular\u00a0les emocions pr\u00f2pies i com ajudar a les persones que tenim al nostre costat.<\/p>\n<p><span style=\"font-size: large;\">\u00c9s una xerrada\u00a0<b>oberta a totes les fam\u00edlies de la comarca per la qual no cal inscripci\u00f3 pr\u00e8via.<\/b><\/span><\/p>\n<p><span style=\"font-size: large;\">\u00a0<\/span><span style=\"font-size: large;\">Ens agradar\u00e0 molt veure-us dimarts de la setmana que ve a la\u00a0<b>biblioteca de Guissona<\/b>\u00a0<b>a 2\/4 de 8 del vespre\u00a0<\/b>i compartir aquesta estona amb vosaltres!<\/span><\/p>\n<p><a href=\"https:\/\/drive.google.com\/file\/d\/1uuM6K8Z38gQWGU3neyK78ndkGwFdlnIa\/view?usp=share_link\" target=\"_blank\" rel=\"noopener\"><strong>Cartell<\/strong><\/a><\/p>\n","protected":false},"excerpt":{"rendered":"<p>Com ja sabeu, els\u00a0plans educatius\u00a0d\u2019entorn\u00a0de\u00a0<a href=\"https:\/\/www.guissona.cat\/serveis-de-guissona\/ensenyament\/pla-education-dentorn\" target=\"_blank\" rel=\"noopener\" data-saferedirecturl=\"https:\/\/www.google.com\/url?q=https:\/\/www.guissona.cat\/serveis-de-guissona\/ensenyament\/pla-education-dentorn&amp;source=gmail&amp;ust=1668622212574000&amp;usg=AOvVaw1oLLAvmRSh3D0ADSFUkVcM\">Guissona<\/a>\u00a0i\u00a0<a href=\"https:\/\/www.cervera.cat\/pla-educatiu-dentorn\" target=\"_blank\" rel=\"noopener\" data-saferedirecturl=\"https:\/\/www.google.com\/url?q=https:\/\/www.cervera.cat\/pla-educatiu-dentorn&amp;source=gmail&amp;ust=1668622212574000&amp;usg=AOvVaw2LJTrHPQFsfY9Rw9KPwvtL\">Cervera<\/a>, juntament amb l&#8217;<a href=\"http:\/\/segarrajove.ddl.net\/\" target=\"_blank\" rel=\"noopener\" data-saferedirecturl=\"https:\/\/www.google.com\/url?q=http:\/\/segarrajove.ddl.net\/&amp;source=gmail&amp;ust=1668622212574000&amp;usg=AOvVaw3pofgzZgrepzyXdiMmUfjC\">Oficina Jove de la Segarra<\/a>\u00a0s\u2019han unit per divulgar en un mateix cartell les xerrades i tallers que s&#8217;organitzen des de cada territori i entitat, en el&hellip;  <a href=\"https:\/\/serveiseducatius.xtec.cat\/segarra\/portada\/que-son-les-emocions\/\" title=\"Read Qu\u00e8 s\u00f3n les emocions &#8230;?\">Llegeix m\u00e9s\u00bb<\/a><\/p>\n","protected":false},"author":4,"featured_media":17333,"comment_status":"closed","ping_status":"closed","sticky":false,"template":"","format":"standard","meta":{"_bbp_topic_count":0,"_bbp_reply_count":0,"_bbp_total_topic_count":0,"_bbp_total_reply_count":0,"_bbp_voice_count":0,"_bbp_anonymous_reply_count":0,"_bbp_topic_count_hidden":0,"_bbp_reply_count_hidden":0,"_bbp_forum_subforum_count":0,"footnotes":""},"categories":[64,65,251,67,68,428,75,29],"tags":[1025,1024,466,438,355],"class_list":["post-17331","post","type-post","status-publish","format-standard","has-post-thumbnail","hentry","category-comunitat","category-crp","category-dinamica-educativa","category-eap","category-elic","category-familia-esc","category-pee","category-portada","tag-benestar","tag-emocions","tag-families","tag-pee","tag-xerrada"],"post_mailing_queue_ids":[],"_links":{"self":[{"href":"https:\/\/serveiseducatius.xtec.cat\/segarra\/wp-json\/wp\/v2\/posts\/17331","targetHints":{"allow":["GET"]}}],"collection":[{"href":"https:\/\/serveiseducatius.xtec.cat\/segarra\/wp-json\/wp\/v2\/posts"}],"about":[{"href":"https:\/\/serveiseducatius.xtec.cat\/segarra\/wp-json\/wp\/v2\/types\/post"}],"author":[{"embeddable":true,"href":"https:\/\/serveiseducatius.xtec.cat\/segarra\/wp-json\/wp\/v2\/users\/4"}],"replies":[{"embeddable":true,"href":"https:\/\/serveiseducatius.xtec.cat\/segarra\/wp-json\/wp\/v2\/comments?post=17331"}],"version-history":[{"count":2,"href":"https:\/\/serveiseducatius.xtec.cat\/segarra\/wp-json\/wp\/v2\/posts\/17331\/revisions"}],"predecessor-version":[{"id":17335,"href":"https:\/\/serveiseducatius.xtec.cat\/segarra\/wp-json\/wp\/v2\/posts\/17331\/revisions\/17335"}],"wp:featuredmedia":[{"embeddable":true,"href":"https:\/\/serveiseducatius.xtec.cat\/segarra\/wp-json\/wp\/v2\/media\/17333"}],"wp:attachment":[{"href":"https:\/\/serveiseducatius.xtec.cat\/segarra\/wp-json\/wp\/v2\/media?parent=17331"}],"wp:term":[{"taxonomy":"category","embeddable":true,"href":"https:\/\/serveiseducatius.xtec.cat\/segarra\/wp-json\/wp\/v2\/categories?post=17331"},{"taxonomy":"post_tag","embeddable":true,"href":"https:\/\/serveiseducatius.xtec.cat\/segarra\/wp-json\/wp\/v2\/tags?post=17331"}],"curies":[{"name":"wp","href":"https:\/\/api.w.org\/{rel}","templated":true}]}}