{"id":16487,"date":"2022-06-09T12:55:13","date_gmt":"2022-06-09T10:55:13","guid":{"rendered":"https:\/\/serveiseducatius.xtec.cat\/segarra\/?p=16487"},"modified":"2022-06-17T13:26:20","modified_gmt":"2022-06-17T11:26:20","slug":"fira-fer-futurs-emprenedors-rurals","status":"publish","type":"post","link":"https:\/\/serveiseducatius.xtec.cat\/segarra\/general\/fira-fer-futurs-emprenedors-rurals\/","title":{"rendered":"Fira FER (Futurs Emprenedors Rurals)"},"content":{"rendered":"<p><strong>El projecte de cooperaci\u00f3 FER.Cat: Ensenyant a emprendre a les escoles rurals\u00a0<\/strong>t\u00e9 l\u2019objectiu de fomentar l\u2019esperit emprenedor<span style=\"font-family: inherit; font-size: 1em;\">, la creativitat i la curiositat per les oportunitats que genera el m\u00f3n rural als alumnes de prim\u00e0ria, per tal de contribuir en un futur a afrontar dos dels reptes del m\u00f3n rural: evitar el despoblament i afavorir la diversificaci\u00f3 econ\u00f2mica.<\/span><\/p>\n<p>Com a cloenda del projecte d&#8217;enguany, es fan tres jornades presencials on, com en una fira professional, els alumnes de les comarques de la Noguera, el Segri\u00e0, la Segarra, el Solson\u00e8s, el Baix Ebre i el Montsi\u00e0 presentaran les seves idees emprenedores.<\/p>\n<p>La fira que correspon a la presentaci\u00f3 de les iniciatives de l&#8217;alumnat participant de La Segarra, tindr\u00e0 lloc el <strong>dimecres 15 de juny de 2022, a Solsona<\/strong>. Durant la fira, un jurat professional format per experts de diferents \u00e0mbits relacionats amb l\u2019empresa i l\u2019educaci\u00f3, valorar\u00e0 els projectes presentats i atorgar\u00e0 a cada projecte una menci\u00f3 remarcant el punt fort de cada grup empresarial, per tal de posar en valor cada iniciativa presentada. Les escoles que hi participaran s\u00f3n l&#8217;escola Setelsis de <span class=\"il\">Solsona<\/span> i l&#8217;<strong>Escola Mestre Ramon Estadella i Torradeflot de Guissona<\/strong>, amb un total de 14 projectes empresarials.<\/p>\n<p>La fira es desenvolupar\u00e0 al Casal C\u00edvic de\u00a0<span class=\"il\">Solsona<\/span> el dia 15 de juny amb el seg\u00fcent programa:<\/p>\n<p><a href=\"https:\/\/www.futursemprenedors.cat\/actualitat\/noticies\/presentacio-de-les-iniciatives-del-projecte-futurs-emprenedors-rurals-fer-a-balaguer-solsona-i-tortosa\" target=\"_blank\" rel=\"noopener\"><img loading=\"lazy\" decoding=\"async\" class=\"aligncenter wp-image-16488\" src=\"https:\/\/serveiseducatius.xtec.cat\/segarra\/wp-content\/uploads\/usu1148\/2022\/05\/FIRA-SOLSONA-1.png\" alt=\"\" width=\"667\" height=\"944\" srcset=\"https:\/\/serveiseducatius.xtec.cat\/segarra\/wp-content\/uploads\/usu1148\/2022\/05\/FIRA-SOLSONA-1.png 1414w, https:\/\/serveiseducatius.xtec.cat\/segarra\/wp-content\/uploads\/usu1148\/2022\/05\/FIRA-SOLSONA-1-212x300.png 212w, https:\/\/serveiseducatius.xtec.cat\/segarra\/wp-content\/uploads\/usu1148\/2022\/05\/FIRA-SOLSONA-1-724x1024.png 724w, https:\/\/serveiseducatius.xtec.cat\/segarra\/wp-content\/uploads\/usu1148\/2022\/05\/FIRA-SOLSONA-1-768x1086.png 768w, https:\/\/serveiseducatius.xtec.cat\/segarra\/wp-content\/uploads\/usu1148\/2022\/05\/FIRA-SOLSONA-1-1086x1536.png 1086w\" sizes=\"auto, (max-width: 667px) 100vw, 667px\" \/><\/a><\/p>\n<p><a href=\"https:\/\/www.futursemprenedors.cat\/actualitat\/noticies\/presentacio-de-les-iniciatives-del-projecte-futurs-emprenedors-rurals-fer-a-balaguer-solsona-i-tortosa\" target=\"_blank\" rel=\"noopener\">+[info]<\/a><\/p>\n<p>La Fira \u00e9s oberta a tots els i les docents d&#8217;altres escoles si aix\u00ed ho desitgen, amb l&#8217;objectiu que puguin viure la cloenda del projecte de manera vivencial i con\u00e8ixer aix\u00ed de primera m\u00e0 el projecte per si estan interessats a participar-hi en el futur.<\/p>\n<p>Per altra banda, si algun centre vol m\u00e9s informaci\u00f3, el dia 28 de juny hi haur\u00e0 una sessi\u00f3 informativa en l\u00ednia, dirigida als equips docents dels centres en la qual s\u2019explicar\u00e0 el projecte i experi\u00e8ncies de mestres.<\/p>\n<p>Per tal de rebre l\u2019enlla\u00e7 de la sessi\u00f3 cal inscriure\u2019s a\u00a0<a href=\"https:\/\/www.futursemprenedors.cat\/sessio-informativa-fer-curs-22-23\">https:\/\/www.futursemprenedors.cat\/sessio-informativa-fer-curs-22-23<\/a>.<\/p>\n<hr \/>\n<p>\u27a1Veure article de la FIRA: <a href=\"https:\/\/serveiseducatius.xtec.cat\/segarra\/general\/jornada-de-cloenda-del-projecte-fer\/\" target=\"_blank\" rel=\"noopener\">Jornada de cloenda del projecte FER 2021-22\u00a0<\/a><\/p>\n","protected":false},"excerpt":{"rendered":"<p>El projecte de cooperaci\u00f3 FER.Cat: Ensenyant a emprendre a les escoles rurals\u00a0t\u00e9 l\u2019objectiu de fomentar l\u2019esperit emprenedor, la creativitat i la curiositat per les oportunitats que genera el m\u00f3n rural als alumnes de prim\u00e0ria, per tal de contribuir en un futur a afrontar dos dels&hellip;  <a href=\"https:\/\/serveiseducatius.xtec.cat\/segarra\/general\/fira-fer-futurs-emprenedors-rurals\/\" title=\"Read Fira FER (Futurs Emprenedors Rurals)\">Llegeix m\u00e9s\u00bb<\/a><\/p>\n","protected":false},"author":4,"featured_media":16548,"comment_status":"closed","ping_status":"closed","sticky":false,"template":"","format":"standard","meta":{"_bbp_topic_count":0,"_bbp_reply_count":0,"_bbp_total_topic_count":0,"_bbp_total_reply_count":0,"_bbp_voice_count":0,"_bbp_anonymous_reply_count":0,"_bbp_topic_count_hidden":0,"_bbp_reply_count_hidden":0,"_bbp_forum_subforum_count":0,"footnotes":""},"categories":[1,235,29],"tags":[89,972,347],"class_list":["post-16487","post","type-post","status-publish","format-standard","has-post-thumbnail","hentry","category-general","category-formacio_ins","category-portada","tag-emprenedoria","tag-fer-futurs-emprenedors-rurals","tag-jornada"],"post_mailing_queue_ids":[],"_links":{"self":[{"href":"https:\/\/serveiseducatius.xtec.cat\/segarra\/wp-json\/wp\/v2\/posts\/16487","targetHints":{"allow":["GET"]}}],"collection":[{"href":"https:\/\/serveiseducatius.xtec.cat\/segarra\/wp-json\/wp\/v2\/posts"}],"about":[{"href":"https:\/\/serveiseducatius.xtec.cat\/segarra\/wp-json\/wp\/v2\/types\/post"}],"author":[{"embeddable":true,"href":"https:\/\/serveiseducatius.xtec.cat\/segarra\/wp-json\/wp\/v2\/users\/4"}],"replies":[{"embeddable":true,"href":"https:\/\/serveiseducatius.xtec.cat\/segarra\/wp-json\/wp\/v2\/comments?post=16487"}],"version-history":[{"count":3,"href":"https:\/\/serveiseducatius.xtec.cat\/segarra\/wp-json\/wp\/v2\/posts\/16487\/revisions"}],"predecessor-version":[{"id":16684,"href":"https:\/\/serveiseducatius.xtec.cat\/segarra\/wp-json\/wp\/v2\/posts\/16487\/revisions\/16684"}],"wp:featuredmedia":[{"embeddable":true,"href":"https:\/\/serveiseducatius.xtec.cat\/segarra\/wp-json\/wp\/v2\/media\/16548"}],"wp:attachment":[{"href":"https:\/\/serveiseducatius.xtec.cat\/segarra\/wp-json\/wp\/v2\/media?parent=16487"}],"wp:term":[{"taxonomy":"category","embeddable":true,"href":"https:\/\/serveiseducatius.xtec.cat\/segarra\/wp-json\/wp\/v2\/categories?post=16487"},{"taxonomy":"post_tag","embeddable":true,"href":"https:\/\/serveiseducatius.xtec.cat\/segarra\/wp-json\/wp\/v2\/tags?post=16487"}],"curies":[{"name":"wp","href":"https:\/\/api.w.org\/{rel}","templated":true}]}}