{"id":16322,"date":"2022-05-10T15:37:50","date_gmt":"2022-05-10T13:37:50","guid":{"rendered":"https:\/\/serveiseducatius.xtec.cat\/segarra\/?p=16322"},"modified":"2022-06-09T10:01:57","modified_gmt":"2022-06-09T08:01:57","slug":"la-nova-sexualitat-en-les-noves-tecnologies-ajudant-i-protegint-des-de-les-families-ultima-xerrada-del-cicle-escola-de-families","status":"publish","type":"post","link":"https:\/\/serveiseducatius.xtec.cat\/segarra\/general\/la-nova-sexualitat-en-les-noves-tecnologies-ajudant-i-protegint-des-de-les-families-ultima-xerrada-del-cicle-escola-de-families\/","title":{"rendered":"&#8220;La nova sexualitat en les noves tecnologies. Ajudant i protegint des de les fam\u00edlies&#8221;, \u00faltima xerrada del cicle &#8220;Escola de fam\u00edlies&#8221;"},"content":{"rendered":"<p>Els plans educatius d\u2019entorn de Guissona i Cervera s\u2019uneixen per segon any consecutiu en un projecte conjunt: Escola de Fam\u00edlies.<\/p>\n<p style=\"text-align: justify\">Aquesta iniciativa permetr\u00e0 que les fam\u00edlies de Cervera, de Guissona i de la resta de centres educatius de la comarca puguin gaudir de <span style=\"font-family: arial, sans-serif;font-size: large\"><a href=\"https:\/\/drive.google.com\/file\/d\/1lkspZp6DIDooA8PcMQrcGPd23Ta2dz6U\/view?usp=sharing\" target=\"_blank\" rel=\"noopener\" data-saferedirecturl=\"https:\/\/www.google.com\/url?q=https:\/\/drive.google.com\/file\/d\/1lkspZp6DIDooA8PcMQrcGPd23Ta2dz6U\/view?usp%3Dsharing&amp;source=gmail&amp;ust=1647964610049000&amp;usg=AOvVaw2BVqqJoGTmRSC7SAf1OLhP\"><span style=\"color: #f1c232\"><strong>confer\u00e8ncies<\/strong><\/span><\/a> <\/span>de qualitat que tracten tem\u00e0tiques d\u2019inter\u00e8s proposades per les fam\u00edlies d\u2019ambd\u00f3s municipis: educaci\u00f3 afectiva i sexual, alimentaci\u00f3 saludable, noves tecnologies, etc.<\/p>\n<p style=\"text-align: justify\">La ciquena i \u00faltima xerrada, &#8220;La nova sexualitat en les noves tecnologies. Ajudant i protegint des de les fam\u00edlies&#8221;, a c\u00e0rrec del metge i sex\u00f2leg Santiago Frago, es dur\u00e0 a terme en <strong>format virtual<\/strong> el dimecres <strong>dia 11 de maig a les 19.30 h.<\/strong><\/p>\n<p style=\"text-align: justify\">Per assistir a la confer\u00e8ncia caldr\u00e0 formular inscripci\u00f3 pr\u00e8via a trav\u00e9s d&#8217;aquest <span style=\"font-family: arial, sans-serif;font-size: large\"><a href=\"https:\/\/docs.google.com\/forms\/d\/e\/1FAIpQLSdGf9zkbDimjiJzbevQ8mMHr6d0d4fGEfbCShi6Sa01L006Og\/viewform\" target=\"_blank\" rel=\"noopener\" data-saferedirecturl=\"https:\/\/www.google.com\/url?q=https:\/\/docs.google.com\/forms\/d\/e\/1FAIpQLSd_aYj81-p6T7YSR5wEy4oenRGKlHue1Mpk7PJzsxzK0im7mA\/viewform&amp;source=gmail&amp;ust=1647964610049000&amp;usg=AOvVaw1xVEmmahlU3-MRmeuikktS\"><span style=\"color: #f1c232\"><strong>ENLLA\u00c7<\/strong> <\/span><\/a><\/span>i dels codis QR que s\u2019aniran divulgant a trav\u00e9s de les imatges.<\/p>\n<p style=\"text-align: left\">Tamb\u00e9 es podr\u00e0 accedir a tota la informaci\u00f3 a trav\u00e9s de les p\u00e0gines web dels dos ajuntaments<span style=\"font-family: arial, sans-serif;font-size: large\"><span style=\"color: #000000\"> (<\/span><strong><a href=\"http:\/\/www.guissona.cat\/\" target=\"_blank\" rel=\"noopener\" data-saferedirecturl=\"https:\/\/www.google.com\/url?q=http:\/\/www.guissona.cat\/&amp;source=gmail&amp;ust=1647964610049000&amp;usg=AOvVaw1DWaBbuspRDuz17f6pxM-9\"><span style=\"color: #f1c232\">http:\/\/www.guissona.cat <\/span><\/a><\/strong><span style=\"color: #000000\">i <\/span><strong><a href=\"https:\/\/www.cervera.cat\/\" target=\"_blank\" rel=\"noopener\" data-saferedirecturl=\"https:\/\/www.google.com\/url?q=https:\/\/www.cervera.cat\/&amp;source=gmail&amp;ust=1647964610049000&amp;usg=AOvVaw0e_IOUzWsbkRZ8Xp103ViD\"><span style=\"color: #f1c232\">https:\/\/www.cervera.cat<\/span><\/a><\/strong><span style=\"color: #000000\">) <\/span><\/span>i de la del <span style=\"font-family: arial, sans-serif;font-size: large\"><strong><a href=\"https:\/\/serveiseducatius.xtec.cat\/segarra\/general\/arriba-la-segona-xerrada-del-cicle-escola-de-families\/\" target=\"_blank\" rel=\"noopener\" data-saferedirecturl=\"https:\/\/www.google.com\/url?q=https:\/\/serveiseducatius.xtec.cat\/segarra\/general\/arriba-la-segona-xerrada-del-cicle-escola-de-families\/&amp;source=gmail&amp;ust=1647964610049000&amp;usg=AOvVaw0ZUANBvJVx8po493J8hQXd\"><span style=\"color: #f1c232\">Servei Educatiu de la Segarra<\/span><\/a>.<\/strong><\/span><\/p>\n<p><strong>INSCRIPCIONS A XERRADA:\u00a0<\/strong><\/p>\n<p>\ud83d\uddd3\ufe0f\u00a0 \u00a011\/05\/2022<br \/>\n\ud83d\udd50\u00a0 \u00a019.30 h<br \/>\n\ud83d\udda5\ufe0f\u00a0 \u00a0Xerrada en l\u00ednia<br \/>\n\ud83d\udcdd\u00a0 \u00a0Inscripcions\u00a0<strong><a href=\"https:\/\/docs.google.com\/forms\/d\/e\/1FAIpQLSdGf9zkbDimjiJzbevQ8mMHr6d0d4fGEfbCShi6Sa01L006Og\/viewform\" target=\"_blank\" rel=\"noopener\">AQU\u00cd<\/a><\/strong><\/p>\n<p><strong>ORGANITZA<\/strong><\/p>\n<p><a href=\"https:\/\/serveiseducatius.xtec.cat\/segarra\/wp-content\/uploads\/usu1148\/2022\/03\/Captura-de-Pantalla-2022-03-21-a-les-1.36.33.png\"><img loading=\"lazy\" decoding=\"async\" class=\"alignnone wp-image-15934\" src=\"https:\/\/serveiseducatius.xtec.cat\/segarra\/wp-content\/uploads\/usu1148\/2022\/03\/Captura-de-Pantalla-2022-03-21-a-les-1.36.33-1024x594.png\" alt=\"\" width=\"221\" height=\"128\" srcset=\"https:\/\/serveiseducatius.xtec.cat\/segarra\/wp-content\/uploads\/usu1148\/2022\/03\/Captura-de-Pantalla-2022-03-21-a-les-1.36.33-1024x594.png 1024w, https:\/\/serveiseducatius.xtec.cat\/segarra\/wp-content\/uploads\/usu1148\/2022\/03\/Captura-de-Pantalla-2022-03-21-a-les-1.36.33-300x174.png 300w, https:\/\/serveiseducatius.xtec.cat\/segarra\/wp-content\/uploads\/usu1148\/2022\/03\/Captura-de-Pantalla-2022-03-21-a-les-1.36.33-768x446.png 768w, https:\/\/serveiseducatius.xtec.cat\/segarra\/wp-content\/uploads\/usu1148\/2022\/03\/Captura-de-Pantalla-2022-03-21-a-les-1.36.33-1536x892.png 1536w, https:\/\/serveiseducatius.xtec.cat\/segarra\/wp-content\/uploads\/usu1148\/2022\/03\/Captura-de-Pantalla-2022-03-21-a-les-1.36.33.png 1926w\" sizes=\"auto, (max-width: 221px) 100vw, 221px\" \/><\/a><\/p>\n","protected":false},"excerpt":{"rendered":"<p>Els plans educatius d\u2019entorn de Guissona i Cervera s\u2019uneixen per segon any consecutiu en un projecte conjunt: Escola de Fam\u00edlies.<br \/>\nAquesta iniciativa permetr\u00e0 que les fam\u00edlies de Cervera, de Guissona i de la resta de centres educatius de la comarca puguin gaudir de <a href=\"https:\/\/drive.google.com\/file\/d\/1lkspZp6DIDooA8PcMQrcGPd23Ta2dz6U\/view?usp=sharing\" target=\"_blank\"&hellip;  <a href=\"https:\/\/serveiseducatius.xtec.cat\/segarra\/general\/la-nova-sexualitat-en-les-noves-tecnologies-ajudant-i-protegint-des-de-les-families-ultima-xerrada-del-cicle-escola-de-families\/\" title=\"Read &#8220;La nova sexualitat en les noves tecnologies. Ajudant i protegint des de les fam\u00edlies&#8221;, \u00faltima xerrada del cicle &#8220;Escola de fam\u00edlies&#8221;\">Llegeix m\u00e9s\u00bb<\/a><\/p>\n","protected":false},"author":594,"featured_media":16323,"comment_status":"closed","ping_status":"closed","sticky":false,"template":"","format":"standard","meta":{"_bbp_topic_count":0,"_bbp_reply_count":0,"_bbp_total_topic_count":0,"_bbp_total_reply_count":0,"_bbp_voice_count":0,"_bbp_anonymous_reply_count":0,"_bbp_topic_count_hidden":0,"_bbp_reply_count_hidden":0,"_bbp_forum_subforum_count":0,"footnotes":""},"categories":[1,75,29],"tags":[930,571,928,429,866,879,512],"class_list":["post-16322","post","type-post","status-publish","format-standard","has-post-thumbnail","hentry","category-general","category-pee","category-portada","tag-cohesio","tag-comunitat","tag-educacio-afectiva-i-sexual","tag-familia","tag-pla-educatiu-dentorn-cervera","tag-pla-educatiu-dentorn-guissona","tag-videoconferencia"],"post_mailing_queue_ids":[],"_links":{"self":[{"href":"https:\/\/serveiseducatius.xtec.cat\/segarra\/wp-json\/wp\/v2\/posts\/16322","targetHints":{"allow":["GET"]}}],"collection":[{"href":"https:\/\/serveiseducatius.xtec.cat\/segarra\/wp-json\/wp\/v2\/posts"}],"about":[{"href":"https:\/\/serveiseducatius.xtec.cat\/segarra\/wp-json\/wp\/v2\/types\/post"}],"author":[{"embeddable":true,"href":"https:\/\/serveiseducatius.xtec.cat\/segarra\/wp-json\/wp\/v2\/users\/594"}],"replies":[{"embeddable":true,"href":"https:\/\/serveiseducatius.xtec.cat\/segarra\/wp-json\/wp\/v2\/comments?post=16322"}],"version-history":[{"count":1,"href":"https:\/\/serveiseducatius.xtec.cat\/segarra\/wp-json\/wp\/v2\/posts\/16322\/revisions"}],"predecessor-version":[{"id":16324,"href":"https:\/\/serveiseducatius.xtec.cat\/segarra\/wp-json\/wp\/v2\/posts\/16322\/revisions\/16324"}],"wp:featuredmedia":[{"embeddable":true,"href":"https:\/\/serveiseducatius.xtec.cat\/segarra\/wp-json\/wp\/v2\/media\/16323"}],"wp:attachment":[{"href":"https:\/\/serveiseducatius.xtec.cat\/segarra\/wp-json\/wp\/v2\/media?parent=16322"}],"wp:term":[{"taxonomy":"category","embeddable":true,"href":"https:\/\/serveiseducatius.xtec.cat\/segarra\/wp-json\/wp\/v2\/categories?post=16322"},{"taxonomy":"post_tag","embeddable":true,"href":"https:\/\/serveiseducatius.xtec.cat\/segarra\/wp-json\/wp\/v2\/tags?post=16322"}],"curies":[{"name":"wp","href":"https:\/\/api.w.org\/{rel}","templated":true}]}}