{"id":15599,"date":"2022-02-02T10:59:45","date_gmt":"2022-02-02T09:59:45","guid":{"rendered":"https:\/\/serveiseducatius.xtec.cat\/segarra\/?p=15599"},"modified":"2022-02-02T10:59:45","modified_gmt":"2022-02-02T09:59:45","slug":"dia-de-la-internet-segura-2022","status":"publish","type":"post","link":"https:\/\/serveiseducatius.xtec.cat\/segarra\/general\/dia-de-la-internet-segura-2022\/","title":{"rendered":"Dia de la Internet Segura 2022"},"content":{"rendered":"<p><img loading=\"lazy\" decoding=\"async\" class=\"aligncenter wp-image-15615 \" src=\"https:\/\/serveiseducatius.xtec.cat\/segarra\/wp-content\/uploads\/usu1148\/2022\/02\/CartellSID2022_Web.jpg\" alt=\"\" width=\"674\" height=\"332\" srcset=\"https:\/\/serveiseducatius.xtec.cat\/segarra\/wp-content\/uploads\/usu1148\/2022\/02\/CartellSID2022_Web.jpg 1900w, https:\/\/serveiseducatius.xtec.cat\/segarra\/wp-content\/uploads\/usu1148\/2022\/02\/CartellSID2022_Web-300x148.jpg 300w, https:\/\/serveiseducatius.xtec.cat\/segarra\/wp-content\/uploads\/usu1148\/2022\/02\/CartellSID2022_Web-1024x504.jpg 1024w, https:\/\/serveiseducatius.xtec.cat\/segarra\/wp-content\/uploads\/usu1148\/2022\/02\/CartellSID2022_Web-768x378.jpg 768w, https:\/\/serveiseducatius.xtec.cat\/segarra\/wp-content\/uploads\/usu1148\/2022\/02\/CartellSID2022_Web-1536x757.jpg 1536w\" sizes=\"auto, (max-width: 674px) 100vw, 674px\" \/><\/p>\n<p>El <strong>8 de febrer de 2022<\/strong>\u00a0se celebra a tot el m\u00f3n el\u00a0<a href=\"https:\/\/internetsegura.cat\/definicio-projecte\/dia-internet-segura\/\" target=\"_blank\" rel=\"noopener\"><strong>Dia d\u2019Internet Segura<\/strong>\u00a0<\/a>(<a href=\"https:\/\/www.saferinternetday.org\/\" target=\"_blank\" rel=\"noopener\">Safer Internet Day<\/a>\u00a0#SID2022), sota el lema d\u2019aquesta edici\u00f3\u00a0<strong>\u201cJunts per una Internet millor\u201d<\/strong>.<\/p>\n<p>Aquest esdeveniment est\u00e0 promogut per la xarxa\u00a0<a href=\"https:\/\/www.betterinternetforkids.eu\/\" target=\"_blank\" rel=\"noopener\">INSAFE\/INHOPE<\/a>\u00a0amb el recolzament de la Comissi\u00f3 Europea, per tal de promoure un \u00fas segur i positiu de la tecnologia, especialment entre infants i joves.<\/p>\n<p>\u27a1Trobareu recursos i m\u00e9s informaci\u00f3 per a alumnat, docents i fam\u00edlies en l&#8217;apartat <strong>Seguretat a Internet<\/strong>\u00a0de l&#8217;espai <a href=\"https:\/\/serveiseducatius.xtec.cat\/segarra\/categoria\/portada\/inno\/cd\/\" target=\"_blank\" rel=\"noopener\"><strong>Cultura Digital<\/strong><\/a> de la web del Servei Educatiu de La Segarra.<\/p>\n<p><img loading=\"lazy\" decoding=\"async\" class=\"size-medium wp-image-13589 aligncenter\" src=\"https:\/\/serveiseducatius.xtec.cat\/segarra\/wp-content\/uploads\/usu1148\/2021\/07\/seguretat-300x300.jpg\" alt=\"\" width=\"300\" height=\"300\" srcset=\"https:\/\/serveiseducatius.xtec.cat\/segarra\/wp-content\/uploads\/usu1148\/2021\/07\/seguretat.jpg 300w, https:\/\/serveiseducatius.xtec.cat\/segarra\/wp-content\/uploads\/usu1148\/2021\/07\/seguretat-150x150.jpg 150w\" sizes=\"auto, (max-width: 300px) 100vw, 300px\" \/><\/p>\n<h5><\/h5>\n<h5><a href=\"https:\/\/www.edu365.cat\/internetsegura\/index.html\" target=\"_blank\" rel=\"noopener\">\u27a1 INTERNET SEGURA XTEC<\/a><\/h5>\n<p><img loading=\"lazy\" decoding=\"async\" class=\"size-medium wp-image-15609 alignleft\" src=\"https:\/\/serveiseducatius.xtec.cat\/segarra\/wp-content\/uploads\/usu1148\/2022\/02\/Internet-Segura-xtec-300x191.png\" alt=\"\" width=\"300\" height=\"191\" srcset=\"https:\/\/serveiseducatius.xtec.cat\/segarra\/wp-content\/uploads\/usu1148\/2022\/02\/Internet-Segura-xtec-300x191.png 300w, https:\/\/serveiseducatius.xtec.cat\/segarra\/wp-content\/uploads\/usu1148\/2022\/02\/Internet-Segura-xtec-1024x653.png 1024w, https:\/\/serveiseducatius.xtec.cat\/segarra\/wp-content\/uploads\/usu1148\/2022\/02\/Internet-Segura-xtec-768x490.png 768w, https:\/\/serveiseducatius.xtec.cat\/segarra\/wp-content\/uploads\/usu1148\/2022\/02\/Internet-Segura-xtec.png 1335w\" sizes=\"auto, (max-width: 300px) 100vw, 300px\" \/><\/p>\n<p>A la p\u00e0gina<a href=\"http:\/\/www.edu365.cat\/internetsegura\/index.html\">\u00a0Edu356 Internet Segura<\/a>\u00a0teniu diferents propostes per portar a l\u2019aula pensades per diferents edats.<\/p>\n<p>Tria quina \u00e9s la m\u00e9s adequada pel teu alumnat.<\/p>\n<p>Educar en la Seguretat a internet comen\u00e7a a ser imprescindible!<\/p>\n<p>&nbsp;<\/p>\n<p>&nbsp;<\/p>\n<p>&nbsp;<\/p>\n","protected":false},"excerpt":{"rendered":"<p>El 8 de febrer de 2022\u00a0se celebra a tot el m\u00f3n el\u00a0<a href=\"https:\/\/internetsegura.cat\/definicio-projecte\/dia-internet-segura\/\" target=\"_blank\" rel=\"noopener\">Dia d\u2019Internet Segura\u00a0<\/a>(<a href=\"https:\/\/www.saferinternetday.org\/\" target=\"_blank\" rel=\"noopener\">Safer Internet Day<\/a>\u00a0#SID2022), sota el lema d\u2019aquesta edici\u00f3\u00a0\u201cJunts per una Internet millor\u201d.<br \/>\nAquest esdeveniment est\u00e0 promogut per la xarxa\u00a0<a href=\"https:\/\/www.betterinternetforkids.eu\/\" target=\"_blank\" rel=\"noopener\">INSAFE\/INHOPE<\/a>\u00a0amb el recolzament de la Comissi\u00f3&hellip;  <a href=\"https:\/\/serveiseducatius.xtec.cat\/segarra\/general\/dia-de-la-internet-segura-2022\/\" title=\"Read Dia de la Internet Segura 2022\">Llegeix m\u00e9s\u00bb<\/a><\/p>\n","protected":false},"author":4,"featured_media":13589,"comment_status":"closed","ping_status":"closed","sticky":false,"template":"","format":"standard","meta":{"_bbp_topic_count":0,"_bbp_reply_count":0,"_bbp_total_topic_count":0,"_bbp_total_reply_count":0,"_bbp_voice_count":0,"_bbp_anonymous_reply_count":0,"_bbp_topic_count_hidden":0,"_bbp_reply_count_hidden":0,"_bbp_forum_subforum_count":0,"footnotes":""},"categories":[78,1,29],"tags":[588,875,445,876],"class_list":["post-15599","post","type-post","status-publish","format-standard","has-post-thumbnail","hentry","category-cd","category-general","category-portada","tag-diainternetsegura","tag-sid2022","tag-internet-segura","tag-seguretat-a-internet"],"post_mailing_queue_ids":[],"_links":{"self":[{"href":"https:\/\/serveiseducatius.xtec.cat\/segarra\/wp-json\/wp\/v2\/posts\/15599","targetHints":{"allow":["GET"]}}],"collection":[{"href":"https:\/\/serveiseducatius.xtec.cat\/segarra\/wp-json\/wp\/v2\/posts"}],"about":[{"href":"https:\/\/serveiseducatius.xtec.cat\/segarra\/wp-json\/wp\/v2\/types\/post"}],"author":[{"embeddable":true,"href":"https:\/\/serveiseducatius.xtec.cat\/segarra\/wp-json\/wp\/v2\/users\/4"}],"replies":[{"embeddable":true,"href":"https:\/\/serveiseducatius.xtec.cat\/segarra\/wp-json\/wp\/v2\/comments?post=15599"}],"version-history":[{"count":3,"href":"https:\/\/serveiseducatius.xtec.cat\/segarra\/wp-json\/wp\/v2\/posts\/15599\/revisions"}],"predecessor-version":[{"id":15628,"href":"https:\/\/serveiseducatius.xtec.cat\/segarra\/wp-json\/wp\/v2\/posts\/15599\/revisions\/15628"}],"wp:featuredmedia":[{"embeddable":true,"href":"https:\/\/serveiseducatius.xtec.cat\/segarra\/wp-json\/wp\/v2\/media\/13589"}],"wp:attachment":[{"href":"https:\/\/serveiseducatius.xtec.cat\/segarra\/wp-json\/wp\/v2\/media?parent=15599"}],"wp:term":[{"taxonomy":"category","embeddable":true,"href":"https:\/\/serveiseducatius.xtec.cat\/segarra\/wp-json\/wp\/v2\/categories?post=15599"},{"taxonomy":"post_tag","embeddable":true,"href":"https:\/\/serveiseducatius.xtec.cat\/segarra\/wp-json\/wp\/v2\/tags?post=15599"}],"curies":[{"name":"wp","href":"https:\/\/api.w.org\/{rel}","templated":true}]}}