{"id":15176,"date":"2021-12-01T12:40:00","date_gmt":"2021-12-01T11:40:00","guid":{"rendered":"https:\/\/serveiseducatius.xtec.cat\/segarra\/?p=15176"},"modified":"2021-12-01T12:40:00","modified_gmt":"2021-12-01T11:40:00","slug":"novetats-en-els-recursos-educatius-educac","status":"publish","type":"post","link":"https:\/\/serveiseducatius.xtec.cat\/segarra\/general\/novetats-en-els-recursos-educatius-educac\/","title":{"rendered":"Novetats en els recursos educatius eduCAC"},"content":{"rendered":"<p><span lang=\"CA\">El curs passat vam presentar-vos els recursos educatius que ofereix l\u2019<\/span><a href=\"https:\/\/www.educac.cat\/\" target=\"_blank\" rel=\"noopener noreferrer\" data-saferedirecturl=\"https:\/\/www.google.com\/url?q=https:\/\/www.educac.cat\/&amp;source=gmail&amp;ust=1638442709441000&amp;usg=AOvVaw1ZnNfYAUfpScV0mSYRiMUC\"><span lang=\"CA\"><span class=\"il\"><strong>eduCAC<\/strong><\/span><\/span><\/a><span lang=\"CA\">, el programa educatiu per promoure l\u2019educaci\u00f3 medi\u00e0tica i digital del\u00a0<\/span><a href=\"https:\/\/www.cac.cat\/\" target=\"_blank\" rel=\"noopener noreferrer\" data-saferedirecturl=\"https:\/\/www.google.com\/url?q=https:\/\/www.cac.cat\/&amp;source=gmail&amp;ust=1638442709441000&amp;usg=AOvVaw3oelBPiv0ZwKaafvR20Tq5\"><span lang=\"CA\">Consell de l\u2019Audiovisual de Catalunya<\/span><\/a><span lang=\"CA\">.\u00a0<\/span><\/p>\n<p><img loading=\"lazy\" decoding=\"async\" class=\"size-full wp-image-15178 alignright\" src=\"https:\/\/serveiseducatius.xtec.cat\/segarra\/wp-content\/uploads\/usu1148\/2021\/12\/EDUCAC-portada.png\" alt=\"\" width=\"225\" height=\"225\" srcset=\"https:\/\/serveiseducatius.xtec.cat\/segarra\/wp-content\/uploads\/usu1148\/2021\/12\/EDUCAC-portada.png 225w, https:\/\/serveiseducatius.xtec.cat\/segarra\/wp-content\/uploads\/usu1148\/2021\/12\/EDUCAC-portada-150x150.png 150w\" sizes=\"auto, (max-width: 225px) 100vw, 225px\" \/><\/p>\n<p>Aprofitant que coneixeu la proposta educativa, us presentem algunes <b>novetats<\/b>\u00a0<b>ideades<\/b>\u00a0<b>per facilitar l\u2019aproximaci\u00f3 als continguts de les <a href=\"https:\/\/www.educac.cat\/professorat\/unitats-didactiques\" target=\"_blank\" rel=\"noopener\">unitats did\u00e0ctiques d\u2019<span class=\"il\">eduCAC<\/span><\/a>\u00a0i per organitzar el treball a l\u2019aula de les mateixes<\/b>.<\/p>\n<p>En el portal, a la p\u00e0gina de cada unitat did\u00e0ctica hi han incorporat dues pestanyes amb els continguts:<\/p>\n<table style=\"border-collapse: collapse; width: 75.6991%;\">\n<tbody>\n<tr>\n<td style=\"width: 26.8673%;\">\n<ul style=\"font-size: 16px; font-family: 'Helvetica Neue', Helvetica, Helvetica, Arial, sans-serif;\">\n<li><strong><span lang=\"CA\" style=\"color: #ff9900;\">Mapa de la unitat (<i>primera pestanya<\/i>)<\/span><\/strong><\/li>\n<li><span style=\"color: #ff9900;\"><strong><span lang=\"CA\">Tens poc temps? (<i>quarta pestanya<\/i>)<\/span><\/strong><\/span><\/li>\n<\/ul>\n<\/td>\n<td style=\"width: 47.3498%;\"><img loading=\"lazy\" decoding=\"async\" id=\"m_8341634943052859405img387238\" class=\"CToWUd aligncenter\" style=\"font-size: 16px;\" src=\"https:\/\/mail.google.com\/mail\/u\/0?ui=2&amp;ik=7ca4b4461d&amp;attid=0.0.1&amp;permmsgid=msg-f:1714936172234452229&amp;th=17ccad5cce80ad05&amp;view=fimg&amp;fur=ip&amp;sz=s0-l75-ft&amp;attbid=ANGjdJ9bN9NxoRqSPABNuNpmLqgVxJkztIC2SD2B8HJGrz69Zg1r-jkDjGkMdYyscIdmYQt16ovFCkbecnFIMG4sldGXGc0i9Yj01_vRCCTwEgQ6kGqTf3DzAdPWKBY&amp;disp=emb\" width=\"555\" height=\"79\" data-image-whitelisted=\"\" \/><\/td>\n<\/tr>\n<\/tbody>\n<\/table>\n<p><span lang=\"CA\">La pestanya <span style=\"color: #ff9900;\"><b>Mapa de la unitat<\/b><\/span>\u00a0presenta una infografia conceptual que serveix de\u00a0<b>resum destacat de tot el que podeu trobar en la unitat<\/b>. D\u2019aquesta manera \u00e9s m\u00e9s f\u00e0cil identificar all\u00f2 que interessa i els temes claus de cada unitat.<\/span><\/p>\n<p><span lang=\"CA\">La pestanya <span style=\"color: #ff9900;\"><b>Tens poc temps?<\/b><\/span>, convida a fer\u00a0<b>\u00fas de la unitat d\u2019una manera m\u00e9s r\u00e0pida<\/b>, abordant els temes clau i oferint un recurs de cada per treballar-ho amb l\u2019alumnat.<\/span><\/p>\n<p><span lang=\"CA\">A m\u00e9s, la pestanya <span style=\"color: #ff9900;\"><b>Seq\u00fc\u00e8ncia d\u2019activitats <\/b><\/span>presenta un <b>nou format navegable<\/b>; de manera que es poden\u00a0<b>consultar i descarregar de forma independent<\/b>\u00a0les diverses seccions que conformen cada unitat.<\/span><\/p>\n<p><span lang=\"CA\">Aquestes novetats estan disponibles en\u00a0<b>4 de les unitats did\u00e0ctiques<\/b> i s\u2019est\u00e0 treballant en les restants.<\/span><\/p>\n<p><span lang=\"CA\">Us compartim el <span style=\"background-color: #ffc15e;\">MAPA DE LA UNITAT<\/span> de les 4 actuals pel vostre inter\u00e8s i consulta. La resta de continguts els podeu consultar en el portal d\u2019<span class=\"il\">eduCAC<\/span>\u00a0un cop inicieu la\u00a0<\/span><a href=\"https:\/\/www.educac.cat\/acces-educac\" target=\"_blank\" rel=\"noopener noreferrer\" data-saferedirecturl=\"https:\/\/www.google.com\/url?q=https:\/\/www.educac.cat\/acces-educac&amp;source=gmail&amp;ust=1638442709441000&amp;usg=AOvVaw3JudgbPP9fKeynOaVI95Z2\"><span lang=\"CA\">vostra sessi\u00f3 o us hi registreu<\/span><\/a><span lang=\"CA\">. Recordem que el registre \u00e9s gratu\u00eft.<\/span><\/p>\n<table style=\"width: 40.4641%; border-collapse: collapse; background-color: #ffc15e;\">\n<tbody>\n<tr>\n<td style=\"width: 100%;\">\n<ul style=\"font-size: 16px; font-family: 'Helvetica Neue', Helvetica, Helvetica, Arial, sans-serif;\" type=\"disc\">\n<li><strong><a style=\"color: #2795b6;\" href=\"https:\/\/drive.google.com\/file\/d\/1FLir2F1TbBtj-ofUW7mL-6CtzdjUR7Xn\/view?usp=sharing\" target=\"_blank\" rel=\"noopener\"><span lang=\"CA\">A qui em crec (Unitat Did\u00e0ctica 03)<\/span><\/a><\/strong><\/li>\n<li><strong><a href=\"https:\/\/drive.google.com\/file\/d\/1Gb9bG4LWl-wQ4zvcpEak6WPNSptizlKQ\/view?usp=sharing\" target=\"_blank\" rel=\"noopener\"><span lang=\"CA\">Cinema, m\u00e9s que entreteniment (Unitat Did\u00e0ctica 08)<\/span><\/a><\/strong><\/li>\n<li><strong><a href=\"https:\/\/drive.google.com\/file\/d\/1xXgGUNnGyzxGdiEjVOED77FOydkBBLT3\/view?usp=sharing\" target=\"_blank\" rel=\"noopener\"><span lang=\"CA\">Aix\u00f2 tamb\u00e9 \u00e9s publicitat (Unitat Did\u00e0ctica 09)<\/span><\/a><\/strong><\/li>\n<li><strong><span lang=\"CA\"><a href=\"https:\/\/drive.google.com\/file\/d\/1Tv0ODFXQ71oSmHyCeq0FeyWL-boRbAQk\/view?usp=sharing\" target=\"_blank\" rel=\"noopener\">El m\u00f2bil, jo i els altres (Unitat Did\u00e0ctica 11)<\/a><\/span><\/strong><\/li>\n<\/ul>\n<\/td>\n<\/tr>\n<\/tbody>\n<\/table>\n","protected":false},"excerpt":{"rendered":"<p>El curs passat vam presentar-vos els recursos educatius que ofereix l\u2019<a href=\"https:\/\/www.educac.cat\/\" target=\"_blank\" rel=\"noopener noreferrer\" data-saferedirecturl=\"https:\/\/www.google.com\/url?q=https:\/\/www.educac.cat\/&amp;source=gmail&amp;ust=1638442709441000&amp;usg=AOvVaw1ZnNfYAUfpScV0mSYRiMUC\">eduCAC<\/a>, el programa educatiu per promoure l\u2019educaci\u00f3 medi\u00e0tica i digital del\u00a0<a href=\"https:\/\/www.cac.cat\/\" target=\"_blank\" rel=\"noopener noreferrer\" data-saferedirecturl=\"https:\/\/www.google.com\/url?q=https:\/\/www.cac.cat\/&amp;source=gmail&amp;ust=1638442709441000&amp;usg=AOvVaw3oelBPiv0ZwKaafvR20Tq5\">Consell de l\u2019Audiovisual de Catalunya<\/a>.\u00a0<\/p>\n<p>Aprofitant que coneixeu la proposta educativa, us presentem algunes novetats\u00a0ideades\u00a0per facilitar&hellip;  <a href=\"https:\/\/serveiseducatius.xtec.cat\/segarra\/general\/novetats-en-els-recursos-educatius-educac\/\" title=\"Read Novetats en els recursos educatius eduCAC\">Llegeix m\u00e9s\u00bb<\/a><\/p>\n","protected":false},"author":4,"featured_media":15178,"comment_status":"closed","ping_status":"closed","sticky":false,"template":"","format":"standard","meta":{"_bbp_topic_count":0,"_bbp_reply_count":0,"_bbp_total_topic_count":0,"_bbp_total_reply_count":0,"_bbp_voice_count":0,"_bbp_anonymous_reply_count":0,"_bbp_topic_count_hidden":0,"_bbp_reply_count_hidden":0,"_bbp_forum_subforum_count":0,"footnotes":""},"categories":[1,29],"tags":[843,37,844,636,708,845],"class_list":["post-15176","post","type-post","status-publish","format-standard","has-post-thumbnail","hentry","category-general","category-portada","tag-educac","tag-audiovisuals","tag-educacio-en-comunicacio","tag-educacio-mediatica","tag-recursos-educatius","tag-unitats-didactiques"],"post_mailing_queue_ids":[],"_links":{"self":[{"href":"https:\/\/serveiseducatius.xtec.cat\/segarra\/wp-json\/wp\/v2\/posts\/15176","targetHints":{"allow":["GET"]}}],"collection":[{"href":"https:\/\/serveiseducatius.xtec.cat\/segarra\/wp-json\/wp\/v2\/posts"}],"about":[{"href":"https:\/\/serveiseducatius.xtec.cat\/segarra\/wp-json\/wp\/v2\/types\/post"}],"author":[{"embeddable":true,"href":"https:\/\/serveiseducatius.xtec.cat\/segarra\/wp-json\/wp\/v2\/users\/4"}],"replies":[{"embeddable":true,"href":"https:\/\/serveiseducatius.xtec.cat\/segarra\/wp-json\/wp\/v2\/comments?post=15176"}],"version-history":[{"count":3,"href":"https:\/\/serveiseducatius.xtec.cat\/segarra\/wp-json\/wp\/v2\/posts\/15176\/revisions"}],"predecessor-version":[{"id":15191,"href":"https:\/\/serveiseducatius.xtec.cat\/segarra\/wp-json\/wp\/v2\/posts\/15176\/revisions\/15191"}],"wp:featuredmedia":[{"embeddable":true,"href":"https:\/\/serveiseducatius.xtec.cat\/segarra\/wp-json\/wp\/v2\/media\/15178"}],"wp:attachment":[{"href":"https:\/\/serveiseducatius.xtec.cat\/segarra\/wp-json\/wp\/v2\/media?parent=15176"}],"wp:term":[{"taxonomy":"category","embeddable":true,"href":"https:\/\/serveiseducatius.xtec.cat\/segarra\/wp-json\/wp\/v2\/categories?post=15176"},{"taxonomy":"post_tag","embeddable":true,"href":"https:\/\/serveiseducatius.xtec.cat\/segarra\/wp-json\/wp\/v2\/tags?post=15176"}],"curies":[{"name":"wp","href":"https:\/\/api.w.org\/{rel}","templated":true}]}}