{"id":14860,"date":"2021-11-03T18:39:41","date_gmt":"2021-11-03T17:39:41","guid":{"rendered":"https:\/\/serveiseducatius.xtec.cat\/segarra\/?p=14860"},"modified":"2021-11-30T13:48:54","modified_gmt":"2021-11-30T12:48:54","slug":"torna-el-concurs-jo-tinc-la-paraula","status":"publish","type":"post","link":"https:\/\/serveiseducatius.xtec.cat\/segarra\/portada\/torna-el-concurs-jo-tinc-la-paraula\/","title":{"rendered":"Torna el concurs &#8220;Jo tinc la paraula&#8221;"},"content":{"rendered":"<h3><a href=\"http:\/\/xtec.gencat.cat\/ca\/projectes\/llengua-oral\/tenim-la-paraula\/concurs-jo-tinc-la-paraula\/\" target=\"_blank\" rel=\"noopener\" data-saferedirecturl=\"https:\/\/www.google.com\/url?q=http:\/\/xtec.gencat.cat\/ca\/projectes\/llengua-oral\/tenim-la-paraula\/concurs-jo-tinc-la-paraula\/&amp;source=gmail&amp;ust=1638356203217000&amp;usg=AOvVaw29OBmdn_bnz2-ympH9oEav\">II Concurs Jo tinc la paraula\u00a0 &#8211; Curs 2021-2022<\/a><\/h3>\n<p>En el context del programa Tenim la paraula, que el Departament d\u2019Educaci\u00f3 impulsa des del curs 2019-2020, s\u2019han previst un seguit d\u2019actuacions que interpel\u00b7lin directament l\u2019alumnat de secund\u00e0ria i batxillerat en l\u2019\u00fas i la millora de la comunicaci\u00f3 oral tant a l\u2019aula com en altres contextos d\u2019interacci\u00f3.<\/p>\n<p>Una d\u2019aquestes actuacions \u00e9s el <a href=\"http:\/\/xtec.gencat.cat\/ca\/projectes\/llengua-oral\/tenim-la-paraula\/concurs-jo-tinc-la-paraula\/\" target=\"_blank\" rel=\"noopener\">concurs Jo tinc la paraula<\/a>, que t\u00e9 com a objectiu provocar la reflexi\u00f3 per part de l\u2019<strong>alumnat de secund\u00e0ria i batxillerat<\/strong> sobre els components que fan que la comunicaci\u00f3 oral sigui efica\u00e7. Amb un enr<span style=\"font-family: inherit; font-size: 1em;\">egistrament de v\u00eddeo, a la manera d\u2019un youtuber, podran expressar-se i comunicar les seves idees, opinions, dubtes, experi\u00e8ncies, etc.<\/span><\/p>\n<p dir=\"ltr\"><img loading=\"lazy\" decoding=\"async\" class=\" wp-image-15029 alignnone\" src=\"https:\/\/serveiseducatius.xtec.cat\/segarra\/wp-content\/uploads\/usu1148\/2021\/11\/recursos-1.png\" alt=\"\" width=\"41\" height=\"40\" \/>Per participar al concurs s\u2019ha de triar un dels cinc <strong>tutorials<\/strong> de la campanya publicit\u00e0ria Tenim la paraula, que es poden veure als <a href=\"https:\/\/www.youtube.com\/channel\/UCi54GZKZn3evP4dHenUgakQ\/playlists\" target=\"_blank\" rel=\"noopener\" data-saferedirecturl=\"https:\/\/www.google.com\/url?q=https:\/\/www.youtube.com\/channel\/UCi54GZKZn3evP4dHenUgakQ\/playlists&amp;source=gmail&amp;ust=1638356203217000&amp;usg=AOvVaw3ziCJHxtWo4yF0-TvdgFOK\">canals de la plataforma YouTube<\/a> i d<a href=\"https:\/\/www.instagram.com\/jotinclaparaula\/\" target=\"_blank\" rel=\"noopener\" data-saferedirecturl=\"https:\/\/www.google.com\/url?q=https:\/\/www.instagram.com\/jotinclaparaula\/&amp;source=gmail&amp;ust=1638356203217000&amp;usg=AOvVaw09-6Nxum2L1q-l4lFkXOgW\">\u2019Instagram<\/a> del Departament d\u2019Educaci\u00f3.<\/p>\n<p><a href=\"https:\/\/www.youtube.com\/embed\/E9uTDTDQP4c\" target=\"_blank\" rel=\"noopener\">1. La por de parlar en p\u00fablic<\/a><\/p>\n<p><a href=\"https:\/\/www.youtube.com\/embed\/Q0K7hvHE25A\" target=\"_blank\" rel=\"noopener\">2. El llenguatge no verbal<\/a><\/p>\n<p><a href=\"https:\/\/www.youtube.com\/embed\/_VF2maBJYLw\" target=\"_blank\" rel=\"noopener\">3. Tenir flu\u00efdesa oral<\/a><\/p>\n<p><a href=\"https:\/\/www.youtube.com\/embed\/1aMm5oRq2pI\" target=\"_blank\" rel=\"noopener\">4. El di\u00e0leg<\/a><\/p>\n<p><a href=\"https:\/\/www.youtube.com\/embed\/Jv90Ag7XwHk\" target=\"_blank\" rel=\"noopener\">5. Adaptar-se al context<\/a><\/p>\n<p><a href=\"https:\/\/www.youtube.com\/embed\/FVppSlfx5To\" target=\"_blank\" rel=\"noopener\">6. Com es fa un v\u00eddeo<\/a><\/p>\n<p dir=\"ltr\"><img loading=\"lazy\" decoding=\"async\" class=\" wp-image-15038 alignnone\" src=\"https:\/\/serveiseducatius.xtec.cat\/segarra\/wp-content\/uploads\/usu1148\/2021\/11\/categories.png\" alt=\"\" width=\"41\" height=\"42\" \/>S\u2019estableixen quatre categories (A, B, C i D), corresponents a nivells educatius diferents o a moments diferents pel que fa a l\u2019aprenentatge de la llengua.<\/p>\n<p><img loading=\"lazy\" decoding=\"async\" class=\"wp-image-13111 alignnone\" src=\"https:\/\/serveiseducatius.xtec.cat\/segarra\/wp-content\/uploads\/usu1148\/2021\/05\/NOU-e1619944514879.png\" alt=\"\" width=\"39\" height=\"40\" srcset=\"https:\/\/serveiseducatius.xtec.cat\/segarra\/wp-content\/uploads\/usu1148\/2021\/05\/NOU-e1619944514879.png 236w, https:\/\/serveiseducatius.xtec.cat\/segarra\/wp-content\/uploads\/usu1148\/2021\/05\/NOU-e1619944514879-150x150.png 150w\" sizes=\"auto, (max-width: 39px) 100vw, 39px\" \/>Cal destacar que enguany el concurs compta a<span style=\"font-family: inherit; font-size: 1em;\">mb una <\/span><strong style=\"font-family: inherit; font-size: 1em;\">nova categoria (Categoria D. Nous parlants)<\/strong><span style=\"font-family: inherit; font-size: 1em;\">, la qual cosa obrir\u00e0 la participaci\u00f3 a l&#8217;alumnat arribat en el sistema educatiu catal\u00e0 en els \u00faltims 3 anys, amb un nivell m\u00ednim A2 (usuari b\u00e0sic), segons l\u2019adaptaci\u00f3 que s\u2019ha fet del Marc com\u00fa de refer\u00e8ncia per a les lleng\u00fces: aprendre, ensenyar, avaluar per a escolars de 8 a 16 anys.<\/span><\/p>\n<table style=\"width: 100%; border-collapse: collapse; background-color: #e6d8d8;\">\n<tbody>\n<tr>\n<td style=\"width: 100%;\">\n<p style=\"font-family: 'Helvetica Neue', Helvetica, Helvetica, Arial, sans-serif; font-size: 16px; text-align: center;\">\ud83d\udcc5El per\u00edode de lliurament dels v\u00eddeos \u00e9s del 2 de novembre de 2021 al 18 de febrer de 2022.<\/p>\n<p style=\"font-family: 'Helvetica Neue', Helvetica, Helvetica, Arial, sans-serif; font-size: 16px; text-align: center;\">\ud83d\udcddTrobareu el full d\u2019inscripci\u00f3 a la p\u00e0gina web d\u2019xtec, dins de l\u2019apartat \u201cLliurament de v\u00eddeos\u201d.<\/p>\n<\/td>\n<\/tr>\n<\/tbody>\n<\/table>\n<p><img loading=\"lazy\" decoding=\"async\" class=\" wp-image-15034 alignnone\" src=\"https:\/\/serveiseducatius.xtec.cat\/segarra\/wp-content\/uploads\/usu1148\/2021\/11\/link.png\" alt=\"\" width=\"51\" height=\"49\" \/>Podeu accedir a les <strong>bases<\/strong> a trav\u00e9s d&#8217;aquest <a href=\"http:\/\/xtec.gencat.cat\/web\/.content\/projectes\/llengua-oral\/tenim-la-paraula\/concurs-jo-tinc-la-paraula\/documents\/2122_Bases-del-concurs-JO-TINC-LA-PARAULA.pdf\"><strong>ENLLA\u00c7<\/strong><\/a><\/p>\n<p>.<img loading=\"lazy\" decoding=\"async\" class=\" wp-image-15035 alignnone\" src=\"https:\/\/serveiseducatius.xtec.cat\/segarra\/wp-content\/uploads\/usu1148\/2021\/11\/mes-info-1.png\" alt=\"\" width=\"41\" height=\"42\" \/>Si voleu informaci\u00f3 m\u00e9s detallada, cliqueu <a href=\"http:\/\/xtec.gencat.cat\/ca\/projectes\/llengua-oral\/tenim-la-paraula\/concurs-jo-tinc-la-paraula\"><strong>AQU\u00cd<\/strong><\/a>.<a href=\"https:\/\/serveiseducatius.xtec.cat\/segarra\/wp-content\/uploads\/usu1148\/2021\/11\/JO-TINC-LA-PARAULA.png\"><img loading=\"lazy\" decoding=\"async\" class=\"wp-image-14861 aligncenter\" src=\"https:\/\/serveiseducatius.xtec.cat\/segarra\/wp-content\/uploads\/usu1148\/2021\/11\/JO-TINC-LA-PARAULA.png\" alt=\"\" width=\"703\" height=\"527\" \/><\/a><\/p>\n","protected":false},"excerpt":{"rendered":"<p><a href=\"http:\/\/xtec.gencat.cat\/ca\/projectes\/llengua-oral\/tenim-la-paraula\/concurs-jo-tinc-la-paraula\/\" target=\"_blank\" rel=\"noopener\" data-saferedirecturl=\"https:\/\/www.google.com\/url?q=http:\/\/xtec.gencat.cat\/ca\/projectes\/llengua-oral\/tenim-la-paraula\/concurs-jo-tinc-la-paraula\/&amp;source=gmail&amp;ust=1638356203217000&amp;usg=AOvVaw29OBmdn_bnz2-ympH9oEav\">II Concurs Jo tinc la paraula\u00a0 &#8211; Curs 2021-2022<\/a><br \/>\nEn el context del programa Tenim la paraula, que el Departament d\u2019Educaci\u00f3 impulsa des del curs 2019-2020, s\u2019han previst un seguit d\u2019actuacions que interpel\u00b7lin directament l\u2019alumnat de secund\u00e0ria i batxillerat en l\u2019\u00fas i&hellip;  <a href=\"https:\/\/serveiseducatius.xtec.cat\/segarra\/portada\/torna-el-concurs-jo-tinc-la-paraula\/\" title=\"Read Torna el concurs &#8220;Jo tinc la paraula&#8221;\">Llegeix m\u00e9s\u00bb<\/a><\/p>\n","protected":false},"author":594,"featured_media":14861,"comment_status":"closed","ping_status":"closed","sticky":false,"template":"","format":"standard","meta":{"_bbp_topic_count":0,"_bbp_reply_count":0,"_bbp_total_topic_count":0,"_bbp_total_reply_count":0,"_bbp_voice_count":0,"_bbp_anonymous_reply_count":0,"_bbp_topic_count_hidden":0,"_bbp_reply_count_hidden":0,"_bbp_forum_subforum_count":0,"footnotes":""},"categories":[29],"tags":[249,664,295,810,811,371,809],"class_list":["post-14860","post","type-post","status-publish","format-standard","has-post-thumbnail","hentry","category-portada","tag-batxillerat","tag-comunicacio","tag-concurs","tag-jo-tinc-la-paraula","tag-oralitat","tag-secundaria","tag-tenim-la-paraula"],"post_mailing_queue_ids":[],"_links":{"self":[{"href":"https:\/\/serveiseducatius.xtec.cat\/segarra\/wp-json\/wp\/v2\/posts\/14860","targetHints":{"allow":["GET"]}}],"collection":[{"href":"https:\/\/serveiseducatius.xtec.cat\/segarra\/wp-json\/wp\/v2\/posts"}],"about":[{"href":"https:\/\/serveiseducatius.xtec.cat\/segarra\/wp-json\/wp\/v2\/types\/post"}],"author":[{"embeddable":true,"href":"https:\/\/serveiseducatius.xtec.cat\/segarra\/wp-json\/wp\/v2\/users\/594"}],"replies":[{"embeddable":true,"href":"https:\/\/serveiseducatius.xtec.cat\/segarra\/wp-json\/wp\/v2\/comments?post=14860"}],"version-history":[{"count":3,"href":"https:\/\/serveiseducatius.xtec.cat\/segarra\/wp-json\/wp\/v2\/posts\/14860\/revisions"}],"predecessor-version":[{"id":15033,"href":"https:\/\/serveiseducatius.xtec.cat\/segarra\/wp-json\/wp\/v2\/posts\/14860\/revisions\/15033"}],"wp:featuredmedia":[{"embeddable":true,"href":"https:\/\/serveiseducatius.xtec.cat\/segarra\/wp-json\/wp\/v2\/media\/14861"}],"wp:attachment":[{"href":"https:\/\/serveiseducatius.xtec.cat\/segarra\/wp-json\/wp\/v2\/media?parent=14860"}],"wp:term":[{"taxonomy":"category","embeddable":true,"href":"https:\/\/serveiseducatius.xtec.cat\/segarra\/wp-json\/wp\/v2\/categories?post=14860"},{"taxonomy":"post_tag","embeddable":true,"href":"https:\/\/serveiseducatius.xtec.cat\/segarra\/wp-json\/wp\/v2\/tags?post=14860"}],"curies":[{"name":"wp","href":"https:\/\/api.w.org\/{rel}","templated":true}]}}