{"id":14769,"date":"2021-10-29T11:24:06","date_gmt":"2021-10-29T09:24:06","guid":{"rendered":"https:\/\/serveiseducatius.xtec.cat\/segarra\/?p=14769"},"modified":"2021-10-31T19:20:23","modified_gmt":"2021-10-31T18:20:23","slug":"setmana-europea-de-la-prevencio-de-residus-2","status":"publish","type":"post","link":"https:\/\/serveiseducatius.xtec.cat\/segarra\/general\/setmana-europea-de-la-prevencio-de-residus-2\/","title":{"rendered":"Setmana europea de la prevenci\u00f3 de residus"},"content":{"rendered":"<p><img loading=\"lazy\" decoding=\"async\" class=\" wp-image-14771 aligncenter\" src=\"https:\/\/serveiseducatius.xtec.cat\/segarra\/wp-content\/uploads\/usu1148\/2021\/10\/setmana-europea-residus-21-22.jpg\" alt=\"\" width=\"565\" height=\"106\" srcset=\"https:\/\/serveiseducatius.xtec.cat\/segarra\/wp-content\/uploads\/usu1148\/2021\/10\/setmana-europea-residus-21-22.jpg 750w, https:\/\/serveiseducatius.xtec.cat\/segarra\/wp-content\/uploads\/usu1148\/2021\/10\/setmana-europea-residus-21-22-300x56.jpg 300w\" sizes=\"auto, (max-width: 565px) 100vw, 565px\" \/>La\u00a0<a href=\"http:\/\/residus.gencat.cat\/ca\/ambits_dactuacio\/prevencio\/setmana_europea\/\" target=\"_blank\" rel=\"noopener\">Setmana Europea de la Prevenci\u00f3 de Residus<\/a>\u00a0neix d\u2019un projecte de 3 anys que rep el suport del programa LIFE+ de la Comissi\u00f3 Europea. L\u2019objectiu \u00e9s organitzar durant una mateixa setmana i arreu d\u2019Europa, accions de sensibilitzaci\u00f3 sobre la prevenci\u00f3 de residus.<\/p>\n<p><strong>Una Setmana Europea per:<\/strong><\/p>\n<ul>\n<li>Donar a con\u00e8ixer estrat\u00e8gies de reducci\u00f3 de residus i la pol\u00edtica de la Uni\u00f3 Europea i dels seus Estats membres en aquesta mat\u00e8ria.<\/li>\n<li>Fomentar accions sostenibles per reduir els residus arreu d\u2019Europa.<\/li>\n<li>Fer p\u00fablic les tasques dutes a terme pels diversos actors mitjan\u00e7ant exemples concrets de reducci\u00f3 de residus.<\/li>\n<li>Fer canviar el comportament quotidi\u00e0 dels europeus (consum, producci\u00f3).<\/li>\n<\/ul>\n<p>Sumeu-vos a un m\u00f3n amb menys residus!<\/p>\n<p><strong>Organitzeu una acci\u00f3<\/strong> per la <strong>13 edici\u00f3 de la <a href=\"http:\/\/residus.gencat.cat\/ca\/ambits_dactuacio\/prevencio\/setmana_europea\/\" target=\"_blank\" rel=\"noopener\">Setmana Europea de la Prevenci\u00f3 de Residus<\/a><\/strong>\u00a0del\u00a0<strong>20 al 28 de novembre de 2021, <\/strong>el dia tem\u00e0tic posa el focus en el binomi <strong>comunitat circular, comunitat sostenible<\/strong>, treballem plegats per un planeta residus zero!<\/p>\n<p style=\"text-align: center;\"><iframe loading=\"lazy\" title=\"YouTube video player\" src=\"https:\/\/www.youtube.com\/embed\/og2mdc5ylvc\" width=\"560\" height=\"315\" frameborder=\"0\" allowfullscreen=\"allowfullscreen\"><\/iframe><\/p>\n<ul style=\"list-style-type: square;\">\n<li>Inspireu-vos: <a href=\"https:\/\/eur03.safelinks.protection.outlook.com\/?url=http%3A%2F%2Fresidus.gencat.cat%2Fca%2Fambits_dactuacio%2Fprevencio%2Fsetmana_europea%2Fcataleg_accions_de_prevencio%2F&amp;data=04%7C01%7Cpperezc%40gencat.cat%7Ca9aca4300ced42009f5708d995341a02%7C3b9427dcd30e43bc8c06ff7253676fec%7C1%7C0%7C637704873288712551%7CUnknown%7CTWFpbGZsb3d8eyJWIjoiMC4wLjAwMDAiLCJQIjoiV2luMzIiLCJBTiI6Ik1haWwiLCJXVCI6Mn0%3D%7C1000&amp;sdata=t9IGMnib8S1DehZg%2FtHjwbPnMqBBQjVq04fDswzh5wk%3D&amp;reserved=0\" data-saferedirecturl=\"https:\/\/www.google.com\/url?q=https:\/\/eur03.safelinks.protection.outlook.com\/?url%3Dhttp%253A%252F%252Fresidus.gencat.cat%252Fca%252Fambits_dactuacio%252Fprevencio%252Fsetmana_europea%252Fcataleg_accions_de_prevencio%252F%26data%3D04%257C01%257Cpperezc%2540gencat.cat%257Ca9aca4300ced42009f5708d995341a02%257C3b9427dcd30e43bc8c06ff7253676fec%257C1%257C0%257C637704873288712551%257CUnknown%257CTWFpbGZsb3d8eyJWIjoiMC4wLjAwMDAiLCJQIjoiV2luMzIiLCJBTiI6Ik1haWwiLCJXVCI6Mn0%253D%257C1000%26sdata%3Dt9IGMnib8S1DehZg%252FtHjwbPnMqBBQjVq04fDswzh5wk%253D%26reserved%3D0&amp;source=gmail&amp;ust=1635418474880000&amp;usg=AFQjCNGlMPsMuvuMtJsdkveQZ0TV_8-xJg\">Al cat\u00e0leg d\u2019accions <\/a>teniu idees, eines i fitxes descriptives per crear un taller, un mercat, una campanya\u2026 que ajudi a reduir la generaci\u00f3 de residus!\u00a0I material comunicatiu com\u00fa del dia de la prevenci\u00f3:\u00a0<a href=\"https:\/\/eur03.safelinks.protection.outlook.com\/?url=http%3A%2F%2Fresidus.gencat.cat%2Fca%2Fambits_dactuacio%2Fprevencio%2Fsetmana_europea%2Fdies_tematics%2F&amp;data=04%7C01%7Cpperezc%40gencat.cat%7Ca9aca4300ced42009f5708d995341a02%7C3b9427dcd30e43bc8c06ff7253676fec%7C1%7C0%7C637704873288722545%7CUnknown%7CTWFpbGZsb3d8eyJWIjoiMC4wLjAwMDAiLCJQIjoiV2luMzIiLCJBTiI6Ik1haWwiLCJXVCI6Mn0%3D%7C1000&amp;sdata=BPTdG3Ed0OEpX%2BIFDQLjIC%2BYvWT6Mf%2BiQqugWq6dOAo%3D&amp;reserved=0\" data-saferedirecturl=\"https:\/\/www.google.com\/url?q=https:\/\/eur03.safelinks.protection.outlook.com\/?url%3Dhttp%253A%252F%252Fresidus.gencat.cat%252Fca%252Fambits_dactuacio%252Fprevencio%252Fsetmana_europea%252Fdies_tematics%252F%26data%3D04%257C01%257Cpperezc%2540gencat.cat%257Ca9aca4300ced42009f5708d995341a02%257C3b9427dcd30e43bc8c06ff7253676fec%257C1%257C0%257C637704873288722545%257CUnknown%257CTWFpbGZsb3d8eyJWIjoiMC4wLjAwMDAiLCJQIjoiV2luMzIiLCJBTiI6Ik1haWwiLCJXVCI6Mn0%253D%257C1000%26sdata%3DBPTdG3Ed0OEpX%252BIFDQLjIC%252BYvWT6Mf%252BiQqugWq6dOAo%253D%26reserved%3D0&amp;source=gmail&amp;ust=1635418474880000&amp;usg=AFQjCNGQqY5RWQlDwR4JLsYnHf6mScTNjA\">Comunitats circulars i sostenibles<\/a><\/li>\n<li><a href=\"http:\/\/sdr.arc.cat\/prevencio\/GetLoginPrevencio.do\" target=\"_blank\" rel=\"noopener\">Registreu la vostra activitat al sistema<\/a>.\u00a0Les inscripcions estan obertes fins el\u00a0<strong>4 de Novembre<\/strong>.<\/li>\n<li>Feu-la rodar\u00a0<a href=\"https:\/\/eur03.safelinks.protection.outlook.com\/?url=http%3A%2F%2Fwww.arc.cat%2Fagendaewwr%2F&amp;data=04%7C01%7Cpperezc%40gencat.cat%7Ca9aca4300ced42009f5708d995341a02%7C3b9427dcd30e43bc8c06ff7253676fec%7C1%7C0%7C637704873288732543%7CUnknown%7CTWFpbGZsb3d8eyJWIjoiMC4wLjAwMDAiLCJQIjoiV2luMzIiLCJBTiI6Ik1haWwiLCJXVCI6Mn0%3D%7C1000&amp;sdata=1pLID4V6d57varr0BJ7GV0nYilHbe5V%2FCRF9wBEAk%2BU%3D&amp;reserved=0\" data-saferedirecturl=\"https:\/\/www.google.com\/url?q=https:\/\/eur03.safelinks.protection.outlook.com\/?url%3Dhttp%253A%252F%252Fwww.arc.cat%252Fagendaewwr%252F%26data%3D04%257C01%257Cpperezc%2540gencat.cat%257Ca9aca4300ced42009f5708d995341a02%257C3b9427dcd30e43bc8c06ff7253676fec%257C1%257C0%257C637704873288732543%257CUnknown%257CTWFpbGZsb3d8eyJWIjoiMC4wLjAwMDAiLCJQIjoiV2luMzIiLCJBTiI6Ik1haWwiLCJXVCI6Mn0%253D%257C1000%26sdata%3D1pLID4V6d57varr0BJ7GV0nYilHbe5V%252FCRF9wBEAk%252BU%253D%26reserved%3D0&amp;source=gmail&amp;ust=1635418474880000&amp;usg=AFQjCNFlt6_GGFjU1bQ_XC6KopCDzitCRg\">entre la vostra comunitat<\/a><\/li>\n<\/ul>\n<p>Per disposar de m\u00e9s informaci\u00f3 podeu accedir al\u00a0<a href=\"http:\/\/residus.gencat.cat\/ca\/ambits_dactuacio\/prevencio\/setmana_europea\/\" target=\"_blank\" rel=\"noopener\">web<\/a>\u00a0o b\u00e9 enviar un correu a\u00a0<a href=\"mailto:setmanaprevencio.arc.tes@gencat.cat\">setmanaprevencio.arc.tes@gencat.cat<\/a><\/p>\n<p><strong>Recordeu! Inscripci\u00f3 fins el 4 de novembre.<\/strong><\/p>\n<p><img loading=\"lazy\" decoding=\"async\" class=\"aligncenter wp-image-14773\" src=\"https:\/\/serveiseducatius.xtec.cat\/segarra\/wp-content\/uploads\/usu1148\/2021\/10\/calendari-residus.jpg\" alt=\"\" width=\"750\" height=\"124\" srcset=\"https:\/\/serveiseducatius.xtec.cat\/segarra\/wp-content\/uploads\/usu1148\/2021\/10\/calendari-residus.jpg 901w, https:\/\/serveiseducatius.xtec.cat\/segarra\/wp-content\/uploads\/usu1148\/2021\/10\/calendari-residus-300x50.jpg 300w, https:\/\/serveiseducatius.xtec.cat\/segarra\/wp-content\/uploads\/usu1148\/2021\/10\/calendari-residus-768x127.jpg 768w\" sizes=\"auto, (max-width: 750px) 100vw, 750px\" \/><\/p>\n<p><a href=\"http:\/\/residus.gencat.cat\/web\/.content\/home\/ambits_dactuacio\/prevencio\/setmana_europea_prevencio_de_residus\/com_participar\/EWWR_com_participar.pdf\" target=\"_blank\" rel=\"noopener\">Futllet informatiu &#8220;Participa a la Setmana Europea de la Prevenci\u00f3 de Residus!&#8221;\u00a0<\/a><\/p>\n<p><a href=\"http:\/\/residus.gencat.cat\/web\/.content\/home\/ambits_dactuacio\/prevencio\/setmana_europea_prevencio_de_residus\/com_participar\/com_participar_EWWR_escoles_presentacio.pptx\" target=\"_blank\" rel=\"noopener\">Com participar: Presentaci\u00f3 per a les escoles<\/a><\/p>\n","protected":false},"excerpt":{"rendered":"<p>La\u00a0<a href=\"http:\/\/residus.gencat.cat\/ca\/ambits_dactuacio\/prevencio\/setmana_europea\/\" target=\"_blank\" rel=\"noopener\">Setmana Europea de la Prevenci\u00f3 de Residus<\/a>\u00a0neix d\u2019un projecte de 3 anys que rep el suport del programa LIFE+ de la Comissi\u00f3 Europea. L\u2019objectiu \u00e9s organitzar durant una mateixa setmana i arreu d\u2019Europa, accions de sensibilitzaci\u00f3 sobre la prevenci\u00f3 de residus.<br \/>\nUna Setmana&hellip;  <a href=\"https:\/\/serveiseducatius.xtec.cat\/segarra\/general\/setmana-europea-de-la-prevencio-de-residus-2\/\" title=\"Read Setmana europea de la prevenci\u00f3 de residus\">Llegeix m\u00e9s\u00bb<\/a><\/p>\n","protected":false},"author":4,"featured_media":14776,"comment_status":"closed","ping_status":"closed","sticky":false,"template":"","format":"standard","meta":{"_bbp_topic_count":0,"_bbp_reply_count":0,"_bbp_total_topic_count":0,"_bbp_total_reply_count":0,"_bbp_voice_count":0,"_bbp_anonymous_reply_count":0,"_bbp_topic_count_hidden":0,"_bbp_reply_count_hidden":0,"_bbp_forum_subforum_count":0,"footnotes":""},"categories":[64,66,262,1,29],"tags":[802,800,799,801],"class_list":["post-14769","post","type-post","status-publish","format-standard","has-post-thumbnail","hentry","category-comunitat","category-dinamitzacio","category-escoles-verdes","category-general","category-portada","tag-escolacompromesa","tag-ewwr2021","tag-ewwrcat","tag-setmana-europea-de-la-prevencio-de-residus"],"post_mailing_queue_ids":[],"_links":{"self":[{"href":"https:\/\/serveiseducatius.xtec.cat\/segarra\/wp-json\/wp\/v2\/posts\/14769","targetHints":{"allow":["GET"]}}],"collection":[{"href":"https:\/\/serveiseducatius.xtec.cat\/segarra\/wp-json\/wp\/v2\/posts"}],"about":[{"href":"https:\/\/serveiseducatius.xtec.cat\/segarra\/wp-json\/wp\/v2\/types\/post"}],"author":[{"embeddable":true,"href":"https:\/\/serveiseducatius.xtec.cat\/segarra\/wp-json\/wp\/v2\/users\/4"}],"replies":[{"embeddable":true,"href":"https:\/\/serveiseducatius.xtec.cat\/segarra\/wp-json\/wp\/v2\/comments?post=14769"}],"version-history":[{"count":3,"href":"https:\/\/serveiseducatius.xtec.cat\/segarra\/wp-json\/wp\/v2\/posts\/14769\/revisions"}],"predecessor-version":[{"id":14822,"href":"https:\/\/serveiseducatius.xtec.cat\/segarra\/wp-json\/wp\/v2\/posts\/14769\/revisions\/14822"}],"wp:featuredmedia":[{"embeddable":true,"href":"https:\/\/serveiseducatius.xtec.cat\/segarra\/wp-json\/wp\/v2\/media\/14776"}],"wp:attachment":[{"href":"https:\/\/serveiseducatius.xtec.cat\/segarra\/wp-json\/wp\/v2\/media?parent=14769"}],"wp:term":[{"taxonomy":"category","embeddable":true,"href":"https:\/\/serveiseducatius.xtec.cat\/segarra\/wp-json\/wp\/v2\/categories?post=14769"},{"taxonomy":"post_tag","embeddable":true,"href":"https:\/\/serveiseducatius.xtec.cat\/segarra\/wp-json\/wp\/v2\/tags?post=14769"}],"curies":[{"name":"wp","href":"https:\/\/api.w.org\/{rel}","templated":true}]}}