{"id":13291,"date":"2021-06-01T08:36:20","date_gmt":"2021-06-01T06:36:20","guid":{"rendered":"http:\/\/serveiseducatius.xtec.cat\/segarra\/?p=13291"},"modified":"2021-06-01T08:36:40","modified_gmt":"2021-06-01T06:36:40","slug":"formacio-destiu-geus-urgell-segarra","status":"publish","type":"post","link":"https:\/\/serveiseducatius.xtec.cat\/segarra\/portada\/formacio-destiu-geus-urgell-segarra\/","title":{"rendered":"Formaci\u00f3 d&#8217;estiu GEUS Urgell-Segarra"},"content":{"rendered":"<p><span style=\"font-family: arial, helvetica, sans-serif; font-size: 12pt;\">El Grup d&#8217;Ensenyants Urgell-Segarra presenten les formacions de la XXXVIII escola d&#8217;estiu Urgell-Segarra.<\/span><\/p>\n<p><span style=\"font-family: arial, helvetica, sans-serif; font-size: 12pt;\">Les dates s\u00f3n de <strong>l\u20191 al 16 de juliol<\/strong> i totes elles en format\u00a0<i>online<\/i>. No obstant dos dels cursos, amb les precaucions recomanades, tindran almenys una sessi\u00f3 presencial perqu\u00e8 la tem\u00e0tica aix\u00ed ho requereix.<\/span><\/p>\n<p><span style=\"font-family: arial, helvetica, sans-serif; font-size: 12pt;\">Concretament en el d\u2019iniciaci\u00f3 a la rob\u00f2tica es fa necessari\u00a0\u00a0la distribuci\u00f3 de material en la primera sessi\u00f3 de tal manera que contactarem amb vosaltres per poder disposar de la maleta que teniu a tal efecte.<\/span><\/p>\n<div><\/div>\n<div><\/div>\n<div><a href=\"http:\/\/geus.cat\/ee2021\/index.html\" target=\"_blank\" rel=\"noopener noreferrer\"><strong>Informaci\u00f3, calendari i inscripcions<\/strong><\/a><\/div>\n<div><\/div>\n<div><\/div>\n<div><img loading=\"lazy\" decoding=\"async\" class=\"aligncenter size-full wp-image-13295\" src=\"https:\/\/serveiseducatius.xtec.cat\/segarra\/wp-content\/uploads\/usu1148\/2021\/06\/frame-geus.jpg\" alt=\"\" width=\"942\" height=\"158\" srcset=\"https:\/\/serveiseducatius.xtec.cat\/segarra\/wp-content\/uploads\/usu1148\/2021\/06\/frame-geus.jpg 942w, https:\/\/serveiseducatius.xtec.cat\/segarra\/wp-content\/uploads\/usu1148\/2021\/06\/frame-geus-300x50.jpg 300w, https:\/\/serveiseducatius.xtec.cat\/segarra\/wp-content\/uploads\/usu1148\/2021\/06\/frame-geus-768x129.jpg 768w\" sizes=\"auto, (max-width: 942px) 100vw, 942px\" \/><\/div>\n","protected":false},"excerpt":{"rendered":"<p>El Grup d&#8217;Ensenyants Urgell-Segarra presenten les formacions de la XXXVIII escola d&#8217;estiu Urgell-Segarra.<br \/>\nLes dates s\u00f3n de l\u20191 al 16 de juliol i totes elles en format\u00a0online. No obstant dos dels cursos, amb les precaucions recomanades, tindran almenys una sessi\u00f3 presencial perqu\u00e8 la tem\u00e0tica aix\u00ed ho&hellip;  <a href=\"https:\/\/serveiseducatius.xtec.cat\/segarra\/portada\/formacio-destiu-geus-urgell-segarra\/\" title=\"Read Formaci\u00f3 d&#8217;estiu GEUS Urgell-Segarra\">Llegeix m\u00e9s\u00bb<\/a><\/p>\n","protected":false},"author":4,"featured_media":13292,"comment_status":"closed","ping_status":"closed","sticky":false,"template":"","format":"standard","meta":{"_bbp_topic_count":0,"_bbp_reply_count":0,"_bbp_total_topic_count":0,"_bbp_total_reply_count":0,"_bbp_voice_count":0,"_bbp_anonymous_reply_count":0,"_bbp_topic_count_hidden":0,"_bbp_reply_count_hidden":0,"_bbp_forum_subforum_count":0,"footnotes":""},"categories":[65,235,29],"tags":[524,519],"class_list":["post-13291","post","type-post","status-publish","format-standard","has-post-thumbnail","hentry","category-crp","category-formacio_ins","category-portada","tag-formacio-estiu","tag-geus"],"post_mailing_queue_ids":[],"_links":{"self":[{"href":"https:\/\/serveiseducatius.xtec.cat\/segarra\/wp-json\/wp\/v2\/posts\/13291","targetHints":{"allow":["GET"]}}],"collection":[{"href":"https:\/\/serveiseducatius.xtec.cat\/segarra\/wp-json\/wp\/v2\/posts"}],"about":[{"href":"https:\/\/serveiseducatius.xtec.cat\/segarra\/wp-json\/wp\/v2\/types\/post"}],"author":[{"embeddable":true,"href":"https:\/\/serveiseducatius.xtec.cat\/segarra\/wp-json\/wp\/v2\/users\/4"}],"replies":[{"embeddable":true,"href":"https:\/\/serveiseducatius.xtec.cat\/segarra\/wp-json\/wp\/v2\/comments?post=13291"}],"version-history":[{"count":3,"href":"https:\/\/serveiseducatius.xtec.cat\/segarra\/wp-json\/wp\/v2\/posts\/13291\/revisions"}],"predecessor-version":[{"id":13298,"href":"https:\/\/serveiseducatius.xtec.cat\/segarra\/wp-json\/wp\/v2\/posts\/13291\/revisions\/13298"}],"wp:featuredmedia":[{"embeddable":true,"href":"https:\/\/serveiseducatius.xtec.cat\/segarra\/wp-json\/wp\/v2\/media\/13292"}],"wp:attachment":[{"href":"https:\/\/serveiseducatius.xtec.cat\/segarra\/wp-json\/wp\/v2\/media?parent=13291"}],"wp:term":[{"taxonomy":"category","embeddable":true,"href":"https:\/\/serveiseducatius.xtec.cat\/segarra\/wp-json\/wp\/v2\/categories?post=13291"},{"taxonomy":"post_tag","embeddable":true,"href":"https:\/\/serveiseducatius.xtec.cat\/segarra\/wp-json\/wp\/v2\/tags?post=13291"}],"curies":[{"name":"wp","href":"https:\/\/api.w.org\/{rel}","templated":true}]}}