{"id":13115,"date":"2021-05-03T19:32:31","date_gmt":"2021-05-03T17:32:31","guid":{"rendered":"http:\/\/serveiseducatius.xtec.cat\/segarra\/?p=13115"},"modified":"2021-05-03T19:38:51","modified_gmt":"2021-05-03T17:38:51","slug":"mindfulness-en-familia","status":"publish","type":"post","link":"https:\/\/serveiseducatius.xtec.cat\/segarra\/portada\/mindfulness-en-familia\/","title":{"rendered":"Mindfulness en fam\u00edlia"},"content":{"rendered":"<p>El proper dimecres <strong>12 de maig a les 19.30h<\/strong> tindr\u00e0 lloc la tercera trobada de l\u2019Escola de fam\u00edlies 2020-2021 en format virtual.<\/p>\n<p>Es tracta de la xerrada <strong>MINDFULNESS EN FAM\u00cdLIA<\/strong>, a c\u00e0rrec de la Rosa Miralles, psicopedagoga i docent amb una amplia experi\u00e8ncia en gesti\u00f3 emocional.<\/p>\n<p>Aquesta activitat, en format virtual i gratu\u00efta, forma part del cicle de xerrades del PEE de Cervera i el de Guissona, conjuntament.<\/p>\n<p>Per <strong>inscriure-us<\/strong> a la xerrada heu d\u2019omplir el seg\u00fcent <strong><a href=\"https:\/\/docs.google.com\/forms\/d\/e\/1FAIpQLSf3KMd5JuoiIIs4yjrfTaL2XQwL1DKoMewB1FDmvzJ8ZJIFng\/viewform?usp=sf_link\" target=\"_blank\" rel=\"noopener noreferrer\">formulari.<\/a><\/strong> \u00a0\u00a0 |\u00a0 <a href=\"https:\/\/serveiseducatius.xtec.cat\/segarra\/wp-content\/uploads\/usu1148\/2021\/05\/Mindfulness-en-fam\u00edlia.jpg\" target=\"_blank\" rel=\"noopener noreferrer\"><strong>P\u00f2ster<\/strong> <\/a>informatiu de la xerrada.<\/p>\n<p>No us ho perdeu.<\/p>\n<p>Organitza:<\/p>\n<p><img loading=\"lazy\" decoding=\"async\" class=\"alignleft size-full wp-image-13117\" src=\"https:\/\/serveiseducatius.xtec.cat\/segarra\/wp-content\/uploads\/usu1148\/2021\/05\/pee-cer-guis.jpg\" alt=\"\" width=\"389\" height=\"105\" srcset=\"https:\/\/serveiseducatius.xtec.cat\/segarra\/wp-content\/uploads\/usu1148\/2021\/05\/pee-cer-guis.jpg 389w, https:\/\/serveiseducatius.xtec.cat\/segarra\/wp-content\/uploads\/usu1148\/2021\/05\/pee-cer-guis-300x81.jpg 300w\" sizes=\"auto, (max-width: 389px) 100vw, 389px\" \/><\/p>\n<p>&nbsp;<\/p>\n<p>&nbsp;<\/p>\n<p>&nbsp;<\/p>\n<p><img loading=\"lazy\" decoding=\"async\" class=\"size-large wp-image-13119 aligncenter\" src=\"https:\/\/serveiseducatius.xtec.cat\/segarra\/wp-content\/uploads\/usu1148\/2021\/05\/Mindfulness-en-fam\u00edlia-724x1024.jpg\" alt=\"\" width=\"724\" height=\"1024\" srcset=\"https:\/\/serveiseducatius.xtec.cat\/segarra\/wp-content\/uploads\/usu1148\/2021\/05\/Mindfulness-en-fam\u00edlia-724x1024.jpg 724w, https:\/\/serveiseducatius.xtec.cat\/segarra\/wp-content\/uploads\/usu1148\/2021\/05\/Mindfulness-en-fam\u00edlia-212x300.jpg 212w, https:\/\/serveiseducatius.xtec.cat\/segarra\/wp-content\/uploads\/usu1148\/2021\/05\/Mindfulness-en-fam\u00edlia-768x1086.jpg 768w, https:\/\/serveiseducatius.xtec.cat\/segarra\/wp-content\/uploads\/usu1148\/2021\/05\/Mindfulness-en-fam\u00edlia.jpg 1414w\" sizes=\"auto, (max-width: 724px) 100vw, 724px\" \/><\/p>\n","protected":false},"excerpt":{"rendered":"<p>El proper dimecres 12 de maig a les 19.30h tindr\u00e0 lloc la tercera trobada de l\u2019Escola de fam\u00edlies 2020-2021 en format virtual.<br \/>\nEs tracta de la xerrada MINDFULNESS EN FAM\u00cdLIA, a c\u00e0rrec de la Rosa Miralles, psicopedagoga i docent amb una amplia experi\u00e8ncia en gesti\u00f3 emocional.<br \/>\nAquesta&hellip;  <a href=\"https:\/\/serveiseducatius.xtec.cat\/segarra\/portada\/mindfulness-en-familia\/\" title=\"Read Mindfulness en fam\u00edlia\">Llegeix m\u00e9s\u00bb<\/a><\/p>\n","protected":false},"author":4,"featured_media":13123,"comment_status":"closed","ping_status":"closed","sticky":false,"template":"","format":"standard","meta":{"_bbp_topic_count":0,"_bbp_reply_count":0,"_bbp_total_topic_count":0,"_bbp_total_reply_count":0,"_bbp_voice_count":0,"_bbp_anonymous_reply_count":0,"_bbp_topic_count_hidden":0,"_bbp_reply_count_hidden":0,"_bbp_forum_subforum_count":0,"footnotes":""},"categories":[428,235,75,29],"tags":[305,540,429,438],"class_list":["post-13115","post","type-post","status-publish","format-standard","has-post-thumbnail","hentry","category-familia-esc","category-formacio_ins","category-pee","category-portada","tag-conferencia","tag-educacio-emocional","tag-familia","tag-pee"],"post_mailing_queue_ids":[],"_links":{"self":[{"href":"https:\/\/serveiseducatius.xtec.cat\/segarra\/wp-json\/wp\/v2\/posts\/13115","targetHints":{"allow":["GET"]}}],"collection":[{"href":"https:\/\/serveiseducatius.xtec.cat\/segarra\/wp-json\/wp\/v2\/posts"}],"about":[{"href":"https:\/\/serveiseducatius.xtec.cat\/segarra\/wp-json\/wp\/v2\/types\/post"}],"author":[{"embeddable":true,"href":"https:\/\/serveiseducatius.xtec.cat\/segarra\/wp-json\/wp\/v2\/users\/4"}],"replies":[{"embeddable":true,"href":"https:\/\/serveiseducatius.xtec.cat\/segarra\/wp-json\/wp\/v2\/comments?post=13115"}],"version-history":[{"count":3,"href":"https:\/\/serveiseducatius.xtec.cat\/segarra\/wp-json\/wp\/v2\/posts\/13115\/revisions"}],"predecessor-version":[{"id":13121,"href":"https:\/\/serveiseducatius.xtec.cat\/segarra\/wp-json\/wp\/v2\/posts\/13115\/revisions\/13121"}],"wp:featuredmedia":[{"embeddable":true,"href":"https:\/\/serveiseducatius.xtec.cat\/segarra\/wp-json\/wp\/v2\/media\/13123"}],"wp:attachment":[{"href":"https:\/\/serveiseducatius.xtec.cat\/segarra\/wp-json\/wp\/v2\/media?parent=13115"}],"wp:term":[{"taxonomy":"category","embeddable":true,"href":"https:\/\/serveiseducatius.xtec.cat\/segarra\/wp-json\/wp\/v2\/categories?post=13115"},{"taxonomy":"post_tag","embeddable":true,"href":"https:\/\/serveiseducatius.xtec.cat\/segarra\/wp-json\/wp\/v2\/tags?post=13115"}],"curies":[{"name":"wp","href":"https:\/\/api.w.org\/{rel}","templated":true}]}}