{"id":13091,"date":"2021-05-02T08:52:04","date_gmt":"2021-05-02T06:52:04","guid":{"rendered":"http:\/\/serveiseducatius.xtec.cat\/segarra\/?p=13091"},"modified":"2021-05-02T08:52:04","modified_gmt":"2021-05-02T06:52:04","slug":"xiii-jornada-de-programacio-i-robotica-educativa","status":"publish","type":"post","link":"https:\/\/serveiseducatius.xtec.cat\/segarra\/portada\/xiii-jornada-de-programacio-i-robotica-educativa\/","title":{"rendered":"XIII Jornada de programaci\u00f3 i rob\u00f2tica educativa"},"content":{"rendered":"<p>El dissabte dia <strong>29 de maig de 2021<\/strong>\u00a0se celebrar\u00e0 la tretzena\u00a0<strong>edici\u00f3<\/strong>\u00a0de la\u00a0<strong>Jornada Programa<\/strong>, dedicada a l\u2019intercanvi d\u2019experi\u00e8ncies did\u00e0ctiques on s\u2019empren entorns de programaci\u00f3 i de rob\u00f2tica educatives. Aquest any de nou ser\u00e0 una edici\u00f3\u00a0<strong>completament virtual<\/strong>\u00a0i amb un horari \u00fanicament de mat\u00ed, on totes les pon\u00e8ncies, els tallers i la fira d\u2019alumnes s\u2019emetran per streaming.<span id=\"more-13499\"><\/span><\/p>\n<p><img loading=\"lazy\" decoding=\"async\" class=\"alignleft size-full wp-image-13094\" src=\"https:\/\/serveiseducatius.xtec.cat\/segarra\/wp-content\/uploads\/usu1148\/2021\/05\/jpre211.png\" alt=\"\" width=\"400\" height=\"300\" srcset=\"https:\/\/serveiseducatius.xtec.cat\/segarra\/wp-content\/uploads\/usu1148\/2021\/05\/jpre211.png 400w, https:\/\/serveiseducatius.xtec.cat\/segarra\/wp-content\/uploads\/usu1148\/2021\/05\/jpre211-300x225.png 300w, https:\/\/serveiseducatius.xtec.cat\/segarra\/wp-content\/uploads\/usu1148\/2021\/05\/jpre211-200x150.png 200w\" sizes=\"auto, (max-width: 400px) 100vw, 400px\" \/><\/p>\n<p>Podeu presentar les vostres <b>propostes<\/b>\u00a0per a pon\u00e8ncies, fira, tallers emplenant aquest\u00a0<strong><a href=\"https:\/\/forms.gle\/Zq6hrasMwfJbFhhj6\">formulari<\/a>\u00a0<\/strong>fins a<b>l 9 de maig a les 24 h<\/b>.<\/p>\n<p>Tota la informaci\u00f3 al\u00a0 <strong><a href=\"https:\/\/blocs.xtec.cat\/jornadaprograma\/?_ga=2.102035527.757745772.1617877000-1729961191.1536075616\" target=\"_blank\" rel=\"noopener noreferrer\">Web de l\u2019esdeveniment.<\/a><\/strong><\/p>\n<p><strong>Organitzadors<\/strong>:<br \/>\nDepartament d&#8217;Educaci\u00f3<br \/>\nCitilab<\/p>\n","protected":false},"excerpt":{"rendered":"<p>El dissabte dia 29 de maig de 2021\u00a0se celebrar\u00e0 la tretzena\u00a0edici\u00f3\u00a0de la\u00a0Jornada Programa, dedicada a l\u2019intercanvi d\u2019experi\u00e8ncies did\u00e0ctiques on s\u2019empren entorns de programaci\u00f3 i de rob\u00f2tica educatives. Aquest any de nou ser\u00e0 una edici\u00f3\u00a0completament virtual\u00a0i amb un horari \u00fanicament de mat\u00ed, on totes les pon\u00e8ncies,&hellip;  <a href=\"https:\/\/serveiseducatius.xtec.cat\/segarra\/portada\/xiii-jornada-de-programacio-i-robotica-educativa\/\" title=\"Read XIII Jornada de programaci\u00f3 i rob\u00f2tica educativa\">Llegeix m\u00e9s\u00bb<\/a><\/p>\n","protected":false},"author":4,"featured_media":13096,"comment_status":"closed","ping_status":"closed","sticky":false,"template":"","format":"standard","meta":{"_bbp_topic_count":0,"_bbp_reply_count":0,"_bbp_total_topic_count":0,"_bbp_total_reply_count":0,"_bbp_voice_count":0,"_bbp_anonymous_reply_count":0,"_bbp_topic_count_hidden":0,"_bbp_reply_count_hidden":0,"_bbp_forum_subforum_count":0,"footnotes":""},"categories":[78,29],"tags":[347,331,109],"class_list":["post-13091","post","type-post","status-publish","format-standard","has-post-thumbnail","hentry","category-cd","category-portada","tag-jornada","tag-programacio","tag-robotica"],"post_mailing_queue_ids":[],"_links":{"self":[{"href":"https:\/\/serveiseducatius.xtec.cat\/segarra\/wp-json\/wp\/v2\/posts\/13091","targetHints":{"allow":["GET"]}}],"collection":[{"href":"https:\/\/serveiseducatius.xtec.cat\/segarra\/wp-json\/wp\/v2\/posts"}],"about":[{"href":"https:\/\/serveiseducatius.xtec.cat\/segarra\/wp-json\/wp\/v2\/types\/post"}],"author":[{"embeddable":true,"href":"https:\/\/serveiseducatius.xtec.cat\/segarra\/wp-json\/wp\/v2\/users\/4"}],"replies":[{"embeddable":true,"href":"https:\/\/serveiseducatius.xtec.cat\/segarra\/wp-json\/wp\/v2\/comments?post=13091"}],"version-history":[{"count":3,"href":"https:\/\/serveiseducatius.xtec.cat\/segarra\/wp-json\/wp\/v2\/posts\/13091\/revisions"}],"predecessor-version":[{"id":13097,"href":"https:\/\/serveiseducatius.xtec.cat\/segarra\/wp-json\/wp\/v2\/posts\/13091\/revisions\/13097"}],"wp:featuredmedia":[{"embeddable":true,"href":"https:\/\/serveiseducatius.xtec.cat\/segarra\/wp-json\/wp\/v2\/media\/13096"}],"wp:attachment":[{"href":"https:\/\/serveiseducatius.xtec.cat\/segarra\/wp-json\/wp\/v2\/media?parent=13091"}],"wp:term":[{"taxonomy":"category","embeddable":true,"href":"https:\/\/serveiseducatius.xtec.cat\/segarra\/wp-json\/wp\/v2\/categories?post=13091"},{"taxonomy":"post_tag","embeddable":true,"href":"https:\/\/serveiseducatius.xtec.cat\/segarra\/wp-json\/wp\/v2\/tags?post=13091"}],"curies":[{"name":"wp","href":"https:\/\/api.w.org\/{rel}","templated":true}]}}