{"id":12952,"date":"2021-04-16T11:50:44","date_gmt":"2021-04-16T09:50:44","guid":{"rendered":"http:\/\/serveiseducatius.xtec.cat\/segarra\/?p=12952"},"modified":"2021-04-16T12:17:48","modified_gmt":"2021-04-16T10:17:48","slug":"lacces-al-mon-universitari","status":"publish","type":"post","link":"https:\/\/serveiseducatius.xtec.cat\/segarra\/general\/lacces-al-mon-universitari\/","title":{"rendered":"L\u2019acc\u00e9s al M\u00f3n Universitari"},"content":{"rendered":"<p style=\"font-weight: 400;\">El proper <strong>dilluns 19 d\u2019abril a les 19.30h<\/strong> tindr\u00e0 lloc la xerrada <strong>L\u2019acc\u00e9s al M\u00f3n Universitari\u201d<\/strong> a c\u00e0rrec dels t\u00e8cnics del Consell Interuniversitari de Catalunya.<\/p>\n<p style=\"font-weight: 400;\">Aquesta xerrada va adre\u00e7ada a totes aquelles persones que volen accedir a la universitat properament.<\/p>\n<p style=\"font-weight: 400;\">En el cas de que estigueu interessats\/des podeu inscriure\u2019s a trav\u00e9s del seg\u00fcent enlla\u00e7:<\/p>\n<p style=\"font-weight: 400;\"><strong><a href=\"https:\/\/docs.google.com\/forms\/d\/e\/1FAIpQLSdhq_-0Pre1zH_Y-5ZkPlxSPl46wlRCHOwV9dGZsFKfQC32xA\/viewform\" data-saferedirecturl=\"https:\/\/www.google.com\/url?q=https:\/\/docs.google.com\/forms\/d\/e\/1FAIpQLSdhq_-0Pre1zH_Y-5ZkPlxSPl46wlRCHOwV9dGZsFKfQC32xA\/viewform&amp;source=gmail&amp;ust=1618649474180000&amp;usg=AFQjCNHK8K7gdT45mmeqEbYoHBz3AU0ekw\">Inscripci\u00f3 xerrada Consell Interuniversitari (google.com)<\/a><\/strong><\/p>\n<p>Posteriorment a la inscripci\u00f3, us enviarem l&#8217;enlla\u00e7 a la videoconfer\u00e8ncia.<\/p>\n<p>Organitza: Oficina de Joves de la Segarra i l&#8217;INS la Segarra en col\u00b7laboraci\u00f3 amb els centres de la zona.<\/p>\n<p><img loading=\"lazy\" decoding=\"async\" class=\"alignleft size-full wp-image-12954\" src=\"https:\/\/serveiseducatius.xtec.cat\/segarra\/wp-content\/uploads\/usu1148\/2021\/04\/xerrada-consell-interuni.jpg\" alt=\"\" width=\"600\" height=\"849\" srcset=\"https:\/\/serveiseducatius.xtec.cat\/segarra\/wp-content\/uploads\/usu1148\/2021\/04\/xerrada-consell-interuni.jpg 600w, https:\/\/serveiseducatius.xtec.cat\/segarra\/wp-content\/uploads\/usu1148\/2021\/04\/xerrada-consell-interuni-212x300.jpg 212w\" sizes=\"auto, (max-width: 600px) 100vw, 600px\" \/><\/p>\n","protected":false},"excerpt":{"rendered":"<p>El proper dilluns 19 d\u2019abril a les 19.30h tindr\u00e0 lloc la xerrada L\u2019acc\u00e9s al M\u00f3n Universitari\u201d a c\u00e0rrec dels t\u00e8cnics del Consell Interuniversitari de Catalunya.<br \/>\nAquesta xerrada va adre\u00e7ada a totes aquelles persones que volen accedir a la universitat properament.<br \/>\nEn el cas de que estigueu interessats\/des&hellip;  <a href=\"https:\/\/serveiseducatius.xtec.cat\/segarra\/general\/lacces-al-mon-universitari\/\" title=\"Read L\u2019acc\u00e9s al M\u00f3n Universitari\">Llegeix m\u00e9s\u00bb<\/a><\/p>\n","protected":false},"author":4,"featured_media":12956,"comment_status":"closed","ping_status":"closed","sticky":false,"template":"","format":"standard","meta":{"_bbp_topic_count":0,"_bbp_reply_count":0,"_bbp_total_topic_count":0,"_bbp_total_reply_count":0,"_bbp_voice_count":0,"_bbp_anonymous_reply_count":0,"_bbp_topic_count_hidden":0,"_bbp_reply_count_hidden":0,"_bbp_forum_subforum_count":0,"footnotes":""},"categories":[64,428,1,29],"tags":[249,305,253],"class_list":["post-12952","post","type-post","status-publish","format-standard","has-post-thumbnail","hentry","category-comunitat","category-familia-esc","category-general","category-portada","tag-batxillerat","tag-conferencia","tag-orientacio"],"post_mailing_queue_ids":[],"_links":{"self":[{"href":"https:\/\/serveiseducatius.xtec.cat\/segarra\/wp-json\/wp\/v2\/posts\/12952","targetHints":{"allow":["GET"]}}],"collection":[{"href":"https:\/\/serveiseducatius.xtec.cat\/segarra\/wp-json\/wp\/v2\/posts"}],"about":[{"href":"https:\/\/serveiseducatius.xtec.cat\/segarra\/wp-json\/wp\/v2\/types\/post"}],"author":[{"embeddable":true,"href":"https:\/\/serveiseducatius.xtec.cat\/segarra\/wp-json\/wp\/v2\/users\/4"}],"replies":[{"embeddable":true,"href":"https:\/\/serveiseducatius.xtec.cat\/segarra\/wp-json\/wp\/v2\/comments?post=12952"}],"version-history":[{"count":3,"href":"https:\/\/serveiseducatius.xtec.cat\/segarra\/wp-json\/wp\/v2\/posts\/12952\/revisions"}],"predecessor-version":[{"id":12958,"href":"https:\/\/serveiseducatius.xtec.cat\/segarra\/wp-json\/wp\/v2\/posts\/12952\/revisions\/12958"}],"wp:featuredmedia":[{"embeddable":true,"href":"https:\/\/serveiseducatius.xtec.cat\/segarra\/wp-json\/wp\/v2\/media\/12956"}],"wp:attachment":[{"href":"https:\/\/serveiseducatius.xtec.cat\/segarra\/wp-json\/wp\/v2\/media?parent=12952"}],"wp:term":[{"taxonomy":"category","embeddable":true,"href":"https:\/\/serveiseducatius.xtec.cat\/segarra\/wp-json\/wp\/v2\/categories?post=12952"},{"taxonomy":"post_tag","embeddable":true,"href":"https:\/\/serveiseducatius.xtec.cat\/segarra\/wp-json\/wp\/v2\/tags?post=12952"}],"curies":[{"name":"wp","href":"https:\/\/api.w.org\/{rel}","templated":true}]}}