{"id":12904,"date":"2021-04-09T17:56:16","date_gmt":"2021-04-09T15:56:16","guid":{"rendered":"http:\/\/serveiseducatius.xtec.cat\/segarra\/?p=12904"},"modified":"2021-04-09T17:56:28","modified_gmt":"2021-04-09T15:56:28","slug":"conferencia-2021-any-joan-triadu","status":"publish","type":"post","link":"https:\/\/serveiseducatius.xtec.cat\/segarra\/portada\/conferencia-2021-any-joan-triadu\/","title":{"rendered":"Confer\u00e8ncia: 2021 Any Joan Triad\u00fa"},"content":{"rendered":"<p><b><span lang=\"CA\">Videoconfer\u00e8ncia: 2021, Any Joan Triad\u00fa i Font, la formaci\u00f3 al servei de la (re)construcci\u00f3 d&#8217;un pa\u00eds<\/span><\/b><\/p>\n<p style=\"font-weight: 400;\">El\u00a0<strong><a href=\"https:\/\/serveiseducatius.xtec.cat\/bdrlectura\/\" data-saferedirecturl=\"https:\/\/www.google.com\/url?q=https:\/\/serveiseducatius.xtec.cat\/bdrlectura\/&amp;source=gmail&amp;ust=1618067154184000&amp;usg=AFQjCNHxdY-l7KA6o8gVzdQesurMh6bBZQ\">Grup de treball BdR<\/a><\/strong> est\u00e0 treballant potenciant durant el 2021 l&#8217;efem\u00e8ride dels 100 anys del naixement de <a href=\"https:\/\/serveiseducatius.xtec.cat\/bdrlectura\/categoria\/any-joan-triadu\/\" target=\"_blank\" rel=\"noopener noreferrer\"><strong>JoanTriad\u00fa i Font<\/strong>\u00a0<\/a>que fou escriptor, cr\u00edtic literari i pedagog catal\u00e0.<\/p>\n<p style=\"font-weight: 400;\"><img loading=\"lazy\" decoding=\"async\" class=\"alignleft wp-image-12906\" src=\"https:\/\/serveiseducatius.xtec.cat\/segarra\/wp-content\/uploads\/usu1148\/2021\/04\/jtriadut.0.png\" alt=\"\" width=\"340\" height=\"340\" srcset=\"https:\/\/serveiseducatius.xtec.cat\/segarra\/wp-content\/uploads\/usu1148\/2021\/04\/jtriadut.0.png 400w, https:\/\/serveiseducatius.xtec.cat\/segarra\/wp-content\/uploads\/usu1148\/2021\/04\/jtriadut.0-150x150.png 150w, https:\/\/serveiseducatius.xtec.cat\/segarra\/wp-content\/uploads\/usu1148\/2021\/04\/jtriadut.0-300x300.png 300w\" sizes=\"auto, (max-width: 340px) 100vw, 340px\" \/>Des del nodes del\u00a0<strong><a href=\"https:\/\/serveiseducatius.xtec.cat\/bdrlectura\/categoria\/any-joan-triadu\/\" data-saferedirecturl=\"https:\/\/www.google.com\/url?q=https:\/\/serveiseducatius.xtec.cat\/bdrlectura\/categoria\/any-joan-triadu\/&amp;source=gmail&amp;ust=1618067154184000&amp;usg=AFQjCNHQCZuQ4JTTfolg2MnfXv6z7-8nSw\">Banc de Recursos, la lectura: font de plaer i de coneixement<\/a><\/strong> s\u2019estan recollint activitats i propostes educatives de tota Catalunya. Podeu col\u00b7laborar-hi a trav\u00e9s d&#8217;aquest <strong><a href=\"https:\/\/docs.google.com\/forms\/d\/e\/1FAIpQLSdCLzGbxWjTca1sKMxfOLhFBUhk7H7QG9f5yBqLcdqYZ5LsIg\/viewform\" data-saferedirecturl=\"https:\/\/www.google.com\/url?q=https:\/\/docs.google.com\/forms\/d\/e\/1FAIpQLSdCLzGbxWjTca1sKMxfOLhFBUhk7H7QG9f5yBqLcdqYZ5LsIg\/viewform&amp;source=gmail&amp;ust=1618067154184000&amp;usg=AFQjCNEgYLlRwSsud0IgtUqNxCqh6860yQ\">formulari<\/a><\/strong>.<\/p>\n<p style=\"font-weight: 400;\">Amb motiu de<strong><a href=\"https:\/\/cultura.gencat.cat\/ca\/temes\/commemoracions\/2021\/anyjoantriadu\/inici\/\" target=\"_blank\" rel=\"noopener noreferrer\"> l&#8217;Any Joan Triad\u00fa<\/a><\/strong> i la cooperaci\u00f3 del\u00a0CRP del Tarrragon\u00e8s\u00a0s&#8217;ha organitzat el proper\u00a0<strong>4 de maig a les 17.30h<\/strong>\u00a0la &#8220;<strong>Confer\u00e8ncia: 2021, Any Joan Triad\u00fa i Font, la formaci\u00f3 al servei de la (re)construcci\u00f3 d&#8217;un pa\u00eds<\/strong>&#8221; amb l&#8217;objectiu de con\u00e8ixer la figura d&#8217;aquest escriptor, aix\u00ed com saber transmetre la persona d\u2019en Joan Triad\u00fa a l&#8217;alumnat.<\/p>\n<p style=\"font-weight: 400;\">Aquesta confer\u00e8ncia anir\u00e0 a c\u00e0rrec d\u2019en\u00a0<strong><a href=\"https:\/\/ca.wikipedia.org\/wiki\/Joan_Mart%C3%AD_i_Castell\" data-saferedirecturl=\"https:\/\/www.google.com\/url?q=https:\/\/ca.wikipedia.org\/wiki\/Joan_Mart%25C3%25AD_i_Castell&amp;source=gmail&amp;ust=1618067154184000&amp;usg=AFQjCNHmSnWIMq_791_zbHD5DFzcXi9C2A\">Joan Mart\u00ed i Castell<\/a><\/strong>\u00a0i est\u00e0 dirigida a docents, professionals de l&#8217;educaci\u00f3 i p\u00fablic en general.<\/p>\n<p style=\"font-weight: 400;\">Es realitzar\u00e0 via telem\u00e0tica amb una durada aproximada d&#8217;una hora directe des de youtube i requereix d\u2019<strong><span style=\"background-color: #ffcc99;\"><a style=\"background-color: #ffcc99;\" href=\"https:\/\/aplicacions.gestioeducativa.gencat.cat\/pls\/soloas\/pk_for_mod_ins.p_for_detall_activitat?p_codi=7091151709&amp;p_curs=2020-2021&amp;p_es_inscr=S\" data-saferedirecturl=\"https:\/\/www.google.com\/url?q=https:\/\/aplicacions.gestioeducativa.gencat.cat\/pls\/soloas\/pk_for_mod_ins.p_for_detall_activitat?p_codi%3D7091151709%26p_curs%3D2020-2021%26p_es_inscr%3DS&amp;source=gmail&amp;ust=1618067154184000&amp;usg=AFQjCNFxseZu_yZkHV5bL4tBi8dz2duMtA\">inscripci\u00f3 pr\u00e8via<\/a><\/span>.<\/strong> Un cop formalitzada la inscripci\u00f3 en l&#8217;apartat d&#8217;observacions hi trobareu l&#8217;acc\u00e8s a l&#8217;enlla\u00e7 al youtube.<\/p>\n","protected":false},"excerpt":{"rendered":"<p>Videoconfer\u00e8ncia: 2021, Any Joan Triad\u00fa i Font, la formaci\u00f3 al servei de la (re)construcci\u00f3 d&#8217;un pa\u00eds<br \/>\nEl\u00a0<a href=\"https:\/\/serveiseducatius.xtec.cat\/bdrlectura\/\" data-saferedirecturl=\"https:\/\/www.google.com\/url?q=https:\/\/serveiseducatius.xtec.cat\/bdrlectura\/&amp;source=gmail&amp;ust=1618067154184000&amp;usg=AFQjCNHxdY-l7KA6o8gVzdQesurMh6bBZQ\">Grup de treball BdR<\/a> est\u00e0 treballant potenciant durant el 2021 l&#8217;efem\u00e8ride dels 100 anys del naixement de <a href=\"https:\/\/serveiseducatius.xtec.cat\/bdrlectura\/categoria\/any-joan-triadu\/\" target=\"_blank\" rel=\"noopener noreferrer\">JoanTriad\u00fa i Font\u00a0<\/a>que fou escriptor, cr\u00edtic literari&hellip;  <a href=\"https:\/\/serveiseducatius.xtec.cat\/segarra\/portada\/conferencia-2021-any-joan-triadu\/\" title=\"Read Confer\u00e8ncia: 2021 Any Joan Triad\u00fa\">Llegeix m\u00e9s\u00bb<\/a><\/p>\n","protected":false},"author":4,"featured_media":12905,"comment_status":"closed","ping_status":"closed","sticky":false,"template":"","format":"standard","meta":{"_bbp_topic_count":0,"_bbp_reply_count":0,"_bbp_total_topic_count":0,"_bbp_total_reply_count":0,"_bbp_voice_count":0,"_bbp_anonymous_reply_count":0,"_bbp_topic_count_hidden":0,"_bbp_reply_count_hidden":0,"_bbp_forum_subforum_count":0,"footnotes":""},"categories":[81,68,29],"tags":[661,660,169,659,512],"class_list":["post-12904","post","type-post","status-publish","format-standard","has-post-thumbnail","hentry","category-biblioteca-escolar","category-elic","category-portada","tag-efemeride","tag-escriptor","tag-llengua","tag-triadu","tag-videoconferencia"],"post_mailing_queue_ids":[],"_links":{"self":[{"href":"https:\/\/serveiseducatius.xtec.cat\/segarra\/wp-json\/wp\/v2\/posts\/12904","targetHints":{"allow":["GET"]}}],"collection":[{"href":"https:\/\/serveiseducatius.xtec.cat\/segarra\/wp-json\/wp\/v2\/posts"}],"about":[{"href":"https:\/\/serveiseducatius.xtec.cat\/segarra\/wp-json\/wp\/v2\/types\/post"}],"author":[{"embeddable":true,"href":"https:\/\/serveiseducatius.xtec.cat\/segarra\/wp-json\/wp\/v2\/users\/4"}],"replies":[{"embeddable":true,"href":"https:\/\/serveiseducatius.xtec.cat\/segarra\/wp-json\/wp\/v2\/comments?post=12904"}],"version-history":[{"count":1,"href":"https:\/\/serveiseducatius.xtec.cat\/segarra\/wp-json\/wp\/v2\/posts\/12904\/revisions"}],"predecessor-version":[{"id":12907,"href":"https:\/\/serveiseducatius.xtec.cat\/segarra\/wp-json\/wp\/v2\/posts\/12904\/revisions\/12907"}],"wp:featuredmedia":[{"embeddable":true,"href":"https:\/\/serveiseducatius.xtec.cat\/segarra\/wp-json\/wp\/v2\/media\/12905"}],"wp:attachment":[{"href":"https:\/\/serveiseducatius.xtec.cat\/segarra\/wp-json\/wp\/v2\/media?parent=12904"}],"wp:term":[{"taxonomy":"category","embeddable":true,"href":"https:\/\/serveiseducatius.xtec.cat\/segarra\/wp-json\/wp\/v2\/categories?post=12904"},{"taxonomy":"post_tag","embeddable":true,"href":"https:\/\/serveiseducatius.xtec.cat\/segarra\/wp-json\/wp\/v2\/tags?post=12904"}],"curies":[{"name":"wp","href":"https:\/\/api.w.org\/{rel}","templated":true}]}}