{"id":12177,"date":"2021-02-23T19:59:53","date_gmt":"2021-02-23T18:59:53","guid":{"rendered":"http:\/\/serveiseducatius.xtec.cat\/segarra\/?p=12177"},"modified":"2021-02-23T19:59:53","modified_gmt":"2021-02-23T18:59:53","slug":"i-jornada-dinnovacio-avancada-educacio-i-intelligencia-artificial","status":"publish","type":"post","link":"https:\/\/serveiseducatius.xtec.cat\/segarra\/portada\/i-jornada-dinnovacio-avancada-educacio-i-intelligencia-artificial\/","title":{"rendered":"I Jornada d\u2019Innovaci\u00f3 Avan\u00e7ada \u201cEducaci\u00f3 i intel\u00b7lig\u00e8ncia artificial\u201d"},"content":{"rendered":"<p><strong>DIA<\/strong>:\u00a0 dimarts 9 de mar\u00e72021<br \/>\n<strong>HORA<\/strong>: de 17h a 19h<br \/>\nAdre\u00e7at a professorat de tots els nivells educatius, i t\u00e8cnics i professionals de l\u2019\u00e0mbit de l\u2019educaci\u00f3 o de la intel\u00b7lig\u00e8ncia artificial.<\/p>\n<h6><strong>OBJECTIUS<\/strong><\/h6>\n<ul>\n<li>Compartir un llenguatge com\u00fa respecte a la intel\u00b7lig\u00e8ncia artificial.<\/li>\n<li>Presentar alguns projectes que incorporen l\u2019\u00fas de la intel\u00b7lig\u00e8ncia artificial als centres educatius.<\/li>\n<li>Explorar oportunitats perqu\u00e8\u00a0els centres puguin desenvolupar projectes d\u2019innovaci\u00f3 avan\u00e7ada per cobrir necessitats pr\u00e8viament identificades.<\/li>\n<\/ul>\n<p><a href=\"https:\/\/docs.google.com\/forms\/d\/e\/1FAIpQLSdxE70ObEJEfQexcB0E_Cvb-JdkuOheiUJGMTBaXeYqR5MC3w\/viewform\" target=\"_blank\" rel=\"noopener noreferrer\"><strong>INSCRIPCIONS<\/strong> <\/a>fins al 7 de mar\u00e7 2021<\/p>\n<p>Consulteu el programa i inscriviu-vos a: <strong><a href=\"https:\/\/projectes.xtec.cat\/claustreobert\/i-jornada-innovacio-avancada\/\">I Jornada d\u2019Innovaci\u00f3 Avan\u00e7ada | Claustre Obert (xtec.cat)<\/a><\/strong><\/p>\n<p><img loading=\"lazy\" decoding=\"async\" class=\"aligncenter \" src=\"https:\/\/projectes.xtec.cat\/claustreobert\/wp-content\/uploads\/usu2091\/2021\/02\/cita_projectes_ia4.jpg\" width=\"796\" height=\"264\" \/><\/p>\n","protected":false},"excerpt":{"rendered":"<p>DIA:\u00a0 dimarts 9 de mar\u00e72021<br \/>\nHORA: de 17h a 19h<br \/>\nAdre\u00e7at a professorat de tots els nivells educatius, i t\u00e8cnics i professionals de l\u2019\u00e0mbit de l\u2019educaci\u00f3 o de la intel\u00b7lig\u00e8ncia artificial.<br \/>\nOBJECTIUS<\/p>\n<ul>\n<li>Compartir un llenguatge com\u00fa respecte a la intel\u00b7lig\u00e8ncia artificial.<\/li>\n<li>Presentar alguns projectes que incorporen l\u2019\u00fas de la intel\u00b7lig\u00e8ncia&hellip;  <a href=\"https:\/\/serveiseducatius.xtec.cat\/segarra\/portada\/i-jornada-dinnovacio-avancada-educacio-i-intelligencia-artificial\/\" title=\"Read I Jornada d\u2019Innovaci\u00f3 Avan\u00e7ada \u201cEducaci\u00f3 i intel\u00b7lig\u00e8ncia artificial\u201d\">Llegeix m\u00e9s\u00bb<\/a><br \/>\n","protected":false},"author":4,"featured_media":12178,"comment_status":"closed","ping_status":"closed","sticky":false,"template":"","format":"standard","meta":{"_bbp_topic_count":0,"_bbp_reply_count":0,"_bbp_total_topic_count":0,"_bbp_total_reply_count":0,"_bbp_voice_count":0,"_bbp_anonymous_reply_count":0,"_bbp_topic_count_hidden":0,"_bbp_reply_count_hidden":0,"_bbp_forum_subforum_count":0,"footnotes":""},"categories":[29],"tags":[598,599],"class_list":["post-12177","post","type-post","status-publish","format-standard","has-post-thumbnail","hentry","category-portada","tag-claustreobert","tag-jornada-educaciodigital"],"post_mailing_queue_ids":[],"_links":{"self":[{"href":"https:\/\/serveiseducatius.xtec.cat\/segarra\/wp-json\/wp\/v2\/posts\/12177","targetHints":{"allow":["GET"]}}],"collection":[{"href":"https:\/\/serveiseducatius.xtec.cat\/segarra\/wp-json\/wp\/v2\/posts"}],"about":[{"href":"https:\/\/serveiseducatius.xtec.cat\/segarra\/wp-json\/wp\/v2\/types\/post"}],"author":[{"embeddable":true,"href":"https:\/\/serveiseducatius.xtec.cat\/segarra\/wp-json\/wp\/v2\/users\/4"}],"replies":[{"embeddable":true,"href":"https:\/\/serveiseducatius.xtec.cat\/segarra\/wp-json\/wp\/v2\/comments?post=12177"}],"version-history":[{"count":1,"href":"https:\/\/serveiseducatius.xtec.cat\/segarra\/wp-json\/wp\/v2\/posts\/12177\/revisions"}],"predecessor-version":[{"id":12179,"href":"https:\/\/serveiseducatius.xtec.cat\/segarra\/wp-json\/wp\/v2\/posts\/12177\/revisions\/12179"}],"wp:featuredmedia":[{"embeddable":true,"href":"https:\/\/serveiseducatius.xtec.cat\/segarra\/wp-json\/wp\/v2\/media\/12178"}],"wp:attachment":[{"href":"https:\/\/serveiseducatius.xtec.cat\/segarra\/wp-json\/wp\/v2\/media?parent=12177"}],"wp:term":[{"taxonomy":"category","embeddable":true,"href":"https:\/\/serveiseducatius.xtec.cat\/segarra\/wp-json\/wp\/v2\/categories?post=12177"},{"taxonomy":"post_tag","embeddable":true,"href":"https:\/\/serveiseducatius.xtec.cat\/segarra\/wp-json\/wp\/v2\/tags?post=12177"}],"curies":[{"name":"wp","href":"https:\/\/api.w.org\/{rel}","templated":true}]}}