{"id":12026,"date":"2021-02-09T12:17:31","date_gmt":"2021-02-09T11:17:31","guid":{"rendered":"http:\/\/serveiseducatius.xtec.cat\/segarra\/?p=12026"},"modified":"2021-02-09T12:20:24","modified_gmt":"2021-02-09T11:20:24","slug":"viii-jocs-florals-escolars-de-catalunya","status":"publish","type":"post","link":"https:\/\/serveiseducatius.xtec.cat\/segarra\/general\/viii-jocs-florals-escolars-de-catalunya\/","title":{"rendered":"VIII Jocs Florals Escolars de Catalunya"},"content":{"rendered":"<blockquote><p><span style=\"font-weight: 400;\"><img loading=\"lazy\" decoding=\"async\" class=\"size-full wp-image-12029 alignleft\" src=\"https:\/\/serveiseducatius.xtec.cat\/segarra\/wp-content\/uploads\/usu1148\/2021\/02\/JocsFlorals.png\" alt=\"\" width=\"279\" height=\"130\" \/><\/span><\/p>\n<p><span style=\"font-weight: 400;\">Un any m\u00e9s torna la convocat\u00f2ria pels Jocs Florals Escolars de Catalunya. Animem a tots els centres de la comarca a participar, en aquest certamen literari, que forma part de la tradici\u00f3 cultural del nostre pa\u00eds. Teniu fins el 26 d\u2019abril per lliurar els treballs!<\/span><\/p>\n<p>&nbsp;<\/p><\/blockquote>\n<p><span style=\"font-weight: 400;\">El Departament d\u2019Educaci\u00f3 convoca els<\/span> <a href=\"http:\/\/xtec.gencat.cat\/ca\/centres\/alscentres\/premis\/jocsflorals\/\" target=\"_blank\" rel=\"noopener noreferrer\"><span style=\"font-weight: 400;\">VIII Jocs Florals Escolars de Catalunya. <\/span><\/a><span style=\"font-weight: 400;\">Aquest certamen literari, creat amb l\u2019objectiu de promoure l\u2019expressi\u00f3 escrita tant en prosa com en poesia, dels nostres estudiants, s\u2019adre\u00e7a als centres d\u2019educaci\u00f3 prim\u00e0ria i educaci\u00f3 secund\u00e0ria obligat\u00f2ria.<\/span><\/p>\n<p><span style=\"font-weight: 400;\">D\u2019acord amb les <\/span><a href=\"https:\/\/drive.google.com\/file\/d\/1uDCtNGMjSbj3DL0LBEsE5tl9jQadt4gw\/view?usp=sharing\" target=\"_blank\" rel=\"noopener noreferrer\"><span style=\"font-weight: 400;\">bases<\/span><\/a><span style=\"font-weight: 400;\"> per a totes les categories, cada centre podr\u00e0 participar-hi en les categories que consideri oportunes. La categoria H (Conte audiovisual il\u00b7lustrat) t\u00e9 unes <\/span><a href=\"https:\/\/drive.google.com\/file\/d\/1A8ysJOzFgK3vQiVZsisw_F12QZGatRMZ\/view?usp=sharing\" target=\"_blank\" rel=\"noopener noreferrer\"><span style=\"font-weight: 400;\">bases espec\u00edfiques<\/span><\/a><span style=\"font-weight: 400;\">.<\/span><\/p>\n<p><span style=\"font-weight: 400;\"><img loading=\"lazy\" decoding=\"async\" class=\"wp-image-12074 alignnone\" src=\"https:\/\/serveiseducatius.xtec.cat\/segarra\/wp-content\/uploads\/usu1148\/2021\/02\/novetats-1.png\" alt=\"\" width=\"71\" height=\"71\" \/>Aquesta vuitena convocat\u00f2ria, arriba amb for\u00e7a i <strong>novetats<\/strong>:<\/span><\/p>\n<p><span style=\"font-weight: 400;\">*Hi haur\u00e0 categories espec\u00edfiques per <strong>prosa<\/strong> i <strong>poesia<\/strong>.<\/span><\/p>\n<p><span style=\"font-weight: 400;\">*Les categories d\u2019educaci\u00f3 prim\u00e0ria i totes les d\u2019educaci\u00f3 especial (prim\u00e0ria i secund\u00e0ria)\u00a0 ser\u00e0n de <strong>participaci\u00f3 grupal<\/strong> i les de secundaria F1, F2, G1 i G2 seran <strong>individuals<\/strong>.<\/span><\/p>\n<p><span style=\"font-weight: 400;\">*L\u2019acte de la <strong>fase <\/strong><\/span><strong>territorial<\/strong> ser\u00e0 en <strong>format telem\u00e0tic<\/strong>.<\/p>\n<blockquote>\n<table style=\"height: 510px; border-style: double; border-color: #6e2121;\">\n<tbody>\n<tr style=\"height: 95px;\">\n<td style=\"height: 95px; width: 446px; border-color: #470c0c; border-style: solid;\" colspan=\"2\" bgcolor=\"#FFE4E1\">\n<p style=\"text-align: center;\"><span style=\"font-weight: 400;\">EDUCACI\u00d3 PRIM\u00c0RIA<\/span><\/p>\n<p style=\"text-align: center;\"><span style=\"font-weight: 400; color: #800000;\">(PARTICIPACI\u00d3 COL\u00b7LECTIVA)<\/span><\/p>\n<\/td>\n<td style=\"height: 95px; width: 407px; border-color: #470c0c; border-style: solid;\" colspan=\"2\" bgcolor=\"#FFE4E1\">\n<p style=\"text-align: center;\"><span style=\"font-weight: 400;\">EDUCACI\u00d3 SECUND\u00c0RIA OBLIGAT\u00d2RIA\u00a0<\/span><\/p>\n<\/td>\n<\/tr>\n<tr style=\"height: 95px;\">\n<td style=\"text-align: center; height: 95px; width: 220px; border-color: #470c0c; border-style: solid;\"><span style=\"font-weight: 400;\">EDUCACI\u00d3 PRIM\u00c0RIA<\/span><\/p>\n<p><span style=\"font-weight: 400;\">(<strong>modalitat prosa<\/strong>)<\/span><\/td>\n<td style=\"text-align: center; height: 95px; width: 224px; border-color: #470c0c; border-style: solid;\"><span style=\"font-weight: 400;\">EDUCACI\u00d3 PRIM\u00c0RIA<\/span><\/p>\n<p><span style=\"font-weight: 400;\">(<strong>modalitat poesia<\/strong>)<\/span><\/td>\n<td style=\"text-align: center; height: 95px; width: 201px; border-color: #470c0c; border-style: solid;\"><span style=\"font-weight: 400;\">ESO <\/span><\/p>\n<p><span style=\"font-weight: 400;\">(<strong>modalitat prosa<\/strong>)<\/span><\/td>\n<td style=\"text-align: center; height: 95px; width: 204px; border-color: #470c0c; border-style: solid;\"><span style=\"font-weight: 400;\">ESO<\/span><\/p>\n<p><span style=\"font-weight: 400;\">(<strong>modalitat poesia<\/strong>)<\/span><\/td>\n<\/tr>\n<tr style=\"height: 76px;\">\n<td style=\"height: 76px; width: 220px; border-color: #470c0c; border-style: solid;\"><span style=\"font-weight: 400;\">A1\u2013 Alumnat del cicle inicial d\u2019educaci\u00f3 prim\u00e0ria prosa.<\/span><\/td>\n<td style=\"height: 76px; width: 224px; border-color: #470c0c; border-style: solid;\"><span style=\"font-weight: 400;\">A2\u2013Alumnat del cicle inicial d\u2019educaci\u00f3 prim\u00e0ria poesia.<\/span><\/td>\n<td style=\"height: 76px; width: 201px; border-color: #470c0c; border-style: solid;\"><span style=\"font-weight: 400;\">E1 \u2013 Alumnat d\u2019educaci\u00f3 especial d\u2019educaci\u00f3 secund\u00e0ria obligat\u00f2ria prosa.<\/span><\/p>\n<p><span style=\"color: #800000;\">(participaci\u00f3 col\u00b7lectiva)<\/span><\/td>\n<td style=\"height: 76px; width: 204px; border-color: #470c0c; border-style: solid;\"><span style=\"font-weight: 400;\">E2\u2013 Alumnat d\u2019educaci\u00f3 especial d\u2019educaci\u00f3 secund\u00e0ria obligat\u00f2ria poesia.<\/span><\/p>\n<p><span style=\"color: #800000;\">(participaci\u00f3 col\u00b7lectiva)<\/span><\/td>\n<\/tr>\n<tr style=\"height: 61px;\">\n<td style=\"height: 61px; width: 220px; border-color: #470c0c; border-style: solid;\"><span style=\"font-weight: 400;\">B1\u2013 Alumnat del cicle mitj\u00e0 d\u2019educaci\u00f3 prim\u00e0ria prosa.\u00a0<\/span><\/td>\n<td style=\"height: 61px; width: 224px; border-color: #470c0c; border-style: solid;\"><span style=\"font-weight: 400;\">B2\u2013 Alumnat del cicle mitj\u00e0 d\u2019educaci\u00f3 prim\u00e0ria poesia.<\/span><\/td>\n<td style=\"height: 61px; width: 201px; border-color: #470c0c; border-style: solid;\"><span style=\"font-weight: 400;\">F1 \u2013 Alumnat de 1r i 2n d\u2019educaci\u00f3 secund\u00e0ria obligat\u00f2ria prosa.<\/span><\/p>\n<p><span style=\"color: #800000;\">(participaci\u00f3 individual)<\/span><\/td>\n<td style=\"height: 61px; width: 204px; border-color: #470c0c; border-style: solid;\"><span style=\"font-weight: 400;\">F2 \u2013 Alumnat de 1r i 2n d\u2019educaci\u00f3 secund\u00e0ria obligat\u00f2ria poesia.<\/span><\/p>\n<p><span style=\"color: #800000;\">(participaci\u00f3 individual)<\/span><\/td>\n<\/tr>\n<tr style=\"height: 61px;\">\n<td style=\"height: 61px; width: 220px; border-color: #470c0c; border-style: solid;\"><span style=\"font-weight: 400;\">D1 \u2013 Alumnat d\u2019educaci\u00f3 especial d\u2019educaci\u00f3 prim\u00e0ria prosa.<\/span><\/td>\n<td style=\"height: 61px; width: 224px; border-color: #470c0c; border-style: solid;\"><span style=\"font-weight: 400;\">D2 \u2013 Alumnat d\u2019educaci\u00f3 especial d\u2019educaci\u00f3 prim\u00e0ria poesia.<\/span><\/td>\n<td style=\"height: 61px; border-color: #470c0c; border-style: solid;\"><span style=\"font-weight: 400;\">G1 \u2013 Alumnat de 3r i 4t d\u2019educaci\u00f3 secund\u00e0ria obligat\u00f2ria prosa.<\/span><\/p>\n<p><span style=\"color: #800000;\">(participaci\u00f3 individual)<\/span><\/td>\n<td style=\"border-color: #470c0c; border-style: solid;\"><span style=\"font-weight: 400;\">G2 \u2013 Alumnat de 3r i 4t d\u2019educaci\u00f3 secund\u00e0ria obligat\u00f2ria poesia<\/span><\/p>\n<p><span style=\"color: #800000;\">(participaci\u00f3 individual)<\/span><\/td>\n<\/tr>\n<tr style=\"height: 61px;\">\n<td style=\"height: 61px; width: 446px; border-color: #470c0c; border-style: solid;\" colspan=\"2\"><span style=\"font-weight: 400;\">H \u2013 <strong>Conte audiovisual i il\u00b7lustrat<\/strong> per a tot l&#8217;alumnat de <strong>prim\u00e0ria<\/strong>. El treball guanyador d\u2019aquesta categoria ser\u00e0 produ\u00eft pel Canal Super3, pel programa \u201cUna m\u00e0 de contes\u201d.<\/span><\/td>\n<td style=\"height: 61px; width: 407px; border-color: #470c0c; border-style: solid;\" colspan=\"2\"><\/td>\n<\/tr>\n<\/tbody>\n<\/table>\n<p><span style=\"font-family: inherit; font-size: 1em;\">Recordeu:<\/span><\/p>\n<p><span style=\"font-weight: 400;\"><span style=\"font-weight: 400;\">Els<b> treballs seleccionats<\/b> s&#8217;hauran d\u2019enviar per correu electr\u00f2nic al<b> Centre de Recursos Pedag\u00f2gics<\/b><\/span><span style=\"font-weight: 400;\"><b> <a href=\"mailto:crp-segarra@xtec.cat\">crp-segarra@xtec.cat<\/a><\/b>\u00a0<b>no m\u00e9s tard del 26 d\u2019abril de 2021.<\/b><\/span><\/span><\/p>\n<ul>\n<li>Acc\u00e9s a les\u00a0<strong><a href=\"https:\/\/drive.google.com\/file\/d\/1uDCtNGMjSbj3DL0LBEsE5tl9jQadt4gw\/view?usp=sharing\" target=\"_blank\" rel=\"noopener noreferrer\">Bases dels VIII Jocs Florals Escolars de Catalunya 2021<\/a>.\u00a0<\/strong><\/li>\n<li>Acc\u00e9s a les<strong>\u00a0<a href=\"https:\/\/drive.google.com\/file\/d\/1A8ysJOzFgK3vQiVZsisw_F12QZGatRMZ\/view?usp=sharing\" target=\"_blank\" rel=\"noopener noreferrer\">Bases del Conte Audiovisual Il\u00b7lustrat 2021<\/a>.<\/strong><\/li>\n<\/ul>\n<\/blockquote>\n","protected":false},"excerpt":{"rendered":"<p>Un any m\u00e9s torna la convocat\u00f2ria pels Jocs Florals Escolars de Catalunya. Animem a tots els centres de la comarca a participar, en aquest certamen literari, que forma part de la tradici\u00f3 cultural del nostre pa\u00eds. Teniu fins el 26 d\u2019abril per lliurar els treballs!<br \/>\n&nbsp;<br \/>\nEl&hellip;  <a href=\"https:\/\/serveiseducatius.xtec.cat\/segarra\/general\/viii-jocs-florals-escolars-de-catalunya\/\" title=\"Read VIII Jocs Florals Escolars de Catalunya\">Llegeix m\u00e9s\u00bb<\/a><\/p>\n","protected":false},"author":4,"featured_media":12027,"comment_status":"closed","ping_status":"closed","sticky":false,"template":"","format":"standard","meta":{"_bbp_topic_count":0,"_bbp_reply_count":0,"_bbp_total_topic_count":0,"_bbp_total_reply_count":0,"_bbp_voice_count":0,"_bbp_anonymous_reply_count":0,"_bbp_topic_count_hidden":0,"_bbp_reply_count_hidden":0,"_bbp_forum_subforum_count":0,"footnotes":""},"categories":[1,71,29],"tags":[562,593,561,172,179,590,169,236,592,591,353],"class_list":["post-12026","post","type-post","status-publish","format-standard","has-post-thumbnail","hentry","category-general","category-jocs-florals","category-portada","tag-concursos","tag-conte-illustrat","tag-educacio-especial","tag-educacio-primaria","tag-educacio-secundaria","tag-jocs-florals","tag-llengua","tag-llengua-catalana","tag-narrativa","tag-narrativa-escolar","tag-poesia"],"post_mailing_queue_ids":[],"_links":{"self":[{"href":"https:\/\/serveiseducatius.xtec.cat\/segarra\/wp-json\/wp\/v2\/posts\/12026","targetHints":{"allow":["GET"]}}],"collection":[{"href":"https:\/\/serveiseducatius.xtec.cat\/segarra\/wp-json\/wp\/v2\/posts"}],"about":[{"href":"https:\/\/serveiseducatius.xtec.cat\/segarra\/wp-json\/wp\/v2\/types\/post"}],"author":[{"embeddable":true,"href":"https:\/\/serveiseducatius.xtec.cat\/segarra\/wp-json\/wp\/v2\/users\/4"}],"replies":[{"embeddable":true,"href":"https:\/\/serveiseducatius.xtec.cat\/segarra\/wp-json\/wp\/v2\/comments?post=12026"}],"version-history":[{"count":3,"href":"https:\/\/serveiseducatius.xtec.cat\/segarra\/wp-json\/wp\/v2\/posts\/12026\/revisions"}],"predecessor-version":[{"id":12083,"href":"https:\/\/serveiseducatius.xtec.cat\/segarra\/wp-json\/wp\/v2\/posts\/12026\/revisions\/12083"}],"wp:featuredmedia":[{"embeddable":true,"href":"https:\/\/serveiseducatius.xtec.cat\/segarra\/wp-json\/wp\/v2\/media\/12027"}],"wp:attachment":[{"href":"https:\/\/serveiseducatius.xtec.cat\/segarra\/wp-json\/wp\/v2\/media?parent=12026"}],"wp:term":[{"taxonomy":"category","embeddable":true,"href":"https:\/\/serveiseducatius.xtec.cat\/segarra\/wp-json\/wp\/v2\/categories?post=12026"},{"taxonomy":"post_tag","embeddable":true,"href":"https:\/\/serveiseducatius.xtec.cat\/segarra\/wp-json\/wp\/v2\/tags?post=12026"}],"curies":[{"name":"wp","href":"https:\/\/api.w.org\/{rel}","templated":true}]}}