{"id":11700,"date":"2020-12-06T20:23:37","date_gmt":"2020-12-06T19:23:37","guid":{"rendered":"http:\/\/serveiseducatius.xtec.cat\/segarra\/?p=11700"},"modified":"2020-12-06T20:24:08","modified_gmt":"2020-12-06T19:24:08","slug":"desdibuixant-les-parets-de-laula-el-repte-de-laprenentatge-a-les-aules-del-segle-xxi","status":"publish","type":"post","link":"https:\/\/serveiseducatius.xtec.cat\/segarra\/portada\/desdibuixant-les-parets-de-laula-el-repte-de-laprenentatge-a-les-aules-del-segle-xxi\/","title":{"rendered":"\u201cDesdibuixant les parets de l\u2019aula. El repte de l\u2019aprenentatge a les aules del segle XXI\u201c"},"content":{"rendered":"<p>Cicle de webinars formatius per a capacitar a docents de nivells i \u00e0mbits diversos\u00a0amb les habilitats necess\u00e0ries per\u00a0fomentar un treball col\u00b7laboratiu a l\u2019aula, establir sinergies amb <img loading=\"lazy\" decoding=\"async\" class=\"size-full wp-image-11703 alignright\" src=\"https:\/\/serveiseducatius.xtec.cat\/segarra\/wp-content\/uploads\/usu1148\/2020\/12\/webinar-mschools.jpg\" alt=\"\" width=\"401\" height=\"275\" srcset=\"https:\/\/serveiseducatius.xtec.cat\/segarra\/wp-content\/uploads\/usu1148\/2020\/12\/webinar-mschools.jpg 401w, https:\/\/serveiseducatius.xtec.cat\/segarra\/wp-content\/uploads\/usu1148\/2020\/12\/webinar-mschools-300x206.jpg 300w\" sizes=\"auto, (max-width: 401px) 100vw, 401px\" \/>l&#8217;entorn\u00a0i millorar la compet\u00e8ncia digital,\u00a0tot utilitzant\u00a0<strong><a href=\"https:\/\/mschools.us12.list-manage.com\/track\/click?u=4fad4c034c9630d4d05c80a99&amp;id=ec95768421&amp;e=c413f5aa6c\" target=\"_blank\" rel=\"noopener noreferrer\" data-saferedirecturl=\"https:\/\/www.google.com\/url?q=https:\/\/mschools.us12.list-manage.com\/track\/click?u%3D4fad4c034c9630d4d05c80a99%26id%3Dec95768421%26e%3Dc413f5aa6c&amp;source=gmail&amp;ust=1607331222166000&amp;usg=AFQjCNFxsBX5RLRADHvG6MW2fFLYtBVT2A\">Mobile History Map<\/a><\/strong>\u00a0com a plataforma vehiculadora de processos d\u2019aprenentatge a l\u2019aula.<br \/>\nCondu\u00eft per la <strong>Montserrat Jim\u00e9nez,<\/strong> formadora en processos de transformaci\u00f3 i lideratge, metodologies actives d\u2019aprenentatge a l\u2019aula i tecnologia educativa i autora, juntament amb Eva Bach, de \u201cMares i Pares influencers &#8211; 50 eines per entendre i acompanyar adolescents d\u2019avui. el cicle comptar\u00e0 amb la participaci\u00f3 de referents de la comunitat educativa, docents i alumnes.<\/p>\n<p style=\"font-weight: 400;\"><a href=\"https:\/\/mailchi.mp\/mschools.com\/webinars\" target=\"_blank\" rel=\"noopener noreferrer\">El cicle de quatre webinars<\/a> tindr\u00e0 lloc de desembre 2020 a mar\u00e7 2021. Cada sessi\u00f3 tindr\u00e0 una durada d&#8217;una hora i mitja, aproximadament, i comptar\u00e0 amb\u00a0diverses personalitats del sector educatiu a Catalunya. Les\u00a0dates s\u00f3n:<\/p>\n<p><span style=\"font-weight: 400;\">25 Novembre 2020 &#8211; Sessi\u00f3 1<br \/>\n<strong>Metodologies actives i tecnologies digitals a l&#8217;aula\u00a0<\/strong><\/span><\/p>\n<p>20 Gener 2021 &#8211;\u00a0Sessi\u00f3 2<br \/>\n<strong>El coneixement: d\u2019on i com aprenem?\u00a0<\/strong><\/p>\n<p>17 Febrer 2021 &#8211; Sessi\u00f3 3<br \/>\n<strong>\u00c8tica digital: reptes i oportunitats.\u00a0<\/strong><\/p>\n<p>10 Mar\u00e7 2021 &#8211; Sessi\u00f3 4<br \/>\n<strong>Les aules, una finestra oberta al m\u00f3n.<\/strong><\/p>\n<p>&nbsp;<\/p>\n","protected":false},"excerpt":{"rendered":"<p>Cicle de webinars formatius per a capacitar a docents de nivells i \u00e0mbits diversos\u00a0amb les habilitats necess\u00e0ries per\u00a0fomentar un treball col\u00b7laboratiu a l\u2019aula, establir sinergies amb l&#8217;entorn\u00a0i millorar la compet\u00e8ncia digital,\u00a0tot utilitzant\u00a0<a href=\"https:\/\/mschools.us12.list-manage.com\/track\/click?u=4fad4c034c9630d4d05c80a99&amp;id=ec95768421&amp;e=c413f5aa6c\" target=\"_blank\" rel=\"noopener noreferrer\" data-saferedirecturl=\"https:\/\/www.google.com\/url?q=https:\/\/mschools.us12.list-manage.com\/track\/click?u%3D4fad4c034c9630d4d05c80a99%26id%3Dec95768421%26e%3Dc413f5aa6c&amp;source=gmail&amp;ust=1607331222166000&amp;usg=AFQjCNFxsBX5RLRADHvG6MW2fFLYtBVT2A\">Mobile History Map<\/a>\u00a0com a plataforma vehiculadora de processos d\u2019aprenentatge&hellip;  <a href=\"https:\/\/serveiseducatius.xtec.cat\/segarra\/portada\/desdibuixant-les-parets-de-laula-el-repte-de-laprenentatge-a-les-aules-del-segle-xxi\/\" title=\"Read \u201cDesdibuixant les parets de l\u2019aula. El repte de l\u2019aprenentatge a les aules del segle XXI\u201c\">Llegeix m\u00e9s\u00bb<\/a><\/p>\n","protected":false},"author":4,"featured_media":11702,"comment_status":"closed","ping_status":"closed","sticky":false,"template":"","format":"standard","meta":{"_bbp_topic_count":0,"_bbp_reply_count":0,"_bbp_total_topic_count":0,"_bbp_total_reply_count":0,"_bbp_voice_count":0,"_bbp_anonymous_reply_count":0,"_bbp_topic_count_hidden":0,"_bbp_reply_count_hidden":0,"_bbp_forum_subforum_count":0,"footnotes":""},"categories":[78,424,235,29],"tags":[567,301,300,568],"class_list":["post-11700","post","type-post","status-publish","format-standard","has-post-thumbnail","hentry","category-cd","category-inno","category-formacio_ins","category-portada","tag-cd","tag-mschools","tag-tecnologia","tag-webinar"],"post_mailing_queue_ids":[],"_links":{"self":[{"href":"https:\/\/serveiseducatius.xtec.cat\/segarra\/wp-json\/wp\/v2\/posts\/11700","targetHints":{"allow":["GET"]}}],"collection":[{"href":"https:\/\/serveiseducatius.xtec.cat\/segarra\/wp-json\/wp\/v2\/posts"}],"about":[{"href":"https:\/\/serveiseducatius.xtec.cat\/segarra\/wp-json\/wp\/v2\/types\/post"}],"author":[{"embeddable":true,"href":"https:\/\/serveiseducatius.xtec.cat\/segarra\/wp-json\/wp\/v2\/users\/4"}],"replies":[{"embeddable":true,"href":"https:\/\/serveiseducatius.xtec.cat\/segarra\/wp-json\/wp\/v2\/comments?post=11700"}],"version-history":[{"count":2,"href":"https:\/\/serveiseducatius.xtec.cat\/segarra\/wp-json\/wp\/v2\/posts\/11700\/revisions"}],"predecessor-version":[{"id":11704,"href":"https:\/\/serveiseducatius.xtec.cat\/segarra\/wp-json\/wp\/v2\/posts\/11700\/revisions\/11704"}],"wp:featuredmedia":[{"embeddable":true,"href":"https:\/\/serveiseducatius.xtec.cat\/segarra\/wp-json\/wp\/v2\/media\/11702"}],"wp:attachment":[{"href":"https:\/\/serveiseducatius.xtec.cat\/segarra\/wp-json\/wp\/v2\/media?parent=11700"}],"wp:term":[{"taxonomy":"category","embeddable":true,"href":"https:\/\/serveiseducatius.xtec.cat\/segarra\/wp-json\/wp\/v2\/categories?post=11700"},{"taxonomy":"post_tag","embeddable":true,"href":"https:\/\/serveiseducatius.xtec.cat\/segarra\/wp-json\/wp\/v2\/tags?post=11700"}],"curies":[{"name":"wp","href":"https:\/\/api.w.org\/{rel}","templated":true}]}}