{"id":11390,"date":"2020-10-08T21:09:48","date_gmt":"2020-10-08T19:09:48","guid":{"rendered":"http:\/\/serveiseducatius.xtec.cat\/segarra\/?p=11390"},"modified":"2020-10-08T21:11:00","modified_gmt":"2020-10-08T19:11:00","slug":"codeweek-2020","status":"publish","type":"post","link":"https:\/\/serveiseducatius.xtec.cat\/segarra\/portada\/codeweek-2020\/","title":{"rendered":"CodeWeek 2020"},"content":{"rendered":"<p><span class=\"css-901oao css-16my406 r-1qd0xha r-ad9z0x r-bcqeeo r-qvutc0\">Del<strong> 10 al 25 d\u2019octubre de 202<\/strong>0 se celebra la<\/span><span class=\"r-18u37iz\"><a href=\"https:\/\/codeweek.eu\/\" target=\"_blank\" rel=\"noopener noreferrer\">\u00a0<strong>CodeWeek<\/strong><\/a>, Setmana de la Programaci\u00f3 de la UE,\u00a0<\/span><span class=\"css-901oao css-16my406 r-1qd0xha r-ad9z0x r-bcqeeo r-qvutc0\">amb activitats per fomentar el\u00a0<\/span><span class=\"r-18u37iz\">pensament computacional<\/span><span class=\"css-901oao css-16my406 r-1qd0xha r-ad9z0x r-bcqeeo r-qvutc0\">\u00a0i la\u00a0<\/span><span class=\"r-18u37iz\">programaci\u00f3<\/span><span class=\"css-901oao css-16my406 r-1qd0xha r-ad9z0x r-bcqeeo r-qvutc0\">\u00a0per afavorir la resoluci\u00f3 de problemes, la creativitat i el pensament estructurat.\u00a0<a href=\"http:\/\/xtec.gencat.cat\/ca\/centres\/celebracions\/2020\/codeweek\/\" target=\"_blank\" rel=\"noopener noreferrer\"><strong>M\u00e9s informaci\u00f3&gt;&gt;<\/strong><\/a><\/span><\/p>\n<p dir=\"ltr\">Per fer visibles les iniciatives al\u00a0<strong><a href=\"https:\/\/codeweek.eu\/events\" target=\"_blank\" rel=\"noopener noreferrer\" data-saferedirecturl=\"https:\/\/www.google.com\/url?q=https:\/\/codeweek.eu\/events&amp;source=gmail&amp;ust=1602224923445000&amp;usg=AFQjCNEoR3ZEhrJVcj9eRhNJt80aWqyleQ\">mapa<\/a>\u00a0<\/strong>que la mateixa organitzaci\u00f3 t\u00e9 al seu web, us demanem que registreu, en el bot\u00f3\u00a0<strong><a href=\"https:\/\/codeweek.eu\/events\" target=\"_blank\" rel=\"noopener noreferrer\" data-saferedirecturl=\"https:\/\/www.google.com\/url?q=https:\/\/codeweek.eu\/events&amp;source=gmail&amp;ust=1602224923445000&amp;usg=AFQjCNEoR3ZEhrJVcj9eRhNJt80aWqyleQ\">Agregar un event<\/a><\/strong>, les activitats que teniu previst realitzar en relacionades amb la programaci\u00f3.<\/p>\n<p dir=\"ltr\">Tamb\u00e9 trobareu activitats que es duran a terme al llarg de la Codeweek al\u00a0<strong><a href=\"https:\/\/projectes.xtec.cat\/programacioirobotica\/\" target=\"_blank\" rel=\"noopener noreferrer\" data-saferedirecturl=\"https:\/\/www.google.com\/url?q=https:\/\/projectes.xtec.cat\/programacioirobotica\/&amp;source=gmail&amp;ust=1602224923445000&amp;usg=AFQjCNHINssjAhiOs8W1OiRDJ-wQynHoLQ\">Nodes de pensament computacional, programaci\u00f3 i rob\u00f2tica<\/a><\/strong>\u00a0del Departament d\u2019Educaci\u00f3.<\/p>\n<p dir=\"ltr\">En aquests enlla\u00e7os hi trobareu recursos que poden ser del vostre inter\u00e8s:<\/p>\n<ul>\n<li dir=\"ltr\">\n<p dir=\"ltr\"><strong><a href=\"https:\/\/codeweek.eu\/resources\/CodingAtHome\" target=\"_blank\" rel=\"noopener noreferrer\" data-saferedirecturl=\"https:\/\/www.google.com\/url?q=https:\/\/codeweek.eu\/resources\/CodingAtHome&amp;source=gmail&amp;ust=1602224923445000&amp;usg=AFQjCNHVKo0flKs11CSPLb5QBmxkaCHyeQ\">CodeWeek<\/a><\/strong><\/p>\n<\/li>\n<li dir=\"ltr\">\n<p dir=\"ltr\"><strong><a href=\"https:\/\/blog.codeweek.eu\/\" target=\"_blank\" rel=\"noopener noreferrer\" data-saferedirecturl=\"https:\/\/www.google.com\/url?q=https:\/\/blog.codeweek.eu\/&amp;source=gmail&amp;ust=1602224923445000&amp;usg=AFQjCNGgKMOrzXl8f6Rf-0mE2SUC4ND6Aw\">Blog CodeWeek<\/a><\/strong><\/p>\n<\/li>\n<li dir=\"ltr\">\n<p dir=\"ltr\"><strong><a href=\"http:\/\/code.intef.es\/\" target=\"_blank\" rel=\"noopener noreferrer\" data-saferedirecturl=\"https:\/\/www.google.com\/url?q=http:\/\/code.intef.es\/&amp;source=gmail&amp;ust=1602224923445000&amp;usg=AFQjCNGrSJmWMGnBvynKe19WkF4V_3RvCw\">CodeIntef<\/a><\/strong><\/p>\n<\/li>\n<\/ul>\n<p><img loading=\"lazy\" decoding=\"async\" class=\"aligncenter size-full wp-image-11392\" src=\"https:\/\/serveiseducatius.xtec.cat\/segarra\/wp-content\/uploads\/usu1148\/2020\/10\/code-week.jpg\" alt=\"\" width=\"762\" height=\"297\" srcset=\"https:\/\/serveiseducatius.xtec.cat\/segarra\/wp-content\/uploads\/usu1148\/2020\/10\/code-week.jpg 762w, https:\/\/serveiseducatius.xtec.cat\/segarra\/wp-content\/uploads\/usu1148\/2020\/10\/code-week-300x117.jpg 300w\" sizes=\"auto, (max-width: 762px) 100vw, 762px\" \/><\/p>\n","protected":false},"excerpt":{"rendered":"<p>Del 10 al 25 d\u2019octubre de 2020 se celebra la<a href=\"https:\/\/codeweek.eu\/\" target=\"_blank\" rel=\"noopener noreferrer\">\u00a0CodeWeek<\/a>, Setmana de la Programaci\u00f3 de la UE,\u00a0amb activitats per fomentar el\u00a0pensament computacional\u00a0i la\u00a0programaci\u00f3\u00a0per afavorir la resoluci\u00f3 de problemes, la creativitat i el pensament estructurat.\u00a0<a href=\"http:\/\/xtec.gencat.cat\/ca\/centres\/celebracions\/2020\/codeweek\/\" target=\"_blank\" rel=\"noopener noreferrer\">M\u00e9s informaci\u00f3&gt;&gt;<\/a><br \/>\nPer fer visibles&hellip;  <a href=\"https:\/\/serveiseducatius.xtec.cat\/segarra\/portada\/codeweek-2020\/\" title=\"Read CodeWeek 2020\">Llegeix m\u00e9s\u00bb<\/a><\/p>\n","protected":false},"author":4,"featured_media":11393,"comment_status":"closed","ping_status":"closed","sticky":false,"template":"","format":"standard","meta":{"_bbp_topic_count":0,"_bbp_reply_count":0,"_bbp_total_topic_count":0,"_bbp_total_reply_count":0,"_bbp_voice_count":0,"_bbp_anonymous_reply_count":0,"_bbp_topic_count_hidden":0,"_bbp_reply_count_hidden":0,"_bbp_forum_subforum_count":0,"footnotes":""},"categories":[78,66,29],"tags":[329,300],"class_list":["post-11390","post","type-post","status-publish","format-standard","has-post-thumbnail","hentry","category-cd","category-dinamitzacio","category-portada","tag-tac","tag-tecnologia"],"post_mailing_queue_ids":[],"_links":{"self":[{"href":"https:\/\/serveiseducatius.xtec.cat\/segarra\/wp-json\/wp\/v2\/posts\/11390","targetHints":{"allow":["GET"]}}],"collection":[{"href":"https:\/\/serveiseducatius.xtec.cat\/segarra\/wp-json\/wp\/v2\/posts"}],"about":[{"href":"https:\/\/serveiseducatius.xtec.cat\/segarra\/wp-json\/wp\/v2\/types\/post"}],"author":[{"embeddable":true,"href":"https:\/\/serveiseducatius.xtec.cat\/segarra\/wp-json\/wp\/v2\/users\/4"}],"replies":[{"embeddable":true,"href":"https:\/\/serveiseducatius.xtec.cat\/segarra\/wp-json\/wp\/v2\/comments?post=11390"}],"version-history":[{"count":3,"href":"https:\/\/serveiseducatius.xtec.cat\/segarra\/wp-json\/wp\/v2\/posts\/11390\/revisions"}],"predecessor-version":[{"id":11395,"href":"https:\/\/serveiseducatius.xtec.cat\/segarra\/wp-json\/wp\/v2\/posts\/11390\/revisions\/11395"}],"wp:featuredmedia":[{"embeddable":true,"href":"https:\/\/serveiseducatius.xtec.cat\/segarra\/wp-json\/wp\/v2\/media\/11393"}],"wp:attachment":[{"href":"https:\/\/serveiseducatius.xtec.cat\/segarra\/wp-json\/wp\/v2\/media?parent=11390"}],"wp:term":[{"taxonomy":"category","embeddable":true,"href":"https:\/\/serveiseducatius.xtec.cat\/segarra\/wp-json\/wp\/v2\/categories?post=11390"},{"taxonomy":"post_tag","embeddable":true,"href":"https:\/\/serveiseducatius.xtec.cat\/segarra\/wp-json\/wp\/v2\/tags?post=11390"}],"curies":[{"name":"wp","href":"https:\/\/api.w.org\/{rel}","templated":true}]}}