{"id":11022,"date":"2020-06-09T16:26:47","date_gmt":"2020-06-09T14:26:47","guid":{"rendered":"http:\/\/serveiseducatius.xtec.cat\/segarra\/?p=11022"},"modified":"2020-06-09T16:27:07","modified_gmt":"2020-06-09T14:27:07","slug":"3r-butlleti-bdr-la-lectura-font-de-plaer-i-coneixement","status":"publish","type":"post","link":"https:\/\/serveiseducatius.xtec.cat\/segarra\/portada\/3r-butlleti-bdr-la-lectura-font-de-plaer-i-coneixement\/","title":{"rendered":"3r butllet\u00ed BDR. La lectura: font de plaer i coneixement"},"content":{"rendered":"<div>S&#8217;ha publicat el <b>3r butllet\u00ed digital<\/b>\u00a0del\u00a0<i>Banc de recursos: La lectura: pont de plaer i coneixement<\/i>\u00a0(<b>juny 2020<\/b>) per si el voleu enviar al professorat i a les fam\u00edlies del vostre centre. <img loading=\"lazy\" decoding=\"async\" class=\"size-full wp-image-8355 alignright\" src=\"https:\/\/serveiseducatius.xtec.cat\/segarra\/wp-content\/uploads\/usu1148\/2018\/11\/BDR.jpg\" alt=\"\" width=\"335\" height=\"181\" srcset=\"https:\/\/serveiseducatius.xtec.cat\/segarra\/wp-content\/uploads\/usu1148\/2018\/11\/BDR.jpg 335w, https:\/\/serveiseducatius.xtec.cat\/segarra\/wp-content\/uploads\/usu1148\/2018\/11\/BDR-300x162.jpg 300w\" sizes=\"auto, (max-width: 335px) 100vw, 335px\" \/><\/div>\n<div><a href=\"https:\/\/sites.google.com\/a\/xtec.cat\/butlleti-bdr\/\" target=\"_blank\" rel=\"noopener noreferrer\" data-saferedirecturl=\"https:\/\/www.google.com\/url?q=https:\/\/sites.google.com\/a\/xtec.cat\/butlleti-bdr\/&amp;source=gmail&amp;ust=1591796036358000&amp;usg=AFQjCNHL4klLHRPwMTf6y1zptfg5_8Qs5Q\">\u00a0<\/a><\/div>\n<div><strong><a href=\"https:\/\/sites.google.com\/a\/xtec.cat\/butlleti-bdr\/\" target=\"_blank\" rel=\"noopener noreferrer\" data-saferedirecturl=\"https:\/\/www.google.com\/url?q=https:\/\/sites.google.com\/a\/xtec.cat\/butlleti-bdr\/&amp;source=gmail&amp;ust=1591796036358000&amp;usg=AFQjCNHL4klLHRPwMTf6y1zptfg5_8Qs5Q\">Acc\u00e9s al BDR<\/a>.\u00a0<\/strong><\/div>\n<div><\/div>\n<div>Destaquem els recursos seg\u00fcents:<\/div>\n<div><\/div>\n<ul>\n<li><strong><a href=\"https:\/\/www.rosasensat.org\/el-dol-i-la-perdua-seleccio-de-llibres-per-llegir-mirar-i-parlar-a-educacio-infantil-i-primaria\/\" target=\"_blank\" rel=\"noopener noreferrer\" data-saferedirecturl=\"https:\/\/www.google.com\/url?q=https:\/\/www.rosasensat.org\/el-dol-i-la-perdua-seleccio-de-llibres-per-llegir-mirar-i-parlar-a-educacio-infantil-i-primaria\/&amp;source=gmail&amp;ust=1591796036358000&amp;usg=AFQjCNEifawJB6lksSN2Jo5_Htm_uMHwnw\">EL DOL I LA P\u00c8RDUA<\/a>:<\/strong> Selecci\u00f3 de llibres per llegir, mirar i parlar de la mort a Educaci\u00f3 Infantil i Prim\u00e0ria, elaborada per la Biblioteca Rosa Sensat, amb l&#8217;objectiu de proporcionar als infants una visi\u00f3 molt ampla del m\u00f3n a trav\u00e9s dels referents literaris i la seva lectura.<\/li>\n<\/ul>\n<ul>\n<li><strong><a href=\"https:\/\/drive.google.com\/file\/d\/1UNdJovNCdAbqhK0KMwJkvxxqgs-_qLnR\/view\" target=\"_blank\" rel=\"noopener noreferrer\" data-saferedirecturl=\"https:\/\/www.google.com\/url?q=https:\/\/drive.google.com\/file\/d\/1UNdJovNCdAbqhK0KMwJkvxxqgs-_qLnR\/view&amp;source=gmail&amp;ust=1591796036358000&amp;usg=AFQjCNHLe-9CQW3dQsUmkAYaohz4m0pyjA\">RECOMANACIONS ESTIU 2020<\/a><\/strong>: Quinze lectures per a l&#8217;alumnat d&#8217;Educaci\u00f3 secund\u00e0ria i Batxillerat que inclouen les que s&#8217;han seleccionat per al concurs Protagonista Jove, m\u00e9s algunes propostes m\u00e9s.<\/li>\n<\/ul>\n<div><\/div>\n","protected":false},"excerpt":{"rendered":"<p>S&#8217;ha publicat el 3r butllet\u00ed digital\u00a0del\u00a0Banc de recursos: La lectura: pont de plaer i coneixement\u00a0(juny 2020) per si el voleu enviar al professorat i a les fam\u00edlies del vostre centre.<br \/>\n<a href=\"https:\/\/sites.google.com\/a\/xtec.cat\/butlleti-bdr\/\" target=\"_blank\" rel=\"noopener noreferrer\" data-saferedirecturl=\"https:\/\/www.google.com\/url?q=https:\/\/sites.google.com\/a\/xtec.cat\/butlleti-bdr\/&amp;source=gmail&amp;ust=1591796036358000&amp;usg=AFQjCNHL4klLHRPwMTf6y1zptfg5_8Qs5Q\">\u00a0<\/a><br \/>\n<a href=\"https:\/\/sites.google.com\/a\/xtec.cat\/butlleti-bdr\/\" target=\"_blank\" rel=\"noopener noreferrer\" data-saferedirecturl=\"https:\/\/www.google.com\/url?q=https:\/\/sites.google.com\/a\/xtec.cat\/butlleti-bdr\/&amp;source=gmail&amp;ust=1591796036358000&amp;usg=AFQjCNHL4klLHRPwMTf6y1zptfg5_8Qs5Q\">Acc\u00e9s al BDR<\/a>.\u00a0<\/p>\n<p>Destaquem els recursos&hellip;  <a href=\"https:\/\/serveiseducatius.xtec.cat\/segarra\/portada\/3r-butlleti-bdr-la-lectura-font-de-plaer-i-coneixement\/\" title=\"Read 3r butllet\u00ed BDR. La lectura: font de plaer i coneixement\">Llegeix m\u00e9s\u00bb<\/a><\/p>\n","protected":false},"author":4,"featured_media":8944,"comment_status":"closed","ping_status":"closed","sticky":false,"template":"","format":"standard","meta":{"_bbp_topic_count":0,"_bbp_reply_count":0,"_bbp_total_topic_count":0,"_bbp_total_reply_count":0,"_bbp_voice_count":0,"_bbp_anonymous_reply_count":0,"_bbp_topic_count_hidden":0,"_bbp_reply_count_hidden":0,"_bbp_forum_subforum_count":0,"footnotes":""},"categories":[29],"tags":[310,309,100],"class_list":["post-11022","post","type-post","status-publish","format-standard","has-post-thumbnail","hentry","category-portada","tag-biblioteca","tag-butlleti-bdr","tag-lectura"],"post_mailing_queue_ids":[],"_links":{"self":[{"href":"https:\/\/serveiseducatius.xtec.cat\/segarra\/wp-json\/wp\/v2\/posts\/11022","targetHints":{"allow":["GET"]}}],"collection":[{"href":"https:\/\/serveiseducatius.xtec.cat\/segarra\/wp-json\/wp\/v2\/posts"}],"about":[{"href":"https:\/\/serveiseducatius.xtec.cat\/segarra\/wp-json\/wp\/v2\/types\/post"}],"author":[{"embeddable":true,"href":"https:\/\/serveiseducatius.xtec.cat\/segarra\/wp-json\/wp\/v2\/users\/4"}],"replies":[{"embeddable":true,"href":"https:\/\/serveiseducatius.xtec.cat\/segarra\/wp-json\/wp\/v2\/comments?post=11022"}],"version-history":[{"count":3,"href":"https:\/\/serveiseducatius.xtec.cat\/segarra\/wp-json\/wp\/v2\/posts\/11022\/revisions"}],"predecessor-version":[{"id":11025,"href":"https:\/\/serveiseducatius.xtec.cat\/segarra\/wp-json\/wp\/v2\/posts\/11022\/revisions\/11025"}],"wp:featuredmedia":[{"embeddable":true,"href":"https:\/\/serveiseducatius.xtec.cat\/segarra\/wp-json\/wp\/v2\/media\/8944"}],"wp:attachment":[{"href":"https:\/\/serveiseducatius.xtec.cat\/segarra\/wp-json\/wp\/v2\/media?parent=11022"}],"wp:term":[{"taxonomy":"category","embeddable":true,"href":"https:\/\/serveiseducatius.xtec.cat\/segarra\/wp-json\/wp\/v2\/categories?post=11022"},{"taxonomy":"post_tag","embeddable":true,"href":"https:\/\/serveiseducatius.xtec.cat\/segarra\/wp-json\/wp\/v2\/tags?post=11022"}],"curies":[{"name":"wp","href":"https:\/\/api.w.org\/{rel}","templated":true}]}}