{"id":10035,"date":"2020-01-07T17:26:18","date_gmt":"2020-01-07T16:26:18","guid":{"rendered":"http:\/\/serveiseducatius.xtec.cat\/segarra\/?p=10035"},"modified":"2020-01-07T17:26:18","modified_gmt":"2020-01-07T16:26:18","slug":"apac-elt-convention-going-global","status":"publish","type":"post","link":"https:\/\/serveiseducatius.xtec.cat\/segarra\/portada\/apac-elt-convention-going-global\/","title":{"rendered":"APAC ELT Convention. &#8220;GOING GLOBAL&#8221;"},"content":{"rendered":"<p><a href=\"https:\/\/serveiseducatius.xtec.cat\/segarra\/wp-content\/uploads\/usu1148\/2020\/01\/apac.gif\"><img loading=\"lazy\" decoding=\"async\" class=\"size-full wp-image-10037 alignleft\" src=\"https:\/\/serveiseducatius.xtec.cat\/segarra\/wp-content\/uploads\/usu1148\/2020\/01\/apac.gif\" alt=\"\" width=\"300\" height=\"334\" \/><\/a>Jornades Anuals, l\u2019APAC ELT Convention. Enguany, la 35a edici\u00f3 de l&#8217;APAC-ELT Convention tindr\u00e0 lloc els dies <strong>30 i 31 de gener i 1 de febrer<\/strong> al Campus Ciutadella de la Universitat Pompeu Fabra amb el lema <strong>&#8220;GOING GLOBAL&#8221;<\/strong>.<\/p>\n<p>Les jornades inclouen m\u00e9s de 40 sessions adre\u00e7ades als diversos nivells educatius, i amb ponents de renom com ara Rachel Paling, Robin Walker, Alex Warren, Emma Reynolds, Maria Gonz\u00e1lez-Davies, Mireia Trenchs, Dolors Masats, M\u00f2nica Casta\u00f1er, Maria Mont, Teresa Naves i altres ponents, incloent-hi professorat en actiu que presenta projectes propis i projectes de recerca educativa.<\/p>\n<p>Aquestes jornades gaudeixen del reconeixement del Departament d&#8217;Ensenyament com a activitat de formaci\u00f3, i creiem que poden ser de molt inter\u00e8s per a tota la comunitat de professors i professores d&#8217;angl\u00e8s de Catalunya, tant a nivell d&#8217;infantil com a prim\u00e0ria i secund\u00e0ria, aix\u00ed com tamb\u00e9 per a escoles d&#8217;idiomes i acad\u00e8mies.<\/p>\n<p><a href=\"https:\/\/serveiseducatius.xtec.cat\/segarra\/wp-content\/uploads\/usu1148\/2020\/01\/flyer-APAC2020.pdf\">Acc\u00e9s a la informaci\u00f3 m\u00e9s destacada de l&#8217;event APAC2020<\/a><\/p>\n<p>Visiteu: <a href=\"https:\/\/www.apac365.org\/annual-convention\" target=\"_blank\" rel=\"noopener noreferrer\">https:\/\/www.apac365.org\/annual-convention\u00a0<\/a> per a m\u00e9s informaci\u00f3.<\/p>\n<p>&nbsp;<\/p>\n","protected":false},"excerpt":{"rendered":"<p><a href=\"https:\/\/serveiseducatius.xtec.cat\/segarra\/wp-content\/uploads\/usu1148\/2020\/01\/apac.gif\"><\/a>Jornades Anuals, l\u2019APAC ELT Convention. Enguany, la 35a edici\u00f3 de l&#8217;APAC-ELT Convention tindr\u00e0 lloc els dies 30 i 31 de gener i 1 de febrer al Campus Ciutadella de la Universitat Pompeu Fabra amb el lema &#8220;GOING GLOBAL&#8221;.<br \/>\nLes jornades inclouen m\u00e9s de 40 sessions&hellip;  <a href=\"https:\/\/serveiseducatius.xtec.cat\/segarra\/portada\/apac-elt-convention-going-global\/\" title=\"Read APAC ELT Convention. &#8220;GOING GLOBAL&#8221;\">Llegeix m\u00e9s\u00bb<\/a><\/p>\n","protected":false},"author":4,"featured_media":10037,"comment_status":"closed","ping_status":"closed","sticky":false,"template":"","format":"standard","meta":{"_bbp_topic_count":0,"_bbp_reply_count":0,"_bbp_total_topic_count":0,"_bbp_total_reply_count":0,"_bbp_voice_count":0,"_bbp_anonymous_reply_count":0,"_bbp_topic_count_hidden":0,"_bbp_reply_count_hidden":0,"_bbp_forum_subforum_count":0,"footnotes":""},"categories":[251,390,235,29],"tags":[397,430,407],"class_list":["post-10035","post","type-post","status-publish","format-standard","has-post-thumbnail","hentry","category-dinamica-educativa","category-pe","category-formacio_ins","category-portada","tag-apac","tag-jornades","tag-llengues"],"post_mailing_queue_ids":[],"_links":{"self":[{"href":"https:\/\/serveiseducatius.xtec.cat\/segarra\/wp-json\/wp\/v2\/posts\/10035","targetHints":{"allow":["GET"]}}],"collection":[{"href":"https:\/\/serveiseducatius.xtec.cat\/segarra\/wp-json\/wp\/v2\/posts"}],"about":[{"href":"https:\/\/serveiseducatius.xtec.cat\/segarra\/wp-json\/wp\/v2\/types\/post"}],"author":[{"embeddable":true,"href":"https:\/\/serveiseducatius.xtec.cat\/segarra\/wp-json\/wp\/v2\/users\/4"}],"replies":[{"embeddable":true,"href":"https:\/\/serveiseducatius.xtec.cat\/segarra\/wp-json\/wp\/v2\/comments?post=10035"}],"version-history":[{"count":1,"href":"https:\/\/serveiseducatius.xtec.cat\/segarra\/wp-json\/wp\/v2\/posts\/10035\/revisions"}],"predecessor-version":[{"id":10038,"href":"https:\/\/serveiseducatius.xtec.cat\/segarra\/wp-json\/wp\/v2\/posts\/10035\/revisions\/10038"}],"wp:featuredmedia":[{"embeddable":true,"href":"https:\/\/serveiseducatius.xtec.cat\/segarra\/wp-json\/wp\/v2\/media\/10037"}],"wp:attachment":[{"href":"https:\/\/serveiseducatius.xtec.cat\/segarra\/wp-json\/wp\/v2\/media?parent=10035"}],"wp:term":[{"taxonomy":"category","embeddable":true,"href":"https:\/\/serveiseducatius.xtec.cat\/segarra\/wp-json\/wp\/v2\/categories?post=10035"},{"taxonomy":"post_tag","embeddable":true,"href":"https:\/\/serveiseducatius.xtec.cat\/segarra\/wp-json\/wp\/v2\/tags?post=10035"}],"curies":[{"name":"wp","href":"https:\/\/api.w.org\/{rel}","templated":true}]}}