{"id":9614,"date":"2019-01-14T12:43:26","date_gmt":"2019-01-14T11:43:26","guid":{"rendered":"http:\/\/serveiseducatius.xtec.cat\/sarria-santgervasi\/?p=9614"},"modified":"2019-02-09T12:27:42","modified_gmt":"2019-02-09T11:27:42","slug":"nova-guia-per-acollir-la-diversitat-dinfants-i-joves-en-lesport","status":"publish","type":"post","link":"https:\/\/serveiseducatius.xtec.cat\/sarria-santgervasi\/portada\/nova-guia-per-acollir-la-diversitat-dinfants-i-joves-en-lesport\/","title":{"rendered":"Nova guia per acollir la diversitat d&#8217;infants i joves en l&#8217;esport"},"content":{"rendered":"<div id=\"main\">\n<div class=\"region region-content\">\n<div id=\"block-system-main\" class=\"block block-system block-odd first last clearfix\">\n<div class=\"block-inner\">\n<div class=\"content\">\n<div id=\"detall-noticies\" class=\"container\">\n<div class=\"row\">\n<div class=\"col-xs-12 col-sm-6 pull-right \">\n<div class=\"photo-galleria\">\n<div class=\"block_thumb\">\n<div class=\"thumb\"><\/div>\n<\/div>\n<\/div>\n<\/div>\n<div class=\"col-xs-12 col-sm-6 pull-left\">\n<div class=\"content\">\n<p><a href=\"https:\/\/serveiseducatius.xtec.cat\/sarria-santgervasi\/wp-content\/uploads\/usu1168\/2019\/01\/IMPD_20181213_juguem.jpg\"><img loading=\"lazy\" decoding=\"async\" class=\"wp-image-9612 alignleft\" src=\"https:\/\/serveiseducatius.xtec.cat\/sarria-santgervasi\/wp-content\/uploads\/usu1168\/2019\/01\/IMPD_20181213_juguem.jpg\" alt=\"\" width=\"276\" height=\"353\" srcset=\"https:\/\/serveiseducatius.xtec.cat\/sarria-santgervasi\/wp-content\/uploads\/usu1168\/2019\/01\/IMPD_20181213_juguem.jpg 760w, https:\/\/serveiseducatius.xtec.cat\/sarria-santgervasi\/wp-content\/uploads\/usu1168\/2019\/01\/IMPD_20181213_juguem-235x300.jpg 235w\" sizes=\"auto, (max-width: 276px) 100vw, 276px\" \/><\/a>El programa\u00a0l\u2019Esport Inclou\u00a0de l\u2019Institut Barcelona Esports ha presentat la guia\u00a0<a title=\"Obre-ho en una finestra nova\" href=\"https:\/\/ajuntament.barcelona.cat\/esports\/sites\/default\/files\/guia_-123_juguem-_accessible_0.pdf\" target=\"_blank\" rel=\"noopener\"><em><strong>1,2,3\u2026JUGUEM! 100 propostes per a incloure sense l\u00edmits:\u00a0la participaci\u00f3 d\u2019infants i joves, amb i sense pluridiscapacitat en les activitats fisicoesportives<\/strong><\/em><\/a>. Ho ha fet en el marc d\u2019unes jornades de formaci\u00f3 adre\u00e7ades al professorat d\u2019educaci\u00f3 f\u00edsica de les escoles de Barcelona que es va realitzar a INEFC.<\/p>\n<p><strong>La guia ofereix recursos i estrat\u00e8gies did\u00e0ctiques per acollir la diversitat d&#8217;infants i joves, independentment de les capacitats que puguin tenir, tant en les sessions d&#8217;Educaci\u00f3 F\u00edsica en horari escolar com en l&#8217;activitat fisicoesportiva fora de l&#8217;horari lectiu.<\/strong><\/p>\n<p>El concepte que emmarca aquesta guia fa refer\u00e8ncia a un disseny universal de la pr\u00e0ctica d\u2019activitat fisicoesportiva, sense cap mena de discriminaci\u00f3. \u00c9s un disseny obert a tothom, sense caracteritzar ning\u00fa, sense limitar la participaci\u00f3 de ning\u00fa.<\/p>\n<p>Els recursos i estrat\u00e8gies que es presenten s\u00f3n fruit d\u2019una experi\u00e8ncia pionera i innovadora en inclusi\u00f3 de l\u2019alumnat amb pluridiscapacitat en l\u2019\u00e0rea d\u2019Educaci\u00f3 F\u00edsica fora de l\u2019horari lectiu, el programa \u201cJuguem\u201d, iniciat el curs curs 2015-2016, impulsat per l\u2019IBE de l\u2019Ajunament de Barcelona, en el marc del programa l\u2019Esport Inclou.<\/p>\n<p><a href=\"https:\/\/ajuntament.barcelona.cat\/esports\/sites\/default\/files\/guia_-123_juguem-_accessible_0.pdf\" target=\"_blank\" rel=\"noopener\">Cliqueu aqu\u00ed per veure la guia<\/a><\/p>\n<hr \/>\n<p>&nbsp;<\/p>\n<\/div>\n<\/div>\n<\/div>\n<\/div>\n<\/div>\n<\/div>\n<\/div>\n<\/div>\n<\/div>\n","protected":false},"excerpt":{"rendered":"<p>El programa l\u2019Esport Inclou de l\u2019Institut Barcelona Esports ha presentat la guia 1,2,3\u2026JUGUEM! 100 propostes per a incloure sense l\u00edmits: la participaci\u00f3 d\u2019infants i joves, amb i sense pluridiscapacitat en les activitats fisicoesportives.<\/p>\n","protected":false},"author":5,"featured_media":9612,"comment_status":"open","ping_status":"closed","sticky":false,"template":"","format":"standard","meta":{"_bbp_topic_count":0,"_bbp_reply_count":0,"_bbp_total_topic_count":0,"_bbp_total_reply_count":0,"_bbp_voice_count":0,"_bbp_anonymous_reply_count":0,"_bbp_topic_count_hidden":0,"_bbp_reply_count_hidden":0,"_bbp_forum_subforum_count":0,"site-sidebar-layout":"default","site-content-layout":"","ast-site-content-layout":"","site-content-style":"default","site-sidebar-style":"default","ast-global-header-display":"","ast-banner-title-visibility":"","ast-main-header-display":"","ast-hfb-above-header-display":"","ast-hfb-below-header-display":"","ast-hfb-mobile-header-display":"","site-post-title":"","ast-breadcrumbs-content":"","ast-featured-img":"","footer-sml-layout":"","theme-transparent-header-meta":"","adv-header-id-meta":"","stick-header-meta":"","header-above-stick-meta":"","header-main-stick-meta":"","header-below-stick-meta":"","astra-migrate-meta-layouts":"default","ast-page-background-enabled":"default","ast-page-background-meta":{"desktop":{"background-color":"var(--ast-global-color-4)","background-image":"","background-repeat":"repeat","background-position":"center center","background-size":"auto","background-attachment":"scroll","background-type":"","background-media":"","overlay-type":"","overlay-color":"","overlay-opacity":"","overlay-gradient":""},"tablet":{"background-color":"","background-image":"","background-repeat":"repeat","background-position":"center center","background-size":"auto","background-attachment":"scroll","background-type":"","background-media":"","overlay-type":"","overlay-color":"","overlay-opacity":"","overlay-gradient":""},"mobile":{"background-color":"","background-image":"","background-repeat":"repeat","background-position":"center center","background-size":"auto","background-attachment":"scroll","background-type":"","background-media":"","overlay-type":"","overlay-color":"","overlay-opacity":"","overlay-gradient":""}},"ast-content-background-meta":{"desktop":{"background-color":"var(--ast-global-color-5)","background-image":"","background-repeat":"repeat","background-position":"center center","background-size":"auto","background-attachment":"scroll","background-type":"","background-media":"","overlay-type":"","overlay-color":"","overlay-opacity":"","overlay-gradient":""},"tablet":{"background-color":"var(--ast-global-color-5)","background-image":"","background-repeat":"repeat","background-position":"center center","background-size":"auto","background-attachment":"scroll","background-type":"","background-media":"","overlay-type":"","overlay-color":"","overlay-opacity":"","overlay-gradient":""},"mobile":{"background-color":"var(--ast-global-color-5)","background-image":"","background-repeat":"repeat","background-position":"center center","background-size":"auto","background-attachment":"scroll","background-type":"","background-media":"","overlay-type":"","overlay-color":"","overlay-opacity":"","overlay-gradient":""}},"footnotes":""},"categories":[397,29],"tags":[376,228,400,399,415],"class_list":["post-9614","post","type-post","status-publish","format-standard","has-post-thumbnail","hentry","category-innovacio-i-c-b","category-portada","tag-curs-18-19","tag-educacio-fisica","tag-escola-inclusiva","tag-inclusio","tag-recursos"],"post_mailing_queue_ids":[],"_links":{"self":[{"href":"https:\/\/serveiseducatius.xtec.cat\/sarria-santgervasi\/wp-json\/wp\/v2\/posts\/9614","targetHints":{"allow":["GET"]}}],"collection":[{"href":"https:\/\/serveiseducatius.xtec.cat\/sarria-santgervasi\/wp-json\/wp\/v2\/posts"}],"about":[{"href":"https:\/\/serveiseducatius.xtec.cat\/sarria-santgervasi\/wp-json\/wp\/v2\/types\/post"}],"author":[{"embeddable":true,"href":"https:\/\/serveiseducatius.xtec.cat\/sarria-santgervasi\/wp-json\/wp\/v2\/users\/5"}],"replies":[{"embeddable":true,"href":"https:\/\/serveiseducatius.xtec.cat\/sarria-santgervasi\/wp-json\/wp\/v2\/comments?post=9614"}],"version-history":[{"count":3,"href":"https:\/\/serveiseducatius.xtec.cat\/sarria-santgervasi\/wp-json\/wp\/v2\/posts\/9614\/revisions"}],"predecessor-version":[{"id":9617,"href":"https:\/\/serveiseducatius.xtec.cat\/sarria-santgervasi\/wp-json\/wp\/v2\/posts\/9614\/revisions\/9617"}],"wp:featuredmedia":[{"embeddable":true,"href":"https:\/\/serveiseducatius.xtec.cat\/sarria-santgervasi\/wp-json\/wp\/v2\/media\/9612"}],"wp:attachment":[{"href":"https:\/\/serveiseducatius.xtec.cat\/sarria-santgervasi\/wp-json\/wp\/v2\/media?parent=9614"}],"wp:term":[{"taxonomy":"category","embeddable":true,"href":"https:\/\/serveiseducatius.xtec.cat\/sarria-santgervasi\/wp-json\/wp\/v2\/categories?post=9614"},{"taxonomy":"post_tag","embeddable":true,"href":"https:\/\/serveiseducatius.xtec.cat\/sarria-santgervasi\/wp-json\/wp\/v2\/tags?post=9614"}],"curies":[{"name":"wp","href":"https:\/\/api.w.org\/{rel}","templated":true}]}}