{"id":9520,"date":"2018-12-05T12:21:36","date_gmt":"2018-12-05T11:21:36","guid":{"rendered":"http:\/\/blocs.xtec.cat\/crpsarriasantgervasi\/?p=1084"},"modified":"2019-01-14T16:42:48","modified_gmt":"2019-01-14T15:42:48","slug":"nova-formacio-gratuita-aps-pangea","status":"publish","type":"post","link":"https:\/\/serveiseducatius.xtec.cat\/sarria-santgervasi\/innovacio-i-c-b\/aps-servei-comunitari-aps-servei-comunitari\/nova-formacio-gratuita-aps-pangea\/","title":{"rendered":"NOVA FORMACI\u00d3 GRATUITA APS \u2013 PANGEA"},"content":{"rendered":"<p>Des de <strong>SED (Solidaritat-Educaci\u00f3-Desenvolupament)<\/strong> porten diversos anys apostant pel <strong>ApS (Aprenentatge i Servei)<\/strong> com a metodologia per a desenvolupar propostes de treball en pro de la Just\u00edcia Global. En aquesta l\u00ednia va aquesta proposta de formaci\u00f3 metodol\u00f2gica en Aprenentatge per Servei i Just\u00edcia Global.<\/p>\n<p><strong>Matr\u00edcula gratu\u00efta! <a href=\"https:\/\/sedcatalunya.cat\/educacio\/pangea\/\">Inscriu-te aqui!<\/a><\/strong><\/p>\n<table style=\"width: 537.7px; height: 195px; border-color: #ffffff; background-color: ffffff;\">\n<tbody>\n<tr style=\"height: 97.5833px;\">\n<td style=\"width: 78px; height: 97.5833px;\"><a href=\"http:\/\/blocs.xtec.cat\/crpsarriasantgervasi\/files\/2018\/12\/calendario2.png\"><img loading=\"lazy\" decoding=\"async\" class=\"alignnone size-full wp-image-1098\" src=\"http:\/\/blocs.xtec.cat\/crpsarriasantgervasi\/files\/2018\/12\/calendario2.png\" alt=\"\" width=\"64\" height=\"64\" \/><\/a><\/td>\n<td style=\"width: 457.7px; height: 97.5833px;\">23 de gener \/ 01 de febrer \/ 14 de febrer, 2019<\/td>\n<\/tr>\n<tr style=\"height: 97px;\">\n<td style=\"width: 78px; height: 97px;\"><a href=\"http:\/\/blocs.xtec.cat\/crpsarriasantgervasi\/files\/2018\/12\/marcador-de-posicion.png\"><img loading=\"lazy\" decoding=\"async\" class=\"alignnone size-full wp-image-1099\" src=\"http:\/\/blocs.xtec.cat\/crpsarriasantgervasi\/files\/2018\/12\/marcador-de-posicion.png\" alt=\"\" width=\"64\" height=\"64\" \/><\/a><\/td>\n<td style=\"width: 457.7px; height: 97px;\">Casal d\u2019entitats maristes(C. Vallespir, 162, 08014, Barcelona)<\/td>\n<\/tr>\n<\/tbody>\n<\/table>\n<p>&nbsp;<\/p>\n<table class=\"m_4084339410126825947m_5037487328425582165ms-rteTable-default\" style=\"width: 536px; height: 623px;\" cellspacing=\"0\">\n<tbody>\n<tr class=\"m_4084339410126825947m_5037487328425582165ms-rteTableEvenRow-default\">\n<td class=\"m_4084339410126825947m_5037487328425582165ms-rteTableEvenCol-default\" style=\"width: 170px;\"><strong>Sessi\u00f31<\/strong><\/td>\n<td class=\"m_4084339410126825947m_5037487328425582165ms-rteTableOddCol-default\" style=\"width: 175.517px;\"><strong>Sessi\u00f3 2<\/strong><\/td>\n<td class=\"m_4084339410126825947m_5037487328425582165ms-rteTableEvenCol-default\" style=\"width: 184.483px;\"><strong>Sessi\u00f3 3<\/strong><\/td>\n<\/tr>\n<tr class=\"m_4084339410126825947m_5037487328425582165ms-rteTableOddRow-default\">\n<td class=\"m_4084339410126825947m_5037487328425582165ms-rteTableEvenCol-default\" style=\"width: 170px;\" rowspan=\"1\"><strong>23 de enero de 2019<\/strong><\/td>\n<td class=\"m_4084339410126825947m_5037487328425582165ms-rteTableOddCol-default\" style=\"width: 175.517px;\" rowspan=\"1\"><strong>01 de febrer de 2019<\/strong><\/td>\n<td class=\"m_4084339410126825947m_5037487328425582165ms-rteTableEvenCol-default\" style=\"width: 184.483px;\" rowspan=\"1\"><strong>14 de febrero de 2019<\/strong><\/td>\n<\/tr>\n<tr class=\"m_4084339410126825947m_5037487328425582165ms-rteTableEvenRow-default\">\n<td class=\"m_4084339410126825947m_5037487328425582165ms-rteTableEvenCol-default\" style=\"width: 170px;\" rowspan=\"1\">Ponente: Georgina Casas<\/td>\n<td class=\"m_4084339410126825947m_5037487328425582165ms-rteTableOddCol-default\" style=\"width: 175.517px;\" rowspan=\"1\">Ponente: Laura Rubio<\/td>\n<td class=\"m_4084339410126825947m_5037487328425582165ms-rteTableEvenCol-default\" style=\"width: 184.483px;\" rowspan=\"1\">Ponenetes: SED y Vols (Salesians)<\/td>\n<\/tr>\n<tr class=\"m_4084339410126825947m_5037487328425582165ms-rteTableOddRow-default\">\n<td class=\"m_4084339410126825947m_5037487328425582165ms-rteTableEvenCol-default\" style=\"width: 170px;\" rowspan=\"1\"><i>o La perspectiva de la Just\u00edcia global<\/i><i><br \/>\n<\/i><i>o Les generacions de l\u2019Educaci\u00f3 per a la Just\u00edcia Global.<\/i><i><br \/>\n<\/i><i>o<\/i><i>\u00a0Per qu\u00e8 educar en la solidaritat des dels espais Maristes<\/i><i>?<\/i><i><br \/>\no<\/i><i>\u00a0Com fer-ho<\/i><i>?<\/i><i><br \/>\no<\/i><i>\u00a0Una perspectiva integral<\/i><i><br \/>\n<\/i><i>o Des de la innovaci\u00f3 pedag\u00f2gica<\/i><i><br \/>\n<\/i><i>o Diferents metodologies.<\/i><\/td>\n<td class=\"m_4084339410126825947m_5037487328425582165ms-rteTableOddCol-default\" style=\"width: 175.517px;\" rowspan=\"1\"><i>o Els Drets dels Infants i els Drets Humans.<\/i><i><br \/>\n<\/i><i>o<\/i><i>\u00a0Els objectius de Desenvolupament Sostenible del mil\u00b7lenni<\/i><i><br \/>\n<\/i><i>o Breu hist\u00f2ria de la cooperaci\u00f3.<\/i><i><br \/>\n<\/i><i>o<\/i><i>\u00a0Innovaci\u00f3 educativa des de la perspectiva de l\u2019Educaci\u00f3 per a la<\/i><i><br \/>\n<\/i><i>Just\u00edcia Global.<\/i><i><br \/>\n<\/i><i>o<\/i><i>\u00a0L\u2019Aprenentatge Servei com una metodologia d\u2019Educaci\u00f3 per a la Just\u00edcia Global<\/i><\/td>\n<td class=\"m_4084339410126825947m_5037487328425582165ms-rteTableEvenCol-default\" style=\"width: 184.483px;\" rowspan=\"1\"><i>o Pangea: Transformem el m\u00f3n.<\/i><i><br \/>\n<\/i><i>o<\/i><i>\u00a0L\u2019experi\u00e8ncia pr\u00e8via.<\/i><i><br \/>\n<\/i><i>o<\/i><i>\u00a0El projecte.<\/i><i><br \/>\n<\/i><i>o<\/i><i>\u00a0Les eines.<\/i><i><br \/>\n<\/i><i>o<\/i><i>\u00a0Fes<\/i><i>-te\u2019l<\/i><i>\u00a0teu!<\/i><\/td>\n<\/tr>\n<\/tbody>\n<\/table>\n<div class=\"addtoany_share_save_container addtoany_content_bottom\"><\/div>\n","protected":false},"excerpt":{"rendered":"<p>Des de SED (Solidaritat-Educaci\u00f3-Desenvolupament) porten diversos anys apostant pel ApS (Aprenentatge i Servei) com a metodologia per a desenvolupar propostes de treball en pro de la Just\u00edcia Global. En aquesta l\u00ednia va aquesta proposta de formaci\u00f3 metodol\u00f2gica en Aprenentatge per Servei i Just\u00edcia Global. Matr\u00edcula gratu\u00efta! Inscriu-te aqui! 23 de gener \/ 01 de febrer [&hellip;]<\/p>\n","protected":false},"author":3,"featured_media":1085,"comment_status":"open","ping_status":"closed","sticky":false,"template":"","format":"standard","meta":{"_bbp_topic_count":0,"_bbp_reply_count":0,"_bbp_total_topic_count":0,"_bbp_total_reply_count":0,"_bbp_voice_count":0,"_bbp_anonymous_reply_count":0,"_bbp_topic_count_hidden":0,"_bbp_reply_count_hidden":0,"_bbp_forum_subforum_count":0,"site-sidebar-layout":"default","site-content-layout":"","ast-site-content-layout":"","site-content-style":"default","site-sidebar-style":"default","ast-global-header-display":"","ast-banner-title-visibility":"","ast-main-header-display":"","ast-hfb-above-header-display":"","ast-hfb-below-header-display":"","ast-hfb-mobile-header-display":"","site-post-title":"","ast-breadcrumbs-content":"","ast-featured-img":"","footer-sml-layout":"","theme-transparent-header-meta":"","adv-header-id-meta":"","stick-header-meta":"","header-above-stick-meta":"","header-main-stick-meta":"","header-below-stick-meta":"","astra-migrate-meta-layouts":"default","ast-page-background-enabled":"default","ast-page-background-meta":{"desktop":{"background-color":"var(--ast-global-color-4)","background-image":"","background-repeat":"repeat","background-position":"center center","background-size":"auto","background-attachment":"scroll","background-type":"","background-media":"","overlay-type":"","overlay-color":"","overlay-opacity":"","overlay-gradient":""},"tablet":{"background-color":"","background-image":"","background-repeat":"repeat","background-position":"center center","background-size":"auto","background-attachment":"scroll","background-type":"","background-media":"","overlay-type":"","overlay-color":"","overlay-opacity":"","overlay-gradient":""},"mobile":{"background-color":"","background-image":"","background-repeat":"repeat","background-position":"center center","background-size":"auto","background-attachment":"scroll","background-type":"","background-media":"","overlay-type":"","overlay-color":"","overlay-opacity":"","overlay-gradient":""}},"ast-content-background-meta":{"desktop":{"background-color":"var(--ast-global-color-5)","background-image":"","background-repeat":"repeat","background-position":"center center","background-size":"auto","background-attachment":"scroll","background-type":"","background-media":"","overlay-type":"","overlay-color":"","overlay-opacity":"","overlay-gradient":""},"tablet":{"background-color":"var(--ast-global-color-5)","background-image":"","background-repeat":"repeat","background-position":"center center","background-size":"auto","background-attachment":"scroll","background-type":"","background-media":"","overlay-type":"","overlay-color":"","overlay-opacity":"","overlay-gradient":""},"mobile":{"background-color":"var(--ast-global-color-5)","background-image":"","background-repeat":"repeat","background-position":"center center","background-size":"auto","background-attachment":"scroll","background-type":"","background-media":"","overlay-type":"","overlay-color":"","overlay-opacity":"","overlay-gradient":""}},"footnotes":""},"categories":[156,1],"tags":[226],"class_list":["post-9520","post","type-post","status-publish","format-standard","has-post-thumbnail","hentry","category-actual-formacio","category-aps-servei-comunitari-aps-servei-comunitari","tag-formacio"],"post_mailing_queue_ids":[],"_links":{"self":[{"href":"https:\/\/serveiseducatius.xtec.cat\/sarria-santgervasi\/wp-json\/wp\/v2\/posts\/9520","targetHints":{"allow":["GET"]}}],"collection":[{"href":"https:\/\/serveiseducatius.xtec.cat\/sarria-santgervasi\/wp-json\/wp\/v2\/posts"}],"about":[{"href":"https:\/\/serveiseducatius.xtec.cat\/sarria-santgervasi\/wp-json\/wp\/v2\/types\/post"}],"author":[{"embeddable":true,"href":"https:\/\/serveiseducatius.xtec.cat\/sarria-santgervasi\/wp-json\/wp\/v2\/users\/3"}],"replies":[{"embeddable":true,"href":"https:\/\/serveiseducatius.xtec.cat\/sarria-santgervasi\/wp-json\/wp\/v2\/comments?post=9520"}],"version-history":[{"count":1,"href":"https:\/\/serveiseducatius.xtec.cat\/sarria-santgervasi\/wp-json\/wp\/v2\/posts\/9520\/revisions"}],"predecessor-version":[{"id":9632,"href":"https:\/\/serveiseducatius.xtec.cat\/sarria-santgervasi\/wp-json\/wp\/v2\/posts\/9520\/revisions\/9632"}],"wp:featuredmedia":[{"embeddable":true,"href":"https:\/\/serveiseducatius.xtec.cat\/sarria-santgervasi\/wp-json\/wp\/v2\/media\/1085"}],"wp:attachment":[{"href":"https:\/\/serveiseducatius.xtec.cat\/sarria-santgervasi\/wp-json\/wp\/v2\/media?parent=9520"}],"wp:term":[{"taxonomy":"category","embeddable":true,"href":"https:\/\/serveiseducatius.xtec.cat\/sarria-santgervasi\/wp-json\/wp\/v2\/categories?post=9520"},{"taxonomy":"post_tag","embeddable":true,"href":"https:\/\/serveiseducatius.xtec.cat\/sarria-santgervasi\/wp-json\/wp\/v2\/tags?post=9520"}],"curies":[{"name":"wp","href":"https:\/\/api.w.org\/{rel}","templated":true}]}}