{"id":9512,"date":"2018-05-29T09:14:38","date_gmt":"2018-05-29T07:14:38","guid":{"rendered":"http:\/\/blocs.xtec.cat\/crpsarriasantgervasi\/?p=965"},"modified":"2018-05-29T09:14:38","modified_gmt":"2018-05-29T07:14:38","slug":"ix-edicio-del-premio-nacional-de-educacio-pel-desenvolupament-vicente-ferrer","status":"publish","type":"post","link":"https:\/\/serveiseducatius.xtec.cat\/sarria-santgervasi\/innovacio-i-c-b\/aps-servei-comunitari-aps-servei-comunitari\/ix-edicio-del-premio-nacional-de-educacio-pel-desenvolupament-vicente-ferrer\/","title":{"rendered":"IX Edici\u00f3 del Premio Nacional de Educaci\u00f3 pel desenvolupament \u2018Vicente Ferrer\u2019."},"content":{"rendered":"<div>\n<div id=\"tw-target\">\n<div id=\"tw-target-text-container\">\n<p id=\"tw-target-text\" dir=\"ltr\" data-placeholder=\"Traducci\u00f3\"><span lang=\"ca\">Sota prop\u00f2sit d&#8217;apropar-se a l&#8217;experi\u00e8ncia de vida de les persones refugiades, despla\u00e7ades i migrants, en el seu cam\u00ed i arribada a les fronteres de la Uni\u00f3 Europea, aqu\u00ed teniu una not\u00edcia del diari el Pa\u00eds sobre aquesta experi\u00e8ncia de servei comunitari que ha estat premiada.<\/span><\/p>\n<\/div>\n<\/div>\n<figure id=\"attachment_454\" aria-describedby=\"caption-attachment-454\" style=\"width: 86px\" class=\"wp-caption aligncenter\"><a class=\"https:\/\/elpais.com\/elpais\/2018\/05\/22\/escuelas_en_red\/1527016008_662427.html\" href=\"https:\/\/elpais.com\/elpais\/2018\/05\/22\/escuelas_en_red\/1527016008_662427.html\" target=\"_blank\" rel=\"noopener noreferrer\"><img loading=\"lazy\" decoding=\"async\" class=\"wp-image-454\" src=\"http:\/\/blocs.xtec.cat\/crpsarriasantgervasi\/files\/2017\/01\/enlace-150x150.png\" alt=\"Enlla\u00e7 a la not\u00edcia\" width=\"86\" height=\"86\" srcset=\"https:\/\/serveiseducatius.xtec.cat\/sarria-santgervasi\/wp-content\/uploads\/usu1168\/2017\/01\/enlace-150x150.png 150w, https:\/\/serveiseducatius.xtec.cat\/sarria-santgervasi\/wp-content\/uploads\/usu1168\/2017\/01\/enlace-300x300.png 300w, https:\/\/serveiseducatius.xtec.cat\/sarria-santgervasi\/wp-content\/uploads\/usu1168\/2017\/01\/enlace-768x768.png 768w, https:\/\/serveiseducatius.xtec.cat\/sarria-santgervasi\/wp-content\/uploads\/usu1168\/2017\/01\/enlace.png 812w\" sizes=\"auto, (max-width: 86px) 100vw, 86px\" \/><\/a><figcaption id=\"caption-attachment-454\" class=\"wp-caption-text\">Clica a l&#8217;enlla\u00e7 per a accedir a la not\u00edcia<\/figcaption><\/figure>\n<\/div>\n<p><iframe loading=\"lazy\" src=\"https:\/\/www.youtube.com\/embed\/oM6bJ1qu8lQ\" width=\"560\" height=\"315\" frameborder=\"0\" allowfullscreen=\"allowfullscreen\"><\/iframe><\/p>\n","protected":false},"excerpt":{"rendered":"<p>Sota prop\u00f2sit d&#8217;apropar-se a l&#8217;experi\u00e8ncia de vida de les persones refugiades, despla\u00e7ades i migrants, en el seu cam\u00ed i arribada a les fronteres de la Uni\u00f3 Europea, aqu\u00ed teniu una not\u00edcia del diari el Pa\u00eds sobre aquesta experi\u00e8ncia de servei comunitari que ha estat premiada.<\/p>\n","protected":false},"author":3,"featured_media":966,"comment_status":"open","ping_status":"open","sticky":false,"template":"","format":"standard","meta":{"_bbp_topic_count":0,"_bbp_reply_count":0,"_bbp_total_topic_count":0,"_bbp_total_reply_count":0,"_bbp_voice_count":0,"_bbp_anonymous_reply_count":0,"_bbp_topic_count_hidden":0,"_bbp_reply_count_hidden":0,"_bbp_forum_subforum_count":0,"site-sidebar-layout":"default","site-content-layout":"","ast-site-content-layout":"","site-content-style":"default","site-sidebar-style":"default","ast-global-header-display":"","ast-banner-title-visibility":"","ast-main-header-display":"","ast-hfb-above-header-display":"","ast-hfb-below-header-display":"","ast-hfb-mobile-header-display":"","site-post-title":"","ast-breadcrumbs-content":"","ast-featured-img":"","footer-sml-layout":"","theme-transparent-header-meta":"","adv-header-id-meta":"","stick-header-meta":"","header-above-stick-meta":"","header-main-stick-meta":"","header-below-stick-meta":"","astra-migrate-meta-layouts":"default","ast-page-background-enabled":"default","ast-page-background-meta":{"desktop":{"background-color":"var(--ast-global-color-4)","background-image":"","background-repeat":"repeat","background-position":"center center","background-size":"auto","background-attachment":"scroll","background-type":"","background-media":"","overlay-type":"","overlay-color":"","overlay-opacity":"","overlay-gradient":""},"tablet":{"background-color":"","background-image":"","background-repeat":"repeat","background-position":"center center","background-size":"auto","background-attachment":"scroll","background-type":"","background-media":"","overlay-type":"","overlay-color":"","overlay-opacity":"","overlay-gradient":""},"mobile":{"background-color":"","background-image":"","background-repeat":"repeat","background-position":"center center","background-size":"auto","background-attachment":"scroll","background-type":"","background-media":"","overlay-type":"","overlay-color":"","overlay-opacity":"","overlay-gradient":""}},"ast-content-background-meta":{"desktop":{"background-color":"var(--ast-global-color-5)","background-image":"","background-repeat":"repeat","background-position":"center center","background-size":"auto","background-attachment":"scroll","background-type":"","background-media":"","overlay-type":"","overlay-color":"","overlay-opacity":"","overlay-gradient":""},"tablet":{"background-color":"var(--ast-global-color-5)","background-image":"","background-repeat":"repeat","background-position":"center center","background-size":"auto","background-attachment":"scroll","background-type":"","background-media":"","overlay-type":"","overlay-color":"","overlay-opacity":"","overlay-gradient":""},"mobile":{"background-color":"var(--ast-global-color-5)","background-image":"","background-repeat":"repeat","background-position":"center center","background-size":"auto","background-attachment":"scroll","background-type":"","background-media":"","overlay-type":"","overlay-color":"","overlay-opacity":"","overlay-gradient":""}},"footnotes":""},"categories":[1],"tags":[],"class_list":["post-9512","post","type-post","status-publish","format-standard","has-post-thumbnail","hentry","category-aps-servei-comunitari-aps-servei-comunitari"],"post_mailing_queue_ids":[],"_links":{"self":[{"href":"https:\/\/serveiseducatius.xtec.cat\/sarria-santgervasi\/wp-json\/wp\/v2\/posts\/9512","targetHints":{"allow":["GET"]}}],"collection":[{"href":"https:\/\/serveiseducatius.xtec.cat\/sarria-santgervasi\/wp-json\/wp\/v2\/posts"}],"about":[{"href":"https:\/\/serveiseducatius.xtec.cat\/sarria-santgervasi\/wp-json\/wp\/v2\/types\/post"}],"author":[{"embeddable":true,"href":"https:\/\/serveiseducatius.xtec.cat\/sarria-santgervasi\/wp-json\/wp\/v2\/users\/3"}],"replies":[{"embeddable":true,"href":"https:\/\/serveiseducatius.xtec.cat\/sarria-santgervasi\/wp-json\/wp\/v2\/comments?post=9512"}],"version-history":[{"count":0,"href":"https:\/\/serveiseducatius.xtec.cat\/sarria-santgervasi\/wp-json\/wp\/v2\/posts\/9512\/revisions"}],"wp:featuredmedia":[{"embeddable":true,"href":"https:\/\/serveiseducatius.xtec.cat\/sarria-santgervasi\/wp-json\/wp\/v2\/media\/966"}],"wp:attachment":[{"href":"https:\/\/serveiseducatius.xtec.cat\/sarria-santgervasi\/wp-json\/wp\/v2\/media?parent=9512"}],"wp:term":[{"taxonomy":"category","embeddable":true,"href":"https:\/\/serveiseducatius.xtec.cat\/sarria-santgervasi\/wp-json\/wp\/v2\/categories?post=9512"},{"taxonomy":"post_tag","embeddable":true,"href":"https:\/\/serveiseducatius.xtec.cat\/sarria-santgervasi\/wp-json\/wp\/v2\/tags?post=9512"}],"curies":[{"name":"wp","href":"https:\/\/api.w.org\/{rel}","templated":true}]}}