{"id":914,"date":"2018-01-12T11:50:03","date_gmt":"2018-01-12T10:50:03","guid":{"rendered":"http:\/\/blocs.xtec.cat\/crpsarriasantgervasi\/?p=914"},"modified":"2018-01-12T11:50:03","modified_gmt":"2018-01-12T10:50:03","slug":"jornada-laprenentatge-servei-comunitari-com-a-oportunitat-per-a-la-innovacio-educativa","status":"publish","type":"post","link":"https:\/\/serveiseducatius.xtec.cat\/sarria-santgervasi\/innovacio-i-c-b\/aps-servei-comunitari-aps-servei-comunitari\/jornada-laprenentatge-servei-comunitari-com-a-oportunitat-per-a-la-innovacio-educativa\/","title":{"rendered":""},"content":{"rendered":"<p><a href=\"http:\/\/blocs.xtec.cat\/crpsarriasantgervasi\/files\/2018\/01\/jornades.png\"><img loading=\"lazy\" decoding=\"async\" class=\"size-medium wp-image-915 aligncenter\" src=\"http:\/\/blocs.xtec.cat\/crpsarriasantgervasi\/files\/2018\/01\/jornades-300x189.png\" alt=\"\" width=\"300\" height=\"189\" srcset=\"https:\/\/serveiseducatius.xtec.cat\/sarria-santgervasi\/wp-content\/uploads\/usu1168\/2018\/01\/jornades-300x189.png 300w, https:\/\/serveiseducatius.xtec.cat\/sarria-santgervasi\/wp-content\/uploads\/usu1168\/2018\/01\/jornades.png 377w\" sizes=\"auto, (max-width: 300px) 100vw, 300px\" \/><\/a><\/p>\n<p>El curs 2019\/2020 ser\u00e0 d\u2019obligat compliment que tots els centres d\u2019educaci\u00f3 secund\u00e0ria duguin a terme el Servei Comunitari, una acci\u00f3 educativa orientada a desenvolupar la compet\u00e8ncia social i ciutadana que haur\u00e0 de realitzar tot l\u2019alumnat a 3r o 4rt d\u2019ESO<\/p>\n<p>En aquest marc, el Consorci d\u2019Educaci\u00f3 de\u00a0Barcelona organitza la <strong><em>Jornada \u201cL\u2019Aprenentatge Servei Comunitari com a oportunitat per a la innovaci\u00f3 educativa\u201c<\/em><\/strong>, adre\u00e7ada als equips directius i referents dels projectes de Servei Comunitari dels centres educatius de secund\u00e0ria de la ciutat, tant si ja estan duent a terme projectes APS Comunitari com si encara no n\u2019han iniciat amb els seg\u00fcents <strong>objectius<\/strong>:<\/p>\n<ul>\n<li>Promoure \u00a0i consolidar els projectes d\u2019Aprenentatge Servei Comunitari als centres educatius de secund\u00e0ria, com a oportunitat d\u2019innovaci\u00f3 educativa.<\/li>\n<li>Visualitzar i recon\u00e8ixer \u00a0pr\u00e0ctiques de refer\u00e8ncia en relaci\u00f3 a organitzaci\u00f3 curricular i de centre.<\/li>\n<li>Compartir reflexions i propostes entorn les possibilitats educatives dels projectes d\u2019Aprenentatge Servei Comunitari<\/li>\n<\/ul>\n<p>&nbsp;<\/p>\n<p>La jornada, tot i que el contingut \u00e9s el mateix, s\u2019ofereix en dos dies i hores diferents a fi de facilitar l\u2019assist\u00e8ncia de tots els interessats.<\/p>\n<p>&nbsp;<\/p>\n<p><strong>Opci\u00f3 A: dimarts 23 de gener<\/strong><\/p>\n<p>Horari: <strong>9 a 12h<\/strong>.<\/p>\n<p>Lloc: Centre C\u00edvic Tomasa Cuevas<\/p>\n<p>Inscripci\u00f3: <a href=\"http:\/\/xtec.gencat.cat\/ca\/formacio\/formacio-permanent-professorat\/cercador-activitats\/\" data-saferedirecturl=\"https:\/\/www.google.com\/url?hl=ca&amp;q=http:\/\/xtec.gencat.cat\/ca\/formacio\/formacio-permanent-professorat\/cercador-activitats\/&amp;source=gmail&amp;ust=1515836843288000&amp;usg=AFQjCNG4QIv4a2F41DMmq82Gl7vXcih09Q\"> http:\/\/xtec.gencat.cat\/ca\/formacio\/formacio-permanent-professorat\/cercador-activitats\/<\/a><\/p>\n<p>Codi activitat: <strong>1001950511<\/strong><\/p>\n<p>&nbsp;<\/p>\n<p><strong>Opci\u00f3 B: dijous 25 de gener<\/strong><\/p>\n<p>Horari: <strong>16 a 19h<\/strong>.<\/p>\n<p>Lloc: Centre C\u00edvic Tomasa Cuevas<\/p>\n<p>Inscripci\u00f3: <a href=\"http:\/\/xtec.gencat.cat\/ca\/formacio\/formacio-permanent-professorat\/cercador-activitats\/\" data-saferedirecturl=\"https:\/\/www.google.com\/url?hl=ca&amp;q=http:\/\/xtec.gencat.cat\/ca\/formacio\/formacio-permanent-professorat\/cercador-activitats\/&amp;source=gmail&amp;ust=1515836843288000&amp;usg=AFQjCNG4QIv4a2F41DMmq82Gl7vXcih09Q\"> http:\/\/xtec.gencat.cat\/ca\/formacio\/formacio-permanent-professorat\/cercador-activitats\/<\/a><\/p>\n<p>Codi activitat: <strong>1001960511<\/strong><\/p>\n<p>&nbsp;<\/p>\n<p><strong>Programa de la Jornada:<\/strong><\/p>\n<ul>\n<li>Benvinguda<\/li>\n<li>Impuls de l\u2019Aprenentatge Servei Comunitari a c\u00e0rrec de la Marta Comas, directora de l\u2019\u00c0rea d&#8217;Innovaci\u00f3, Programes i Formaci\u00f3 del Consorci d\u2019Educaci\u00f3.<\/li>\n<li>Confer\u00e8ncia \u201cAprenentatge Servei Comunitari: algunes claus per a la innovaci\u00f3 inclusiva\u201c a c\u00e0rrec de la Roser Batlle, pedagoga i emprenedora social especialitzada en aprenentatge servei i comunicaci\u00f3 en p\u00fablic. Presentaci\u00f3 d\u2019experi\u00e8ncies d\u2019Aprenentatge Servei Comunitari vinculades a organitzaci\u00f3 i curr\u00edculum de dos centres de la ciutat<\/li>\n<li>Compartim reflexions i propostes entorn reptes i oportunitats de l\u2019Aprenentatge Servei Comunitari<\/li>\n<\/ul>\n<p>&nbsp;<\/p>\n<p>Esperem que sigui del vostre inter\u00e8s per la qual cosa us animen a assistir i participar-hi.<\/p>\n<p>&nbsp;<\/p>\n<p>Per a qualsevol aclariment, podeu contactar amb <a href=\"mailto:crp-lescorts@xtec.cat\">crp-lescorts@xtec.cat<\/a><\/p>\n<p>&nbsp;<\/p>\n","protected":false},"excerpt":{"rendered":"<p>El curs 2019\/2020 ser\u00e0 d\u2019obligat compliment que tots els centres d\u2019educaci\u00f3 secund\u00e0ria duguin a terme el Servei Comunitari, una acci\u00f3 educativa orientada a desenvolupar la compet\u00e8ncia social i ciutadana que haur\u00e0 de realitzar tot l\u2019alumnat a 3r o 4rt d\u2019ESO En aquest marc, el Consorci d\u2019Educaci\u00f3 de\u00a0Barcelona organitza la Jornada \u201cL\u2019Aprenentatge Servei Comunitari com a [&hellip;]<\/p>\n","protected":false},"author":3,"featured_media":915,"comment_status":"open","ping_status":"open","sticky":false,"template":"","format":"standard","meta":{"_bbp_topic_count":0,"_bbp_reply_count":0,"_bbp_total_topic_count":0,"_bbp_total_reply_count":0,"_bbp_voice_count":0,"_bbp_anonymous_reply_count":0,"_bbp_topic_count_hidden":0,"_bbp_reply_count_hidden":0,"_bbp_forum_subforum_count":0,"site-sidebar-layout":"default","site-content-layout":"","ast-site-content-layout":"","site-content-style":"default","site-sidebar-style":"default","ast-global-header-display":"","ast-banner-title-visibility":"","ast-main-header-display":"","ast-hfb-above-header-display":"","ast-hfb-below-header-display":"","ast-hfb-mobile-header-display":"","site-post-title":"","ast-breadcrumbs-content":"","ast-featured-img":"","footer-sml-layout":"","theme-transparent-header-meta":"","adv-header-id-meta":"","stick-header-meta":"","header-above-stick-meta":"","header-main-stick-meta":"","header-below-stick-meta":"","astra-migrate-meta-layouts":"default","ast-page-background-enabled":"default","ast-page-background-meta":{"desktop":{"background-color":"var(--ast-global-color-4)","background-image":"","background-repeat":"repeat","background-position":"center center","background-size":"auto","background-attachment":"scroll","background-type":"","background-media":"","overlay-type":"","overlay-color":"","overlay-opacity":"","overlay-gradient":""},"tablet":{"background-color":"","background-image":"","background-repeat":"repeat","background-position":"center center","background-size":"auto","background-attachment":"scroll","background-type":"","background-media":"","overlay-type":"","overlay-color":"","overlay-opacity":"","overlay-gradient":""},"mobile":{"background-color":"","background-image":"","background-repeat":"repeat","background-position":"center center","background-size":"auto","background-attachment":"scroll","background-type":"","background-media":"","overlay-type":"","overlay-color":"","overlay-opacity":"","overlay-gradient":""}},"ast-content-background-meta":{"desktop":{"background-color":"var(--ast-global-color-5)","background-image":"","background-repeat":"repeat","background-position":"center center","background-size":"auto","background-attachment":"scroll","background-type":"","background-media":"","overlay-type":"","overlay-color":"","overlay-opacity":"","overlay-gradient":""},"tablet":{"background-color":"var(--ast-global-color-5)","background-image":"","background-repeat":"repeat","background-position":"center center","background-size":"auto","background-attachment":"scroll","background-type":"","background-media":"","overlay-type":"","overlay-color":"","overlay-opacity":"","overlay-gradient":""},"mobile":{"background-color":"var(--ast-global-color-5)","background-image":"","background-repeat":"repeat","background-position":"center center","background-size":"auto","background-attachment":"scroll","background-type":"","background-media":"","overlay-type":"","overlay-color":"","overlay-opacity":"","overlay-gradient":""}},"footnotes":""},"categories":[1],"tags":[],"class_list":["post-914","post","type-post","status-publish","format-standard","has-post-thumbnail","hentry","category-aps-servei-comunitari-aps-servei-comunitari"],"post_mailing_queue_ids":[],"_links":{"self":[{"href":"https:\/\/serveiseducatius.xtec.cat\/sarria-santgervasi\/wp-json\/wp\/v2\/posts\/914","targetHints":{"allow":["GET"]}}],"collection":[{"href":"https:\/\/serveiseducatius.xtec.cat\/sarria-santgervasi\/wp-json\/wp\/v2\/posts"}],"about":[{"href":"https:\/\/serveiseducatius.xtec.cat\/sarria-santgervasi\/wp-json\/wp\/v2\/types\/post"}],"author":[{"embeddable":true,"href":"https:\/\/serveiseducatius.xtec.cat\/sarria-santgervasi\/wp-json\/wp\/v2\/users\/3"}],"replies":[{"embeddable":true,"href":"https:\/\/serveiseducatius.xtec.cat\/sarria-santgervasi\/wp-json\/wp\/v2\/comments?post=914"}],"version-history":[{"count":0,"href":"https:\/\/serveiseducatius.xtec.cat\/sarria-santgervasi\/wp-json\/wp\/v2\/posts\/914\/revisions"}],"wp:featuredmedia":[{"embeddable":true,"href":"https:\/\/serveiseducatius.xtec.cat\/sarria-santgervasi\/wp-json\/wp\/v2\/media\/915"}],"wp:attachment":[{"href":"https:\/\/serveiseducatius.xtec.cat\/sarria-santgervasi\/wp-json\/wp\/v2\/media?parent=914"}],"wp:term":[{"taxonomy":"category","embeddable":true,"href":"https:\/\/serveiseducatius.xtec.cat\/sarria-santgervasi\/wp-json\/wp\/v2\/categories?post=914"},{"taxonomy":"post_tag","embeddable":true,"href":"https:\/\/serveiseducatius.xtec.cat\/sarria-santgervasi\/wp-json\/wp\/v2\/tags?post=914"}],"curies":[{"name":"wp","href":"https:\/\/api.w.org\/{rel}","templated":true}]}}