{"id":8726,"date":"2018-11-13T13:26:57","date_gmt":"2018-11-13T12:26:57","guid":{"rendered":"http:\/\/serveiseducatius.xtec.cat\/sarria-santgervasi\/?p=8726"},"modified":"2019-02-09T12:31:27","modified_gmt":"2019-02-09T11:31:27","slug":"festa-major2018","status":"publish","type":"post","link":"https:\/\/serveiseducatius.xtec.cat\/sarria-santgervasi\/portada\/festa-major2018\/","title":{"rendered":"Festa Major de les escoles 2018"},"content":{"rendered":"<div class=\"sites-layout-tile sites-tile-name-footer\">\n<div dir=\"ltr\">\n<div class=\"sites-embed-align-center-wrapping-off\">\n<div class=\"sites-embed-border-off sites-embed\">\n<div>\n<p><img loading=\"lazy\" decoding=\"async\" class=\"alignleft\" src=\"https:\/\/docs.google.com\/drawings\/d\/e\/2PACX-1vRYSTMDBL6fDdh643S-3ljfc_sUK7cYq8ItwfVnYRqELvlVeUno_KIP-6Natt9qT2Kv2th5-_SVfOkE\/pub?w=794&amp;h=900\" width=\"244\" height=\"349\" \/><b>El 5<\/b> d&#8217;octubre de 2018, torna la festa major de Sarri\u00e0 a les escoles. Una vegada m\u00e9s les energies d&#8217;uns i altres s&#8217;aplegaran per encomanar-nos l&#8217;alegria delscostums populars.<\/p>\n<p>A<span style=\"font-family: inherit; font-size: 1em;\">questa festa \u00e9s una activitat educativa que forma part del Programa d&#8217;activitats de la Festa Major del Roser de Sarri<\/span><b style=\"font-family: inherit; font-size: 1em;\">\u00e0<\/b><span style=\"font-family: inherit; font-size: 1em;\"> i est\u00e0 organitzada, conjuntament, pel professorat de m\u00fasica i d&#8217;educaci\u00f3 f\u00edsica de les escoles que hi participen.\u00a0El Districte de Sarri\u00e0-Sant Gervasi hi col\u00b7labora donant el suport necessari, conjuntament, amb la Gu\u00e0rdia Urbana i el Centre C\u00edvic de Sarri\u00e0. El CRP de Sarri\u00e0-Sant Gervasi hi col\u00b7labora coordinant el programa d&#8217;actuacions.<\/span><\/p>\n<p>Hi participen aproximadament 1700 nens i nenes procedents d&#8217;escoles p\u00fabliques, concertades i d&#8217;educaci\u00f3 especial de Sarri\u00e0. L&#8217;activitat requereix d&#8217;un treball previ d&#8217;aprenentatge de les actuacions i danses a cada escola, de la cercavila format per itineraris confluents i una festa final conjunta.<\/p>\n<p>Durant el trajecte els nens i nenes, al ritme de timbals i gralles, fan diferents actuacions i ballen danses populars i tradicionals de Festa Major, acompanyats per un seguici de gegants, cap-grossos i diables.<\/p>\n<p>En aquest enlla\u00e7 podeu accedir a algunes imatges de la diada: <a href=\"https:\/\/photos.app.goo.gl\/tHV3tdl6T8N1NWZ93\" target=\"_blank\" rel=\"noopener\">IMATGES FESTA 2017<\/a><\/p>\n<div>Un cop a la pista del Casal s&#8217;inicien les actuacions conjuntes de totes les escoles<\/div>\n<p>&nbsp;<\/p>\n<p>Centres participants: Escola Dolors Monserd\u00e0-Santapau, Escola Orlandai, IE Costa i Llobera<span style=\"font-family: 'Trebuchet MS';\"><b>, <\/b><\/span>C Santa Dorotea i l&#8217;Escola T\u00e0ber i Pedralbes.<\/p>\n<p><iframe loading=\"lazy\" class=\"map_embed\" src=\"https:\/\/www.google.com\/maps\/d\/embed?mid=14A-wVfbmHimioR0V0e-MhchVeHQzHBSK\" width=\"640\" height=\"480\" frameborder=\"0\" scrolling=\"no\" data-mce-fragment=\"1\"><\/iframe><\/p>\n<p>Tamb\u00e9 deixem aqu\u00ed l&#8217;enlla\u00e7 que fa refer\u00e8ncia a la participaci\u00f3 de<a href=\"https:\/\/sites.google.com\/a\/xtec.cat\/crp-sarria-sant-gervasi\/arxiu-d-activitats\/arxiu-17-18\/activitats-dinamitzacio-16-17\/entradasensetitol\" target=\"_blank\" rel=\"noopener\"> F\u00f2rum de Cultura Popular<\/a> on es va presentar la pon\u00e8ncia <b>Trenta anys de Festa Major a les escoles de Sarri\u00e0. Una viv\u00e8ncia compartida<\/b> i una mostra de les danses.<\/p>\n<p><span style=\"font-size: small;\">Ja podeu consultar l&#8217;enregistrament que va fer BTV de la Festa\u00a0<\/span><span style=\"font-size: small;\">Major dins del programa Catakrac<\/span><\/p>\n<\/div>\n<div class=\"sites-embed-content sites-embed-type-youtube\"><iframe loading=\"lazy\" class=\"youtube-player\" title=\"YouTube video player\" src=\"https:\/\/www.youtube.com\/embed\/W8zwjFqdNXI?rel=0&amp;wmode=opaque\" width=\"560\" height=\"315\" frameborder=\"0\" allowfullscreen=\"allowfullscreen\" data-mce-fragment=\"1\"><\/iframe><\/div>\n<\/div>\n<\/div>\n<\/div>\n<\/div>\n","protected":false},"excerpt":{"rendered":"<p>El 5 d&#8217;octubre de 2018, torna la festa major de Sarri\u00e0 a les escoles. Una vegada m\u00e9s les energies d&#8217;uns i altres s&#8217;aplegaran per encomanar-nos l&#8217;alegria dels costums populars.<\/p>\n","protected":false},"author":4,"featured_media":9240,"comment_status":"open","ping_status":"closed","sticky":false,"template":"","format":"standard","meta":{"_bbp_topic_count":0,"_bbp_reply_count":0,"_bbp_total_topic_count":0,"_bbp_total_reply_count":0,"_bbp_voice_count":0,"_bbp_anonymous_reply_count":0,"_bbp_topic_count_hidden":0,"_bbp_reply_count_hidden":0,"_bbp_forum_subforum_count":0,"site-sidebar-layout":"default","site-content-layout":"","ast-site-content-layout":"","site-content-style":"default","site-sidebar-style":"default","ast-global-header-display":"","ast-banner-title-visibility":"","ast-main-header-display":"","ast-hfb-above-header-display":"","ast-hfb-below-header-display":"","ast-hfb-mobile-header-display":"","site-post-title":"","ast-breadcrumbs-content":"","ast-featured-img":"","footer-sml-layout":"","theme-transparent-header-meta":"","adv-header-id-meta":"","stick-header-meta":"","header-above-stick-meta":"","header-main-stick-meta":"","header-below-stick-meta":"","astra-migrate-meta-layouts":"default","ast-page-background-enabled":"default","ast-page-background-meta":{"desktop":{"background-color":"var(--ast-global-color-4)","background-image":"","background-repeat":"repeat","background-position":"center center","background-size":"auto","background-attachment":"scroll","background-type":"","background-media":"","overlay-type":"","overlay-color":"","overlay-opacity":"","overlay-gradient":""},"tablet":{"background-color":"","background-image":"","background-repeat":"repeat","background-position":"center center","background-size":"auto","background-attachment":"scroll","background-type":"","background-media":"","overlay-type":"","overlay-color":"","overlay-opacity":"","overlay-gradient":""},"mobile":{"background-color":"","background-image":"","background-repeat":"repeat","background-position":"center center","background-size":"auto","background-attachment":"scroll","background-type":"","background-media":"","overlay-type":"","overlay-color":"","overlay-opacity":"","overlay-gradient":""}},"ast-content-background-meta":{"desktop":{"background-color":"var(--ast-global-color-5)","background-image":"","background-repeat":"repeat","background-position":"center center","background-size":"auto","background-attachment":"scroll","background-type":"","background-media":"","overlay-type":"","overlay-color":"","overlay-opacity":"","overlay-gradient":""},"tablet":{"background-color":"var(--ast-global-color-5)","background-image":"","background-repeat":"repeat","background-position":"center center","background-size":"auto","background-attachment":"scroll","background-type":"","background-media":"","overlay-type":"","overlay-color":"","overlay-opacity":"","overlay-gradient":""},"mobile":{"background-color":"var(--ast-global-color-5)","background-image":"","background-repeat":"repeat","background-position":"center center","background-size":"auto","background-attachment":"scroll","background-type":"","background-media":"","overlay-type":"","overlay-color":"","overlay-opacity":"","overlay-gradient":""}},"footnotes":""},"categories":[66,29],"tags":[376,87,356,172,346,416],"class_list":["post-8726","post","type-post","status-publish","format-standard","has-post-thumbnail","hentry","category-dinamitzacio","category-portada","tag-curs-18-19","tag-dansa","tag-dinamitzacio","tag-educacio-primaria","tag-festa-major","tag-musica"],"post_mailing_queue_ids":[],"_links":{"self":[{"href":"https:\/\/serveiseducatius.xtec.cat\/sarria-santgervasi\/wp-json\/wp\/v2\/posts\/8726","targetHints":{"allow":["GET"]}}],"collection":[{"href":"https:\/\/serveiseducatius.xtec.cat\/sarria-santgervasi\/wp-json\/wp\/v2\/posts"}],"about":[{"href":"https:\/\/serveiseducatius.xtec.cat\/sarria-santgervasi\/wp-json\/wp\/v2\/types\/post"}],"author":[{"embeddable":true,"href":"https:\/\/serveiseducatius.xtec.cat\/sarria-santgervasi\/wp-json\/wp\/v2\/users\/4"}],"replies":[{"embeddable":true,"href":"https:\/\/serveiseducatius.xtec.cat\/sarria-santgervasi\/wp-json\/wp\/v2\/comments?post=8726"}],"version-history":[{"count":3,"href":"https:\/\/serveiseducatius.xtec.cat\/sarria-santgervasi\/wp-json\/wp\/v2\/posts\/8726\/revisions"}],"predecessor-version":[{"id":9242,"href":"https:\/\/serveiseducatius.xtec.cat\/sarria-santgervasi\/wp-json\/wp\/v2\/posts\/8726\/revisions\/9242"}],"wp:featuredmedia":[{"embeddable":true,"href":"https:\/\/serveiseducatius.xtec.cat\/sarria-santgervasi\/wp-json\/wp\/v2\/media\/9240"}],"wp:attachment":[{"href":"https:\/\/serveiseducatius.xtec.cat\/sarria-santgervasi\/wp-json\/wp\/v2\/media?parent=8726"}],"wp:term":[{"taxonomy":"category","embeddable":true,"href":"https:\/\/serveiseducatius.xtec.cat\/sarria-santgervasi\/wp-json\/wp\/v2\/categories?post=8726"},{"taxonomy":"post_tag","embeddable":true,"href":"https:\/\/serveiseducatius.xtec.cat\/sarria-santgervasi\/wp-json\/wp\/v2\/tags?post=8726"}],"curies":[{"name":"wp","href":"https:\/\/api.w.org\/{rel}","templated":true}]}}